{"id":21266,"date":"2026-01-21T17:26:08","date_gmt":"2026-01-21T17:26:08","guid":{"rendered":"https:\/\/swiat24.pl.ua\/?p=21266"},"modified":"2026-01-21T17:26:08","modified_gmt":"2026-01-21T17:26:08","slug":"pilny-komunikat-holowni-wszystko-stalo-sie-jasne","status":"publish","type":"post","link":"https:\/\/swiat24.pl.ua\/?p=21266","title":{"rendered":"Pilny komunikat Ho\u0142owni. Wszystko sta\u0142o si\u0119 jasne"},"content":{"rendered":"\n<p>Polska 2050 znalaz\u0142a si\u0119 w centrum intensywnych wewn\u0119trznych dyskusji na temat przysz\u0142ego kierownictwa partii. <\/p>\n\n\n\n<p>W procesie wyborczym na przewodnicz\u0105c\u0105 ugrupowania uniewa\u017cniono drug\u0105 tur\u0119, a dwie g\u0142\u00f3wne kandydatki \u2013 Katarzyna Pe\u0142czy\u0144ska-Na\u0142\u0119cz oraz Paulina Hennig-Kloska \u2013 odegra\u0142y kluczow\u0105 rol\u0119 w tej sytuacji.<\/p>\n\n\n\n<p>Zgodnie z informacjami \u201eWiadomo\u015bci WP\u201d, Pe\u0142czy\u0144ska-Na\u0142\u0119cz zaproponowa\u0142a, by o wznowieniu procedury wyborczej \u2013 w tym jej zasadach i terminie \u2013 zdecydowa\u0142 Zjazd Krajowy partii. Propozycj\u0119 t\u0119 przedstawiono wsp\u00f3lnie z Hennig-Klosk\u0105 w li\u015bcie, do kt\u00f3rego dotar\u0142a redakcja. Pose\u0142 Polski 2050 Pawe\u0142 \u015aliz potwierdzi\u0142 w Polskim Radiu wystosowanie takiego pisma.<\/p>\n\n\n\n<figure class=\"wp-block-image\"><img decoding=\"async\" src=\"https:\/\/bystragrazyna.pl\/wp-content\/uploads\/2026\/01\/2681.jpg\" alt=\"obrazek\"\/><\/figure>\n\n\n\n<h2 class=\"wp-block-heading\">Ho\u0142ownia zabiera g\u0142os \u2013 jednoznaczny komunikat lidera Polski 2050<\/h2>\n\n\n\n<p>W poniedzia\u0142ek Szymon Ho\u0142ownia skierowa\u0142 wa\u017cny komunikat do cz\u0142onk\u00f3w Rady Krajowej, odnosz\u0105c si\u0119 do wewn\u0119trznych napi\u0119\u0107 i roli kandydatek w kryzysie. Lider Polski 2050 podkre\u015bli\u0142, \u017ce ich decyzje sk\u0142aniaj\u0105 go do przekazania im pe\u0142nej odpowiedzialno\u015bci za przysz\u0142o\u015b\u0107 ugrupowania.<\/p>\n\n\n\n<blockquote class=\"wp-block-quote is-layout-flow wp-block-quote-is-layout-flow\">\n<p>Przekaza\u0142em dzi\u015b cz\u0142onkom Rady Krajowej w serdecznej wiadomo\u015bci, \u017ce decyzje Kandydatek walcz\u0105cych o fotel Przewodnicz\u0105cej sk\u0142aniaj\u0105 mnie do oddania w ich r\u0119ce pe\u0142nej odpowiedzialno\u015bci za kolejne decyzje dotycz\u0105ce partii \u2013 napisa\u0142 Ho\u0142ownia na platformie X.<\/p>\n<\/blockquote>\n\n\n\n<p>Ho\u0142ownia wyrazi\u0142 gotowo\u015b\u0107 do przekazania kompetencji decyzyjnych osobom zaanga\u017cowanym w proces wyborczy, co mo\u017ce sygnalizowa\u0107 jego wycofanie si\u0119 z aktywnego kierowania parti\u0105. Poinformowa\u0142 te\u017c, \u017ce nad nowym harmonogramem wybor\u00f3w debatowa\u0107 b\u0119dzie Rada Krajowa. Komentatorzy odczytuj\u0105 te s\u0142owa jako krok ku ust\u0105pieniu i umo\u017cliwieniu kandydatkom samodzielnego dzia\u0142ania.<\/p>\n\n\n\n<p>Komunikat pojawi\u0142 si\u0119 tu\u017c przed wznowieniem obrad Rady Krajowej, co sugeruje ch\u0119\u0107 Ho\u0142owni do jasnego zasygnalizowania stanowiska przed oficjalnymi decyzjami.<\/p>\n\n\n\n<blockquote class=\"wp-block-quote is-layout-flow wp-block-quote-is-layout-flow\">\n<p>Fundamentem mojego my\u015blenia jest, i zawsze by\u0142a, sp\u00f3jno\u015b\u0107 Koalicji 15 pa\u017adziernika oraz sta\u0142o\u015b\u0107 i trwa\u0142o\u015b\u0107 Klubu Parlamentarnego. Tak wiele przecie\u017c mamy jeszcze razem do zrobienia \u2013 podkre\u015bli\u0142 szef Polski 2050.<\/p>\n<\/blockquote>\n\n\n\n<h2 class=\"wp-block-heading\">Wznowienie obrad Rady Krajowej \u2013 kluczowy moment dla partii<\/h2>\n\n\n\n<p>Obrady Rady Krajowej, przerwane w pi\u0105tek p\u00f3\u017anym wieczorem, wznowiono w poniedzia\u0142ek o godzinie 18:00 w trybie zdalnym. Planowano om\u00f3wi\u0107 dalsze dzia\u0142ania po uniewa\u017cnionych wyborach oraz ustali\u0107 nowy harmonogram.<\/p>\n\n\n\n<p>Decyzje z tego spotkania mog\u0105 zdecydowa\u0107 o przysz\u0142o\u015bci Polski 2050 \u2013 zar\u00f3wno o wyborze nowego przewodnicz\u0105cego, jak i strategii partii. To moment, kt\u00f3ry zawa\u017cy na jej dalszym kierunku.<\/p>\n","protected":false},"excerpt":{"rendered":"Polska 2050 znalaz\u0142a si\u0119 w centrum intensywnych wewn\u0119trznych dyskusji na temat przysz\u0142ego kierownictwa partii. W procesie wyborczym na przewodnicz\u0105c\u0105 ugrupowania uniewa\u017cniono drug\u0105 tur\u0119, \n<a class=\"moretag\" href=\"https:\/\/swiat24.pl.ua\/?p=21266\"> [...]<\/a>","protected":false},"author":1,"featured_media":21267,"comment_status":"open","ping_status":"open","sticky":false,"template":"","format":"standard","meta":{"footnotes":""},"categories":[1],"tags":[],"class_list":["post-21266","post","type-post","status-publish","format-standard","has-post-thumbnail","hentry","category-blog"],"_links":{"self":[{"href":"https:\/\/swiat24.pl.ua\/index.php?rest_route=\/wp\/v2\/posts\/21266","targetHints":{"allow":["GET"]}}],"collection":[{"href":"https:\/\/swiat24.pl.ua\/index.php?rest_route=\/wp\/v2\/posts"}],"about":[{"href":"https:\/\/swiat24.pl.ua\/index.php?rest_route=\/wp\/v2\/types\/post"}],"author":[{"embeddable":true,"href":"https:\/\/swiat24.pl.ua\/index.php?rest_route=\/wp\/v2\/users\/1"}],"replies":[{"embeddable":true,"href":"https:\/\/swiat24.pl.ua\/index.php?rest_route=%2Fwp%2Fv2%2Fcomments&post=21266"}],"version-history":[{"count":1,"href":"https:\/\/swiat24.pl.ua\/index.php?rest_route=\/wp\/v2\/posts\/21266\/revisions"}],"predecessor-version":[{"id":21268,"href":"https:\/\/swiat24.pl.ua\/index.php?rest_route=\/wp\/v2\/posts\/21266\/revisions\/21268"}],"wp:featuredmedia":[{"embeddable":true,"href":"https:\/\/swiat24.pl.ua\/index.php?rest_route=\/wp\/v2\/media\/21267"}],"wp:attachment":[{"href":"https:\/\/swiat24.pl.ua\/index.php?rest_route=%2Fwp%2Fv2%2Fmedia&parent=21266"}],"wp:term":[{"taxonomy":"category","embeddable":true,"href":"https:\/\/swiat24.pl.ua\/index.php?rest_route=%2Fwp%2Fv2%2Fcategories&post=21266"},{"taxonomy":"post_tag","embeddable":true,"href":"https:\/\/swiat24.pl.ua\/index.php?rest_route=%2Fwp%2Fv2%2Ftags&post=21266"}],"curies":[{"name":"wp","href":"https:\/\/api.w.org\/{rel}","templated":true}]}}