{"id":21181,"date":"2026-01-20T12:57:34","date_gmt":"2026-01-20T12:57:34","guid":{"rendered":"https:\/\/swiat24.pl.ua\/?p=21181"},"modified":"2026-01-20T12:57:34","modified_gmt":"2026-01-20T12:57:34","slug":"milcz-juz-lukaszenka-krytykuje-karola-nawrockiego-za-rozmowy-z-duchem-pilsudskiego-2","status":"publish","type":"post","link":"https:\/\/swiat24.pl.ua\/?p=21181","title":{"rendered":"\u201eMilcz ju\u017c\u201d. \u0141ukaszenka krytykuje Karola Nawrockiego za rozmowy z duchem Pi\u0142sudskiego"},"content":{"rendered":"\n<p>Bia\u0142oruski przyw\u00f3dca,\u00a0<strong>Alaksandr \u0141ukaszenka<\/strong>, wypowiedzia\u0142 si\u0119 krytycznie wobec\u00a0<strong>Karola Nawrockiego<\/strong>\u00a0po jego deklaracji o rozmowach z \u201educhem marsza\u0142ka J\u00f3zefa Pi\u0142sudskiego\u201d w Belwederze. <\/p>\n\n\n\n<p>Wed\u0142ug informacji podanej przez\u00a0<strong>Bia\u0142orusk\u0105 Agencj\u0119 Telegraficzn\u0105<\/strong>, \u0141ukaszenka okre\u015bli\u0142 te wypowiedzi jako \u201eg\u0142upoty\u201d.<\/p>\n\n\n\n<p>Dyktator stwierdzi\u0142, \u017ce Nawrocki jakby \u201e\u015bpi i widzi tego ducha\u201d albo wr\u0119cz \u201eogarnia go ten duch\u201d. <\/p>\n\n\n\n<p>Zwrot \u201eMilcz ju\u017c\u201d skierowa\u0142 r\u00f3wnie\u017c bezpo\u015brednio do polskiego prezydenta, sugeruj\u0105c, \u017ce zamiast snu\u0107 takie wizje, powinien zamilkn\u0105\u0107. \u0141ukaszenka doda\u0142 przy tym, \u017ce to ich sprawa i \u017ce to po prostu \u201etacy ludzie\u201d.<\/p>\n\n\n\n<figure class=\"wp-block-image\"><img decoding=\"async\" src=\"https:\/\/www.bystragrazyna.pl\/wp-content\/uploads\/2025\/10\/1882.jpg\" alt=\"\" class=\"wp-image-23790\"\/><\/figure>\n\n\n\n<h2 class=\"wp-block-heading\">Co powiedzia\u0142 Karol Nawrocki?<\/h2>\n\n\n\n<p>Pod koniec wrze\u015bnia, w wywiadzie dla Radia ZET z Bogdanem Rymanowskim,&nbsp;<strong>Karol Nawrocki<\/strong>&nbsp;przyzna\u0142, \u017ce w Belwederze niemal codziennie prowadzi rozmowy z \u201educhem marsza\u0142ka Pi\u0142sudskiego\u201d. Prezydent podkre\u015bli\u0142, \u017ce dotyczy to wielu temat\u00f3w, od historycznych, takich jak wojna polsko-bolszewicka z 1920 roku, po aktualn\u0105 sytuacj\u0119 mi\u0119dzynarodow\u0105, zw\u0142aszcza po agresji Rosji na Ukrain\u0119.<\/p>\n\n\n\n<h2 class=\"wp-block-heading\">Reakcja rosyjskiej rzeczniczki Maria Zacharowa kontra s\u0142owa Nawrockiego<\/h2>\n\n\n\n<p><strong>Maria Zacharowa<\/strong>, rzeczniczka rosyjskiego MSZ, r\u00f3wnie\u017c odnios\u0142a si\u0119 do s\u0142\u00f3w polskiego prezydenta. U\u017cy\u0142a bardzo ostrych sformu\u0142owa\u0144, twierdz\u0105c, \u017ce Nawrocki \u201eutrzymuje kontakt z demonami\u201d i powinna go cechowa\u0107 natychmiastowy zwrot ku Ko\u015bcio\u0142owi. Zacharowa nie szcz\u0119dzi\u0142a krytycznych s\u0142\u00f3w m\u00f3wi\u0105c, \u017ce tacy ludzie maj\u0105 \u015bmia\u0142o\u015b\u0107 krytykowa\u0107 prezydenta Bia\u0142orusi.<\/p>\n\n\n\n<h2 class=\"wp-block-heading\">\u0141ukaszenka o relacjach z USA i sukcesie dyplomatycznym<\/h2>\n\n\n\n<p>Podczas niedawnego spotkania dotycz\u0105cego globalnej sytuacji na arenie mi\u0119dzynarodowej,&nbsp;<strong>Alaksandr \u0141ukaszenka<\/strong>&nbsp;poruszy\u0142 tak\u017ce temat stosunk\u00f3w z&nbsp;<strong>USA<\/strong>. Dyktator wyrazi\u0142 gotowo\u015b\u0107 do udzia\u0142u w ewentualnych rozmowach i rozwi\u0105zaniach dotycz\u0105cych konfliktu na Ukrainie, podkre\u015blaj\u0105c, \u017ce je\u015bli Amerykanie widz\u0105 udzia\u0142 Bia\u0142orusi w tych procesach, kraj ten jest gotowy wsp\u00f3\u0142pracowa\u0107.<\/p>\n\n\n\n<p>\u0141ukaszenka zaznaczy\u0142, \u017ce b\u0119d\u0105 czeka\u0107 na \u201eglobalne propozycje, wielk\u0105 umow\u0119\u201d, kt\u00f3r\u0105 Amerykanie dawniej proponowali i kt\u00f3rej zasady by\u0142y sprawiedliwe, bior\u0105c pod uwag\u0119 tak\u017ce interesy Bia\u0142orusi.<\/p>\n\n\n\n<h2 class=\"wp-block-heading\">Polityczne t\u0142o wypowiedzi i ich znaczenie<\/h2>\n\n\n\n<p>Wypowiedzi&nbsp;<strong>Karola Nawrockiego<\/strong>&nbsp;o kontakcie z duchem Pi\u0142sudskiego wywo\u0142a\u0142y burz\u0119 zar\u00f3wno na arenie politycznej, jak i dyplomatycznej. Zar\u00f3wno \u0141ukaszenka, jak i przedstawiciele rosyjskiego rz\u0105du odrzucaj\u0105 tego typu deklaracje jako nieracjonalne i prowokacyjne. Dla \u0141ukaszenki to r\u00f3wnie\u017c sygna\u0142 o polskich ambicjach i wp\u0142ywach w regionie, zw\u0142aszcza je\u015bli chodzi o Bia\u0142oru\u015b i Ukrain\u0119.<\/p>\n\n\n\n<h2 class=\"wp-block-heading\">Co oznacza ta wymiana s\u0142\u00f3w dla relacji polsko-bia\u0142oruskich?<\/h2>\n\n\n\n<p>S\u0142owa \u0141ukaszenki odzwierciedlaj\u0105 napi\u0119cia, kt\u00f3re trwaj\u0105 ju\u017c od kilku lat mi\u0119dzy Polsk\u0105 a Bia\u0142orusi\u0105. Krytyka wypowiedzi polskiego prezydenta oraz reakcje rosyjskie wskazuj\u0105 na pog\u0142\u0119biaj\u0105ce si\u0119 antagonizmy i brak dialogu. Dla polskiej dyplomacji s\u0142owa Nawrockiego by\u0142y symbolicznym odwo\u0142aniem do dziedzictwa historycznego i walk o niepodleg\u0142o\u015b\u0107, natomiast dla w\u0142adz bia\u0142oruskich i rosyjskich to prowokacja, kt\u00f3ra utrudnia negocjacje i budowanie porozumienia.<\/p>\n\n\n\n<p>\u0179r\u00f3d\u0142o: Radio ZET<\/p>\n","protected":false},"excerpt":{"rendered":"Bia\u0142oruski przyw\u00f3dca,\u00a0Alaksandr \u0141ukaszenka, wypowiedzia\u0142 si\u0119 krytycznie wobec\u00a0Karola Nawrockiego\u00a0po jego deklaracji o rozmowach z \u201educhem marsza\u0142ka J\u00f3zefa Pi\u0142sudskiego\u201d w Belwederze. Wed\u0142ug informacji podanej przez\u00a0Bia\u0142orusk\u0105 \n<a class=\"moretag\" href=\"https:\/\/swiat24.pl.ua\/?p=21181\"> [...]<\/a>","protected":false},"author":1,"featured_media":21182,"comment_status":"open","ping_status":"open","sticky":false,"template":"","format":"standard","meta":{"footnotes":""},"categories":[1],"tags":[],"class_list":["post-21181","post","type-post","status-publish","format-standard","has-post-thumbnail","hentry","category-blog"],"_links":{"self":[{"href":"https:\/\/swiat24.pl.ua\/index.php?rest_route=\/wp\/v2\/posts\/21181","targetHints":{"allow":["GET"]}}],"collection":[{"href":"https:\/\/swiat24.pl.ua\/index.php?rest_route=\/wp\/v2\/posts"}],"about":[{"href":"https:\/\/swiat24.pl.ua\/index.php?rest_route=\/wp\/v2\/types\/post"}],"author":[{"embeddable":true,"href":"https:\/\/swiat24.pl.ua\/index.php?rest_route=\/wp\/v2\/users\/1"}],"replies":[{"embeddable":true,"href":"https:\/\/swiat24.pl.ua\/index.php?rest_route=%2Fwp%2Fv2%2Fcomments&post=21181"}],"version-history":[{"count":1,"href":"https:\/\/swiat24.pl.ua\/index.php?rest_route=\/wp\/v2\/posts\/21181\/revisions"}],"predecessor-version":[{"id":21183,"href":"https:\/\/swiat24.pl.ua\/index.php?rest_route=\/wp\/v2\/posts\/21181\/revisions\/21183"}],"wp:featuredmedia":[{"embeddable":true,"href":"https:\/\/swiat24.pl.ua\/index.php?rest_route=\/wp\/v2\/media\/21182"}],"wp:attachment":[{"href":"https:\/\/swiat24.pl.ua\/index.php?rest_route=%2Fwp%2Fv2%2Fmedia&parent=21181"}],"wp:term":[{"taxonomy":"category","embeddable":true,"href":"https:\/\/swiat24.pl.ua\/index.php?rest_route=%2Fwp%2Fv2%2Fcategories&post=21181"},{"taxonomy":"post_tag","embeddable":true,"href":"https:\/\/swiat24.pl.ua\/index.php?rest_route=%2Fwp%2Fv2%2Ftags&post=21181"}],"curies":[{"name":"wp","href":"https:\/\/api.w.org\/{rel}","templated":true}]}}