{"id":21139,"date":"2026-01-19T12:22:23","date_gmt":"2026-01-19T12:22:23","guid":{"rendered":"https:\/\/swiat24.pl.ua\/?p=21139"},"modified":"2026-01-19T12:22:23","modified_gmt":"2026-01-19T12:22:23","slug":"tragedia-o-poranku-nie-zyje-mlody-kierowca-na-ratunek-bylo-juz-za-pozno-2","status":"publish","type":"post","link":"https:\/\/swiat24.pl.ua\/?p=21139","title":{"rendered":"Tragedia o poranku, nie \u017cyje m\u0142ody kierowca. Na ratunek by\u0142o ju\u017c za p\u00f3\u017ano"},"content":{"rendered":"\n<p>Tragiczne doniesienia nap\u0142ywaj\u0105 z jednej z polskich tras. O poranku dosz\u0142o tam do dramatycznego wypadku drogowego, w kt\u00f3rym powa\u017cne obra\u017cenia odni\u00f3s\u0142 jeden z kierowc\u00f3w.<\/p>\n\n\n\n<p>Niestety, mimo b\u0142yskawicznej reakcji s\u0142u\u017cb, \u017cycia m\u0119\u017cczyzny nie uda\u0142o si\u0119 uratowa\u0107. Droga by\u0142a zablokowana przez kilka godzin. S\u0142u\u017cby ujawni\u0142y druzgoc\u0105ce fakty.<\/p>\n\n\n\n<p>Tragedia na polskiej trasie. Nie \u017cyje m\u0142ody kierowca<br>Do tragicznego w skutkach wypadku drogowego dosz\u0142o w sobot\u0119 (30 listopada) na drodze krajowej nr 67 w pobli\u017cu miejscowo\u015bci Borek (powiat lipnowski). <\/p>\n\n\n\n<p>Oko\u0142o godziny 6.41 s\u0142u\u017cby otrzyma\u0142y informacj\u0119 o zderzeniu dw\u00f3ch pojazd\u00f3w. Droga na miejscu zdarzenia by\u0142a ca\u0142kowicie zablokowana przez kilka godzin, wyznaczono objazdy.\u00a0<\/p>\n\n\n\n<p>Zderzenie samochodu i ci\u0119\u017car\u00f3wki, nie \u017cyje kierowca<br>W sobot\u0119 w okolicy miejscowo\u015bci Borek dosz\u0142o do czo\u0142owego zderzenia samochodu osobowego z pojazdem ci\u0119\u017carowym. Niestety, s\u0142u\u017cbom nie uda\u0142o si\u0119 w por\u0119 pom\u00f3c jednemu z kierowc\u00f3w. Policjanci poinformowali o wst\u0119pnych ustaleniach w sprawie tragicznego zdarzenia.&nbsp;<\/p>\n\n\n\n<p>Nie \u017cyje 32-latek<br>Na miejscu tragicznego zdarzenia pracowa\u0142y r\u00f3wnie\u017c trzy zast\u0119py stra\u017cy po\u017carnej. Policjanci wyja\u015bniaj\u0105 teraz szczeg\u00f3\u0142owe okoliczno\u015bci wypadku. Wst\u0119pnie ustalili, \u017ce 32-letni kierowca volkswagena podr\u00f3\u017cowa\u0142 w kierunku Lipna. W pewnym momencie zjecha\u0142 na przeciwny pas ruchu, gdzie dosz\u0142o do zderzenia z ci\u0119\u017car\u00f3wk\u0105. Mieszkaniec W\u0142oc\u0142awka zgin\u0105\u0142 na miejscu.<\/p>\n\n\n\n<p>Jak podaje Gazeta Pomorska, pojazdem ci\u0119\u017carowym podr\u00f3\u017cowa\u0142y dwie osoby. Kieruj\u0105cy nim 37-latek z powiatu lipnowskiego by\u0142 trze\u017awy. Zar\u00f3wno on, jak i jego pasa\u017cer, nie odnie\u015bli \u017cadnych obra\u017ce\u0144.<\/p>\n","protected":false},"excerpt":{"rendered":"Tragiczne doniesienia nap\u0142ywaj\u0105 z jednej z polskich tras. O poranku dosz\u0142o tam do dramatycznego wypadku drogowego, w kt\u00f3rym powa\u017cne obra\u017cenia odni\u00f3s\u0142 jeden z \n<a class=\"moretag\" href=\"https:\/\/swiat24.pl.ua\/?p=21139\"> [...]<\/a>","protected":false},"author":1,"featured_media":21140,"comment_status":"open","ping_status":"open","sticky":false,"template":"","format":"standard","meta":{"footnotes":""},"categories":[1],"tags":[],"class_list":["post-21139","post","type-post","status-publish","format-standard","has-post-thumbnail","hentry","category-blog"],"_links":{"self":[{"href":"https:\/\/swiat24.pl.ua\/index.php?rest_route=\/wp\/v2\/posts\/21139","targetHints":{"allow":["GET"]}}],"collection":[{"href":"https:\/\/swiat24.pl.ua\/index.php?rest_route=\/wp\/v2\/posts"}],"about":[{"href":"https:\/\/swiat24.pl.ua\/index.php?rest_route=\/wp\/v2\/types\/post"}],"author":[{"embeddable":true,"href":"https:\/\/swiat24.pl.ua\/index.php?rest_route=\/wp\/v2\/users\/1"}],"replies":[{"embeddable":true,"href":"https:\/\/swiat24.pl.ua\/index.php?rest_route=%2Fwp%2Fv2%2Fcomments&post=21139"}],"version-history":[{"count":1,"href":"https:\/\/swiat24.pl.ua\/index.php?rest_route=\/wp\/v2\/posts\/21139\/revisions"}],"predecessor-version":[{"id":21141,"href":"https:\/\/swiat24.pl.ua\/index.php?rest_route=\/wp\/v2\/posts\/21139\/revisions\/21141"}],"wp:featuredmedia":[{"embeddable":true,"href":"https:\/\/swiat24.pl.ua\/index.php?rest_route=\/wp\/v2\/media\/21140"}],"wp:attachment":[{"href":"https:\/\/swiat24.pl.ua\/index.php?rest_route=%2Fwp%2Fv2%2Fmedia&parent=21139"}],"wp:term":[{"taxonomy":"category","embeddable":true,"href":"https:\/\/swiat24.pl.ua\/index.php?rest_route=%2Fwp%2Fv2%2Fcategories&post=21139"},{"taxonomy":"post_tag","embeddable":true,"href":"https:\/\/swiat24.pl.ua\/index.php?rest_route=%2Fwp%2Fv2%2Ftags&post=21139"}],"curies":[{"name":"wp","href":"https:\/\/api.w.org\/{rel}","templated":true}]}}