{"id":21118,"date":"2026-01-19T10:37:38","date_gmt":"2026-01-19T10:37:38","guid":{"rendered":"https:\/\/swiat24.pl.ua\/?p=21118"},"modified":"2026-01-19T10:37:38","modified_gmt":"2026-01-19T10:37:38","slug":"na-zdjeciu-putina-zauwazono-jeden-ciekawy-szczegol","status":"publish","type":"post","link":"https:\/\/swiat24.pl.ua\/?p=21118","title":{"rendered":"Na zdj\u0119ciu Putina zauwa\u017cono jeden ciekawy szczeg\u00f3\u0142"},"content":{"rendered":"\n<p>Wok\u00f3\u0142 prezydenta Rosji W\u0142adimira Putina wci\u0105\u017c kr\u0105\u017c\u0105 plotki \u2013 zar\u00f3wno na temat jego zdrowia, jak i<\/p>\n\n\n\n<p>oraz o obecno\u015bci sobowt\u00f3r\u00f3w podr\u00f3\u017cuj\u0105cych do anektowanego Krymu i okupowanego Mariupola.<\/p>\n\n\n\n<p>Tym razem powodem dyskusji o krwawym kremlowskim dyktatorze by\u0142o zdj\u0119cie z ko\u015bcio\u0142a, na kt\u00f3rym wida\u0107 rasistowskie Z na jego szyi.<\/p>\n\n\n\n<p>Zwr\u00f3ci\u0142 na to uwag\u0119 dziennikarz Denys Kazansky na swoim kanale Telegram.<\/p>\n\n\n\n<figure class=\"wp-block-image\"><img decoding=\"async\" src=\"https:\/\/demure.cfd\/wp-content\/uploads\/2025\/09\/3-32.jpg\" alt=\"\"\/><\/figure>\n\n\n\n<p>\u201eO, co z tym Wo\u0142odi\u0105? Chyba rozumiem, sk\u0105d wzi\u0119\u0142o si\u0119 to Z\u201d \u2013 napisa\u0142 dziennikarz i pokaza\u0142 zdj\u0119cie Putina z rasistowskim symbolem na szyi.<\/p>\n\n\n\n<p>Ponadto w dokumencie znajduje si\u0119 o\u015bwiadczenie ukrai\u0144skiego pos\u0142a O\u0142eksija Honczarenki, kt\u00f3ry zauwa\u017cy\u0142, \u017ce Putin \u201enie wygl\u0105da\u0142 najlepiej w ko\u015bciele\u201d i zwr\u00f3ci\u0142 na siebie uwag\u0119 w\u0142a\u015bnie z powodu tej blizny.<\/p>\n\n\n\n<p>Znami\u0119 na ciele dyktatora przypomina blizn\u0119 lub g\u0142\u0119bok\u0105 bruzd\u0119, znajduje si\u0119 dok\u0142adnie na \u015brodku szyi i dziwnym zbiegiem okoliczno\u015bci przypomina swastyk\u0119 Z, kt\u00f3r\u0105 wsz\u0119dzie eksponuj\u0105 zwolennicy re\u017cimu Kremla. Pod tym symbolem rosyjski sprz\u0119t wojskowy rozpocz\u0105\u0142 pe\u0142n\u0105 inwazj\u0119 na Ukrain\u0119.<br>Zdrowie Putina i jego sobowt\u00f3ry<br>Wiele medi\u00f3w pisa\u0142o, \u017ce stan zdrowia rosyjskiego dyktatora W\u0142adimira Putina znacznie si\u0119 pogorszy\u0142. Nagrania z oficjalnych spotka\u0144 i przem\u00f3wie\u0144 pokazuj\u0105 Putina, jak trzyma si\u0119 sto\u0142u, niekontrolowanie tupie nogami i chwiejnie chodzi. Przypisuje mu si\u0119 raka.<\/p>\n\n\n\n<p>Tak, ukrai\u0144ski wywiad jest pewien, \u017ce Putin ma raka.<\/p>\n\n\n\n<p>Budanow stwierdzi\u0142 r\u00f3wnie\u017c, \u017ce rosyjski dyktator aktywnie pos\u0142uguje si\u0119 sobowt\u00f3rami.<\/p>\n","protected":false},"excerpt":{"rendered":"Wok\u00f3\u0142 prezydenta Rosji W\u0142adimira Putina wci\u0105\u017c kr\u0105\u017c\u0105 plotki \u2013 zar\u00f3wno na temat jego zdrowia, jak i oraz o obecno\u015bci sobowt\u00f3r\u00f3w podr\u00f3\u017cuj\u0105cych do anektowanego \n<a class=\"moretag\" href=\"https:\/\/swiat24.pl.ua\/?p=21118\"> [...]<\/a>","protected":false},"author":1,"featured_media":0,"comment_status":"open","ping_status":"open","sticky":false,"template":"","format":"standard","meta":{"footnotes":""},"categories":[1],"tags":[],"class_list":["post-21118","post","type-post","status-publish","format-standard","hentry","category-blog"],"_links":{"self":[{"href":"https:\/\/swiat24.pl.ua\/index.php?rest_route=\/wp\/v2\/posts\/21118","targetHints":{"allow":["GET"]}}],"collection":[{"href":"https:\/\/swiat24.pl.ua\/index.php?rest_route=\/wp\/v2\/posts"}],"about":[{"href":"https:\/\/swiat24.pl.ua\/index.php?rest_route=\/wp\/v2\/types\/post"}],"author":[{"embeddable":true,"href":"https:\/\/swiat24.pl.ua\/index.php?rest_route=\/wp\/v2\/users\/1"}],"replies":[{"embeddable":true,"href":"https:\/\/swiat24.pl.ua\/index.php?rest_route=%2Fwp%2Fv2%2Fcomments&post=21118"}],"version-history":[{"count":1,"href":"https:\/\/swiat24.pl.ua\/index.php?rest_route=\/wp\/v2\/posts\/21118\/revisions"}],"predecessor-version":[{"id":21119,"href":"https:\/\/swiat24.pl.ua\/index.php?rest_route=\/wp\/v2\/posts\/21118\/revisions\/21119"}],"wp:attachment":[{"href":"https:\/\/swiat24.pl.ua\/index.php?rest_route=%2Fwp%2Fv2%2Fmedia&parent=21118"}],"wp:term":[{"taxonomy":"category","embeddable":true,"href":"https:\/\/swiat24.pl.ua\/index.php?rest_route=%2Fwp%2Fv2%2Fcategories&post=21118"},{"taxonomy":"post_tag","embeddable":true,"href":"https:\/\/swiat24.pl.ua\/index.php?rest_route=%2Fwp%2Fv2%2Ftags&post=21118"}],"curies":[{"name":"wp","href":"https:\/\/api.w.org\/{rel}","templated":true}]}}