{"id":21089,"date":"2026-01-18T12:31:42","date_gmt":"2026-01-18T12:31:42","guid":{"rendered":"https:\/\/swiat24.pl.ua\/?p=21089"},"modified":"2026-01-18T12:31:42","modified_gmt":"2026-01-18T12:31:42","slug":"nie-zyje-malenki-synek-polityka-po-mial-tylko-dziewiec-miesiecy-4","status":"publish","type":"post","link":"https:\/\/swiat24.pl.ua\/?p=21089","title":{"rendered":"Nie \u017cyje male\u0144ki synek polityka PO. Mia\u0142 tylko dziewi\u0119\u0107 miesi\u0119cy"},"content":{"rendered":"\n<p>Krakowski radny Tomasz Daros przekaza\u0142 w mediach spo\u0142eczno\u015bciowych tragiczn\u0105 wiadomo\u015b\u0107. Dzia\u0142acz Platformy Obywatelskiej w\u0142a\u015bnie do\u015bwiadczy\u0142 straty swojego cierpi\u0105cego na miopati\u0119 dziecka. \u2013 Nasz ma\u0142y bohater zosta\u0142 zabrany po 9 miesi\u0105cach \u2013 poinformowa\u0142 polityk. Przy okazji zaapelowa\u0142 o wsparcie dla fundacji dzia\u0142aj\u0105cej na rzecz innych chorych.<\/p>\n\n\n\n<p>Nie \u017cyje synek polityka PO<br>To ju\u017c kolejne bardzo smutne wie\u015bci przekazywane przez polityk\u00f3w nale\u017c\u0105cych do Platformy Obywatelskiej. Na pocz\u0105tku miesi\u0105ca o stracie swojego nastoletniego syna Miko\u0142aja poinformowa\u0142a pos\u0142anka Magdalena Filiks, teraz z kolei z odej\u015bciem ukochanego dziecka musia\u0142 zmierzy\u0107 si\u0119 krakowski radny Tomasz Daros.<\/p>\n\n\n\n<p>Jak czytamy we wpisie zamieszczonym przez niego w mediach spo\u0142eczno\u015bciowych, dziewi\u0119ciomiesi\u0119czny Oliwierek od urodzenia zmaga\u0142 si\u0119 z miopati\u0105, rzadk\u0105 chorob\u0105 mi\u0119\u015bni. Walka z ni\u0105 by\u0142a niezwykle ci\u0119\u017cka, bowiem na przypad\u0142o\u015b\u0107 t\u0119 nie ma \u017cadnego leku.<\/p>\n\n\n\n<ul class=\"wp-block-list\">\n<li>Nie da si\u0119 uj\u0105\u0107 w s\u0142owa tego, \u017ce musimy po\u017cegna\u0107 si\u0119 z naszym ukochanym synkiem Oliwierkiem. Nasz ma\u0142y bohater zosta\u0142 zabrany po 9 miesi\u0105cach przez chorob\u0119, z kt\u00f3r\u0105 nie mieli\u015bmy szans walczy\u0107, bo nie ma na ni\u0105 leku ani terapii\u2026 \u2013 napisa\u0142 Tomasz Daros.<\/li>\n<\/ul>\n\n\n\n<p>Poruszaj\u0105cy wpis krakowskiego radnego<br>W swoim po\u015bcie Daros zaapelowa\u0142 tak\u017ce o wsparcie darowiznami fundacji \u201cOswoi\u0107 Miopati\u0119\u201d, opiekuj\u0105cej si\u0119 na co dzie\u0144 osobami cierpi\u0105cymi na miopati\u0119.<\/p>\n\n\n\n<ul class=\"wp-block-list\">\n<li>Oliwierek po 72 dniach, jakie sp\u0119dzi\u0142 od urodzenia w szpitalu, zosta\u0142 wreszcie przewieziony do swojego domu przez pogotowie, dzi\u0119ki temu, \u017ce zostali\u015bmy obj\u0119ci opiek\u0105 hospicjum domowego dla dzieci \u2013 poda\u0142, dzi\u0119kuj\u0105c przy tym za wsparcie hospicjum domowemu dla dzieci Alma Spei.<\/li>\n<\/ul>\n\n\n\n<p>Kim jest Tomasz Daros?<br>Tomasz Daros jest radnym miasta Krakowa, przewodnicz\u0105cym dzielnicy I Stare Miasto, cz\u0142onkiem stowarzyszenia Przyjaciele Dzielnicy, prawnikiem oraz wiceprzewodnicz\u0105cym klubu KO w radzie miejskiej.<\/p>\n\n\n\n<p>Dosta\u0142 si\u0119 do niej z listy wyborczej Komitetu Wyborczego Wyborc\u00f3w Jacka Majchrowskiego \u2013 Obywatelski Krak\u00f3w. W ostatnich wyborach otrzyma\u0142 prawie 1500 g\u0142os\u00f3w.<\/p>\n\n\n\n<p>\u0179r\u00f3d\u0142o: Facebook<\/p>\n","protected":false},"excerpt":{"rendered":"Krakowski radny Tomasz Daros przekaza\u0142 w mediach spo\u0142eczno\u015bciowych tragiczn\u0105 wiadomo\u015b\u0107. Dzia\u0142acz Platformy Obywatelskiej w\u0142a\u015bnie do\u015bwiadczy\u0142 straty swojego cierpi\u0105cego na miopati\u0119 dziecka. \u2013 Nasz \n<a class=\"moretag\" href=\"https:\/\/swiat24.pl.ua\/?p=21089\"> [...]<\/a>","protected":false},"author":1,"featured_media":21090,"comment_status":"open","ping_status":"open","sticky":false,"template":"","format":"standard","meta":{"footnotes":""},"categories":[1],"tags":[],"class_list":["post-21089","post","type-post","status-publish","format-standard","has-post-thumbnail","hentry","category-blog"],"_links":{"self":[{"href":"https:\/\/swiat24.pl.ua\/index.php?rest_route=\/wp\/v2\/posts\/21089","targetHints":{"allow":["GET"]}}],"collection":[{"href":"https:\/\/swiat24.pl.ua\/index.php?rest_route=\/wp\/v2\/posts"}],"about":[{"href":"https:\/\/swiat24.pl.ua\/index.php?rest_route=\/wp\/v2\/types\/post"}],"author":[{"embeddable":true,"href":"https:\/\/swiat24.pl.ua\/index.php?rest_route=\/wp\/v2\/users\/1"}],"replies":[{"embeddable":true,"href":"https:\/\/swiat24.pl.ua\/index.php?rest_route=%2Fwp%2Fv2%2Fcomments&post=21089"}],"version-history":[{"count":1,"href":"https:\/\/swiat24.pl.ua\/index.php?rest_route=\/wp\/v2\/posts\/21089\/revisions"}],"predecessor-version":[{"id":21091,"href":"https:\/\/swiat24.pl.ua\/index.php?rest_route=\/wp\/v2\/posts\/21089\/revisions\/21091"}],"wp:featuredmedia":[{"embeddable":true,"href":"https:\/\/swiat24.pl.ua\/index.php?rest_route=\/wp\/v2\/media\/21090"}],"wp:attachment":[{"href":"https:\/\/swiat24.pl.ua\/index.php?rest_route=%2Fwp%2Fv2%2Fmedia&parent=21089"}],"wp:term":[{"taxonomy":"category","embeddable":true,"href":"https:\/\/swiat24.pl.ua\/index.php?rest_route=%2Fwp%2Fv2%2Fcategories&post=21089"},{"taxonomy":"post_tag","embeddable":true,"href":"https:\/\/swiat24.pl.ua\/index.php?rest_route=%2Fwp%2Fv2%2Ftags&post=21089"}],"curies":[{"name":"wp","href":"https:\/\/api.w.org\/{rel}","templated":true}]}}