{"id":21034,"date":"2026-01-17T17:04:26","date_gmt":"2026-01-17T17:04:26","guid":{"rendered":"https:\/\/swiat24.pl.ua\/?p=21034"},"modified":"2026-01-17T17:04:26","modified_gmt":"2026-01-17T17:04:26","slug":"nie-zyje-zona-reprezentanta-polski-kobieta-byla-w-7-miesiacu-ciazy","status":"publish","type":"post","link":"https:\/\/swiat24.pl.ua\/?p=21034","title":{"rendered":"Nie \u017cyje \u017cona reprezentanta Polski. Kobieta by\u0142a w 7. miesi\u0105cu ci\u0105\u017cy"},"content":{"rendered":"\n<p>\u015awiat polskiego boksu wstrz\u0105sn\u0119\u0142a tragiczna wiadomo\u015b\u0107: \u017cona reprezentanta Polski zmar\u0142a w si\u00f3dmym miesi\u0105cu ci\u0105\u017cy. W dramatycznych okoliczno\u015bciach lekarzom uda\u0142o si\u0119 jednak uratowa\u0107 nienarodzon\u0105 c\u00f3reczk\u0119 sportowca.<\/p>\n\n\n\n<h2 class=\"wp-block-heading\">Tragiczna wiadomo\u015b\u0107 w polskim \u015bwiecie sportu<\/h2>\n\n\n\n<p>\u017bona 34-letniego Aleksieja Sewostjanowa, mistrza Polski w boksie olimpijskim, zmar\u0142a nagle w wyniku ataku serca. Bokser wczesnym rankiem zawi\u00f3z\u0142 partnerk\u0119 do szpitala, lecz kilka godzin p\u00f3\u017aniej potwierdzono jej zgon.<\/p>\n\n\n\n<h2 class=\"wp-block-heading\">Dramatyczne chwile w \u017cyciu Aleksieja Sewostjanowa<\/h2>\n\n\n\n<p>W 29. tygodniu ci\u0105\u017cy lekarze dokonali cudu, ratuj\u0105c \u017cycie wcze\u015bniaka. Dziewczynka wa\u017cy\u0142a zaledwie 1250 gram\u00f3w i natychmiast trafi\u0142a pod intensywn\u0105 opiek\u0119 medyczn\u0105. Otrzyma\u0142a imi\u0119 Sofia na cze\u015b\u0107 zmar\u0142ej mamy. Teraz priorytetem rodziny i personelu szpitalnego jest jej zdrowie i bezpiecze\u0144stwo.<\/p>\n\n\n\n<h2 class=\"wp-block-heading\">Nadzieja po\u015br\u00f3d tragedii<\/h2>\n\n\n\n<p>Utrata \u017cony to ogromny cios dla Aleksieja, ojca 12-letniej Aliny i nowo narodzonej Sofii. Bokser zmierzy si\u0119 z wyzwaniem samotnego wychowywania c\u00f3rek. \u015arodowisko sportowe natychmiast zareagowa\u0142o solidarno\u015bci\u0105, organizuj\u0105c zbi\u00f3rk\u0119 charytatywn\u0105 na wsparcie rodziny \u2013 zar\u00f3wno materialne, jak i emocjonalne.<\/p>\n\n\n\n<h2 class=\"wp-block-heading\">Ogromne wsparcie ze strony \u015brodowiska sportowego<\/h2>\n\n\n\n<p>\u017bycie Aleksieja zmieni\u0142o si\u0119 w jednej chwili. W mediach spo\u0142eczno\u015bciowych sportowcy, kibice i bliscy sk\u0142adaj\u0105 kondolencje, podkre\u015blaj\u0105c znaczenie solidarno\u015bci w przezwyci\u0119\u017caniu tragedii.<\/p>\n\n\n\n<p>Jedn\u0105 z kluczowych os\u00f3b nios\u0105cych pomoc jest bokserka Aleksandra Sidorenko, kt\u00f3ra trenowa\u0142a z Aleksiejem. Zorganizowa\u0142a zbi\u00f3rk\u0119 pieni\u0119\u017cn\u0105 i rzeczow\u0105, a sama we\u017amie udzia\u0142 w gali charytatywnej 12 marca w Warszawie, walcz\u0105c z mistrzyni\u0105 Europy Laur\u0105 Grzyb. Ca\u0142y doch\u00f3d z pojedynku trafi do rodziny Sewostjanowa.<\/p>\n\n\n\n<figure class=\"wp-block-image\"><img decoding=\"async\" src=\"https:\/\/bystragrazyna.pl\/wp-content\/uploads\/2026\/01\/2662.jpg\" alt=\"obrazek\"\/><\/figure>\n\n\n\n<blockquote class=\"wp-block-quote is-layout-flow wp-block-quote-is-layout-flow\">\n<p>Planowa\u0142am ko\u0144czy\u0107 karier\u0119 na ringu, ale chc\u0119 pom\u00f3c Aleksiejowi. Dlatego wyst\u0105pi\u0119 na gali charytatywnej. Wszystkie \u015brodki z mojej walki przeka\u017cemy jego rodzinie.<\/p>\n<\/blockquote>\n\n\n\n<p>Sidorenko podkre\u015bli\u0142a te\u017c znaczenie blisko\u015bci dla zdrowia Sofii:<\/p>\n\n\n\n<blockquote class=\"wp-block-quote is-layout-flow wp-block-quote-is-layout-flow\">\n<p>Teraz najwa\u017cniejsze jest, by cz\u0119sto trzyma\u0107 Sofi\u0119 na r\u0119kach, przytula\u0107 j\u0105 i m\u00f3wi\u0107 do niej \u2013 to kluczowe dla jej rozwoju fizycznego i emocjonalnego. Zbieramy fundusze na wsparcie ca\u0142ej rodziny. Aleksiej to dobry i skromny cz\u0142owiek, dlatego warto mu pom\u00f3c.<\/p>\n<\/blockquote>\n","protected":false},"excerpt":{"rendered":"\u015awiat polskiego boksu wstrz\u0105sn\u0119\u0142a tragiczna wiadomo\u015b\u0107: \u017cona reprezentanta Polski zmar\u0142a w si\u00f3dmym miesi\u0105cu ci\u0105\u017cy. W dramatycznych okoliczno\u015bciach lekarzom uda\u0142o si\u0119 jednak uratowa\u0107 nienarodzon\u0105 \n<a class=\"moretag\" href=\"https:\/\/swiat24.pl.ua\/?p=21034\"> [...]<\/a>","protected":false},"author":1,"featured_media":21035,"comment_status":"open","ping_status":"open","sticky":false,"template":"","format":"standard","meta":{"footnotes":""},"categories":[1],"tags":[],"class_list":["post-21034","post","type-post","status-publish","format-standard","has-post-thumbnail","hentry","category-blog"],"_links":{"self":[{"href":"https:\/\/swiat24.pl.ua\/index.php?rest_route=\/wp\/v2\/posts\/21034","targetHints":{"allow":["GET"]}}],"collection":[{"href":"https:\/\/swiat24.pl.ua\/index.php?rest_route=\/wp\/v2\/posts"}],"about":[{"href":"https:\/\/swiat24.pl.ua\/index.php?rest_route=\/wp\/v2\/types\/post"}],"author":[{"embeddable":true,"href":"https:\/\/swiat24.pl.ua\/index.php?rest_route=\/wp\/v2\/users\/1"}],"replies":[{"embeddable":true,"href":"https:\/\/swiat24.pl.ua\/index.php?rest_route=%2Fwp%2Fv2%2Fcomments&post=21034"}],"version-history":[{"count":1,"href":"https:\/\/swiat24.pl.ua\/index.php?rest_route=\/wp\/v2\/posts\/21034\/revisions"}],"predecessor-version":[{"id":21036,"href":"https:\/\/swiat24.pl.ua\/index.php?rest_route=\/wp\/v2\/posts\/21034\/revisions\/21036"}],"wp:featuredmedia":[{"embeddable":true,"href":"https:\/\/swiat24.pl.ua\/index.php?rest_route=\/wp\/v2\/media\/21035"}],"wp:attachment":[{"href":"https:\/\/swiat24.pl.ua\/index.php?rest_route=%2Fwp%2Fv2%2Fmedia&parent=21034"}],"wp:term":[{"taxonomy":"category","embeddable":true,"href":"https:\/\/swiat24.pl.ua\/index.php?rest_route=%2Fwp%2Fv2%2Fcategories&post=21034"},{"taxonomy":"post_tag","embeddable":true,"href":"https:\/\/swiat24.pl.ua\/index.php?rest_route=%2Fwp%2Fv2%2Ftags&post=21034"}],"curies":[{"name":"wp","href":"https:\/\/api.w.org\/{rel}","templated":true}]}}