{"id":21021,"date":"2026-01-17T12:47:37","date_gmt":"2026-01-17T12:47:37","guid":{"rendered":"https:\/\/swiat24.pl.ua\/?p=21021"},"modified":"2026-01-17T12:47:37","modified_gmt":"2026-01-17T12:47:37","slug":"tak-niemieckie-media-nazwaly-nawrockiego-zaskakujace-okreslenie-3","status":"publish","type":"post","link":"https:\/\/swiat24.pl.ua\/?p=21021","title":{"rendered":"Tak niemieckie media nazwa\u0142y Nawrockiego. Zaskakuj\u0105ce okre\u015blenie"},"content":{"rendered":"\n<p>Powr\u00f3t Donalda Trumpa do Bia\u0142ego Domu sta\u0142 si\u0119 wa\u017cnym punktem odniesienia nie tylko dla ameryka\u0144skich strateg\u00f3w, lecz tak\u017ce dla europejskich komentator\u00f3w.<\/p>\n\n\n\n<p> Z du\u017c\u0105 uwag\u0105 \u015bledz\u0105 oni prezydentur\u0119 zza Oceanu oraz wydarzenia w Polsce, dostrzegaj\u0105c podobie\u0144stwa i r\u00f3\u017cnice mi\u0119dzy Karolem Nawrockim a Donaldem Trumpem.<\/p>\n\n\n\n<h2 class=\"wp-block-heading\">Powr\u00f3t Donalda Trumpa a nowa perspektywa w europejskiej polityce<\/h2>\n\n\n\n<p>Powr\u00f3t Donalda Trumpa do Bia\u0142ego Domu sta\u0142 si\u0119 wa\u017cnym punktem odniesienia nie tylko dla ameryka\u0144skich strateg\u00f3w, ale r\u00f3wnie\u017c dla europejskich komentator\u00f3w. Z du\u017c\u0105 uwag\u0105 obserwuj\u0105 oni prezydentur\u0119 zza Oceanu oraz dzia\u0142ania nad Wis\u0142\u0105, zwracaj\u0105c uwag\u0119 na podobie\u0144stwa i r\u00f3\u017cnice mi\u0119dzy Karolem Nawrockim a Donaldem Trumpem.<\/p>\n\n\n\n<h2 class=\"wp-block-heading\">Nowe przyw\u00f3dztwo \u2014 emocje zamiast technokratycznego stylu<\/h2>\n\n\n\n<p>Wsp\u00f3\u0142czesna scena polityczna coraz rzadziej faworyzuje technokrat\u00f3w w eleganckich garniturach; cz\u0119\u015bciej zwraca si\u0119 ku liderom, kt\u00f3rzy wzbudzaj\u0105 silne emocje i dziel\u0105 spo\u0142ecze\u0144stwo prostymi podzia\u0142ami. Wygrana Donalda Trumpa w USA pokaza\u0142a, \u017ce sukces cz\u0119sto nie zale\u017cy od \u0142agodzenia spor\u00f3w, lecz od ich strategicznego wyostrzenia i budowania wizerunku bezkompromisowego obro\u0144cy tradycyjnych warto\u015bci.<\/p>\n\n\n\n<p>Ten model polityczny opiera si\u0119 na bezpo\u015brednim starciu z liberalnymi elitami i mediami g\u0142\u00f3wnego nurtu. Jak wskazuj\u0105 obserwatorzy, strategowie Prawa i Sprawiedliwo\u015bci w siedzibie przy ulicy Nowogrodzkiej bacznie analizuj\u0105 t\u0119 formu\u0142\u0119.<\/p>\n\n\n\n<figure class=\"wp-block-image\"><img decoding=\"async\" src=\"https:\/\/bystragrazyna.pl\/wp-content\/uploads\/2025\/12\/2469.jpg\" alt=\"obrazek\"\/><\/figure>\n\n\n\n<p>Po przegranych wyborach 15 pa\u017adziernika formacja Jaros\u0142awa Kaczy\u0144skiego poszukuje os\u00f3b, kt\u00f3re nie tylko zmobilizuj\u0105 \u017celazny elektorat, lecz tak\u017ce nadadz\u0105 now\u0105 dynamik\u0119 debacie publicznej, odsuwaj\u0105c Donalda Tuska na margines.<\/p>\n\n\n\n<h2 class=\"wp-block-heading\">Karol Nawrocki \u2014 cz\u0142owiek czynu z patriotycznym przes\u0142aniem<\/h2>\n\n\n\n<p>Karol Nawrocki, d\u0142ugo buduj\u0105cy swoj\u0105 rozpoznawalno\u015b\u0107 jako prezes IPN, konsekwentnie kreuje wizerunek lidera akcji, nie polityka gabinetowego. Jego wyst\u0105pienia, nasycone odniesieniami historycznymi i patriotycznym patosem, s\u0105 precyzyjnie zaplanowane, by wzbudza\u0107 silne emocje.<\/p>\n\n\n\n<p>Podobie\u0144stwa mi\u0119dzy Nawrockim a ameryka\u0144skim prezydentem-elektem nie ograniczaj\u0105 si\u0119 do retoryki. Zar\u00f3wno Trump, jak i Nawrocki czuj\u0105 si\u0119 outsiderami walcz\u0105cymi z \u201euk\u0142adem\u201d \u2014 dla Trumpa jest to \u201eDeep State\u201d, dla Nawrockiego to pozosta\u0142o\u015bci po systemie postkomunistycznym oraz zagraniczne wp\u0142ywy, kt\u00f3re wed\u0142ug jego narracji nadal kszta\u0142tuj\u0105 losy Polski.<\/p>\n\n\n\n<p>Ten wyb\u00f3r strategii nie jest przypadkowy. W erze baniek informacyjnych i rosn\u0105cej polaryzacji jedynie kandydaci zdolni wywo\u0142ywa\u0107 skrajne emocje maj\u0105 szans\u0119 przebi\u0107 si\u0119 przez medialny szum i zagrozi\u0107 obecnej w\u0142adzy.<\/p>\n\n\n\n<h2 class=\"wp-block-heading\">Niemieckie media oceniaj\u0105 prezydentur\u0119 Nawrockiego<\/h2>\n\n\n\n<p>Ostatnie dni przynios\u0142y szerokie zainteresowanie \u015bwiatowej opinii publicznej zwi\u0105zane z wizyt\u0105 prezydenta Ukrainy Wo\u0142odymyra Ze\u0142enskiego w Polsce oraz jego spotkaniem z Karolem Nawrockim. To wydarzenie komentowane jest nie tylko w Polsce, lecz tak\u017ce za granic\u0105, ze szczeg\u00f3lnym uwzgl\u0119dnieniem Niemiec.<\/p>\n\n\n\n<p>Niemieckie media i opinia publiczna obserwuj\u0105 uwa\u017cnie pierwsze kroki Nawrockiego na arenie mi\u0119dzynarodowej i krajowej, analizuj\u0105c jego styl sprawowania w\u0142adzy oraz polityczne deklaracje. Znaczne grono niemieckich komentator\u00f3w dostrzega potencja\u0142 nowej kadencji w Pa\u0142acu Prezydenckim, zwracaj\u0105c jednak uwag\u0119 na ewentualne sygna\u0142y antyniemieckiej retoryki.<\/p>\n\n\n\n<p>W analizach, na przyk\u0142ad na portalu MDR, Karol Nawrocki jest okre\u015blany jako&nbsp;<strong>\u201epolski Trump\u201d<\/strong>. MDR przedstawia go jako polityka stylizuj\u0105cego si\u0119 na mocnego przyw\u00f3dc\u0119 podobnego do Donalda Trumpa, jednocze\u015bnie podkre\u015blaj\u0105c ograniczenia wynikaj\u0105ce z polskiego systemu politycznego.<\/p>\n\n\n\n<p>Autorzy zaznaczaj\u0105, \u017ce wizerunek Nawrockiego przypomina przedstawienie ameryka\u0144skiego prezydenta, mimo i\u017c polska konstytucja nie przyznaje prezydentowi takich uprawnie\u0144 jak Prezydentowi USA. Wed\u0142ug MDR podobie\u0144stwa s\u0105 wyra\u017ane, a ameryka\u0144ski prezydent stanowi punkt odniesienia i wz\u00f3r dla nowego polskiego przyw\u00f3dcy.<\/p>\n\n\n\n<h2 class=\"wp-block-heading\">Polityczne napi\u0119cia i podzia\u0142y widziane przez niemieckie media<\/h2>\n\n\n\n<p>Portal MDR zwraca uwag\u0119 na narastaj\u0105ce napi\u0119cia mi\u0119dzy Pa\u0142acem Prezydenckim a rz\u0105dem pod przewodnictwem Donalda Tuska, kt\u00f3re s\u0105 zauwa\u017calne tak\u017ce poza granicami Polski. Opisuje polskie spo\u0142ecze\u0144stwo jako g\u0142\u0119boko podzielone, w kt\u00f3rym od lat dominuje sp\u00f3r mi\u0119dzy obozem liberalnym a narodowo-konserwatywnym.<\/p>\n\n\n\n<p>Autorzy wskazuj\u0105 tak\u017ce na zm\u0119czenie obywateli ci\u0105g\u0142ymi konfliktami politycznymi. W kampanii Nawrocki obiecywa\u0142 zako\u0144czenie \u201ewojny polsko-polskiej\u201d. Niemiecki portal ocenia jednak, \u017ce po obj\u0119ciu urz\u0119du przez nowego prezydenta napi\u0119cia jedynie si\u0119 nasili\u0142y.<\/p>\n\n\n\n<h2 class=\"wp-block-heading\">Kluczowa r\u00f3\u017cnica mi\u0119dzy Nawrockim a Trumpem<\/h2>\n\n\n\n<p>W analizie MDR przypomina si\u0119, \u017ce realna w\u0142adza w Polsce spoczywa przede wszystkim w r\u0119kach parlamentu i rz\u0105du, a prezydent pe\u0142ni g\u0142\u00f3wnie funkcj\u0119 reprezentacyjn\u0105, dysponuj\u0105c prawem weta. Podczas gdy wcze\u015bniejsi prezydenci stosowali to narz\u0119dzie ostro\u017cnie, Nawrocki \u2014 zdaniem niemieckich komentator\u00f3w \u2014 wykorzystuje weto jako instrument walki politycznej z rz\u0105dem.<\/p>\n\n\n\n<p>Portal ocenia r\u00f3wnie\u017c, \u017ce prezydent konsekwentnie buduje wizerunek polityka dominuj\u0105cego nad premierem \u2014 twardego przyw\u00f3dcy kontroluj\u0105cego sytuacj\u0119.<\/p>\n\n\n\n<p>Nale\u017cy jednak zaznaczy\u0107 zasadnicz\u0105 r\u00f3\u017cnic\u0119: ameryka\u0144ski prezydent dysponuje szerok\u0105 i realn\u0105 w\u0142adz\u0105 wykonawcz\u0105, podczas gdy polski prezydent mo\u017ce jedynie marzy\u0107 o systemie prezydenckim na ameryka\u0144sk\u0105 mod\u0142\u0119. MDR krytycznie zauwa\u017ca, \u017ce styl i ambicje Nawrockiego wykraczaj\u0105 poza faktyczne kompetencje jego urz\u0119du.<\/p>\n\n\n\n<h2 class=\"wp-block-heading\">Por\u00f3wnanie do Trumpa jako komplement i wyb\u00f3r taktyczny<\/h2>\n\n\n\n<p>Dla \u015brodowisk polskiej prawicy por\u00f3wnanie Nawrockiego do Donalda Trumpa mo\u017ce by\u0107 odczytywane jako komplement, potwierdzaj\u0105cy skuteczno\u015b\u0107 obranej strategii. Przyjmuj\u0105c etykiet\u0119 \u201epolskiego Trumpa\u201d, Karol Nawrocki realizuje strategi\u0119 ca\u0142kowitej polaryzacji, w kt\u00f3rej nie ma miejsca na p\u00f3\u0142\u015brodki ani ust\u0119pstwa wobec centrum politycznego.<\/p>\n\n\n\n<p>Konsekwencje takiego podej\u015bcia mog\u0105 by\u0107 odczuwalne na wielu rejonach \u017cycia publicznego i politycznego.<\/p>\n","protected":false},"excerpt":{"rendered":"Powr\u00f3t Donalda Trumpa do Bia\u0142ego Domu sta\u0142 si\u0119 wa\u017cnym punktem odniesienia nie tylko dla ameryka\u0144skich strateg\u00f3w, lecz tak\u017ce dla europejskich komentator\u00f3w. Z du\u017c\u0105 \n<a class=\"moretag\" href=\"https:\/\/swiat24.pl.ua\/?p=21021\"> [...]<\/a>","protected":false},"author":1,"featured_media":21022,"comment_status":"open","ping_status":"open","sticky":false,"template":"","format":"standard","meta":{"footnotes":""},"categories":[1],"tags":[],"class_list":["post-21021","post","type-post","status-publish","format-standard","has-post-thumbnail","hentry","category-blog"],"_links":{"self":[{"href":"https:\/\/swiat24.pl.ua\/index.php?rest_route=\/wp\/v2\/posts\/21021","targetHints":{"allow":["GET"]}}],"collection":[{"href":"https:\/\/swiat24.pl.ua\/index.php?rest_route=\/wp\/v2\/posts"}],"about":[{"href":"https:\/\/swiat24.pl.ua\/index.php?rest_route=\/wp\/v2\/types\/post"}],"author":[{"embeddable":true,"href":"https:\/\/swiat24.pl.ua\/index.php?rest_route=\/wp\/v2\/users\/1"}],"replies":[{"embeddable":true,"href":"https:\/\/swiat24.pl.ua\/index.php?rest_route=%2Fwp%2Fv2%2Fcomments&post=21021"}],"version-history":[{"count":1,"href":"https:\/\/swiat24.pl.ua\/index.php?rest_route=\/wp\/v2\/posts\/21021\/revisions"}],"predecessor-version":[{"id":21023,"href":"https:\/\/swiat24.pl.ua\/index.php?rest_route=\/wp\/v2\/posts\/21021\/revisions\/21023"}],"wp:featuredmedia":[{"embeddable":true,"href":"https:\/\/swiat24.pl.ua\/index.php?rest_route=\/wp\/v2\/media\/21022"}],"wp:attachment":[{"href":"https:\/\/swiat24.pl.ua\/index.php?rest_route=%2Fwp%2Fv2%2Fmedia&parent=21021"}],"wp:term":[{"taxonomy":"category","embeddable":true,"href":"https:\/\/swiat24.pl.ua\/index.php?rest_route=%2Fwp%2Fv2%2Fcategories&post=21021"},{"taxonomy":"post_tag","embeddable":true,"href":"https:\/\/swiat24.pl.ua\/index.php?rest_route=%2Fwp%2Fv2%2Ftags&post=21021"}],"curies":[{"name":"wp","href":"https:\/\/api.w.org\/{rel}","templated":true}]}}