{"id":21018,"date":"2026-01-17T12:03:29","date_gmt":"2026-01-17T12:03:29","guid":{"rendered":"https:\/\/swiat24.pl.ua\/?p=21018"},"modified":"2026-01-17T12:03:29","modified_gmt":"2026-01-17T12:03:29","slug":"dziennikarz-tvn-przylapal-polityka-pis-wpadka-to-malo-powiedziane","status":"publish","type":"post","link":"https:\/\/swiat24.pl.ua\/?p=21018","title":{"rendered":"Dziennikarz TVN przy\u0142apa\u0142 polityka PiS. Wpadka to ma\u0142o powiedziane"},"content":{"rendered":"\n<p>W miar\u0119 jak prace Komisji \u015bledczej ds. Pegasusa nabieraj\u0105 tempa, coraz wi\u0119cej pos\u0142\u00f3w Prawa i Sprawiedliwo\u015bci zabiera g\u0142os na temat swojego udzia\u0142u w procesach dotycz\u0105cych zakupu lub u\u017cytkowania kontrowersyjnego systemu inwigilacji. <\/p>\n\n\n\n<p>Micha\u0142 W\u00f3jcik, pose\u0142 PiS i by\u0142y podsekretarz stanu w Ministerstwie Sprawiedliwo\u015bci w rz\u0105dach Zjednoczonej Prawicy, w rozmowie z TVN24 potwierdzi\u0142, \u017ce r\u00f3wnie\u017c bra\u0142 udzia\u0142 w podejmowaniu decyzji dotycz\u0105cych tego systemu.<\/p>\n\n\n\n<h2 class=\"wp-block-heading\">W trakcie rozmowy pad\u0142o nazwisko Kaczy\u0144skiego<\/h2>\n\n\n\n<p>Podczas wymiany zda\u0144 w studiu nieoczekiwanie zosta\u0142o przywo\u0142ane nazwisko Jaros\u0142awa Kaczy\u0144skiego, co wywo\u0142a\u0142o niema\u0142e poruszenie. W\u00f3jcik zaznaczy\u0142, \u017ce rozs\u0105dny i odpowiedzialny polityk nie b\u0119dzie ujawnia\u0142 szczeg\u00f3\u0142\u00f3w dotycz\u0105cych instrument\u00f3w s\u0142u\u017cb operacyjnych, wskazuj\u0105c na polityczn\u0105 delikatno\u015b\u0107 tej kwestii.<\/p>\n\n\n\n<blockquote class=\"wp-block-quote is-layout-flow wp-block-quote-is-layout-flow\">\n<p>\u2014 Polityk racjonalny i odpowiedzialny przecie\u017c nie b\u0119dzie opowiada\u0142 o instrumentach, kt\u00f3re s\u0105 stosowane do czynno\u015bci operacyjnych \u2014 powiedzia\u0142 W\u00f3jcik na antenie TVN.<\/p>\n<\/blockquote>\n\n\n\n<p>Na pytanie, kto jako pierwszy polityk w Polsce publicznie potwierdzi\u0142, \u017ce s\u0142u\u017cby dysponuj\u0105 systemem Pegasus, pose\u0142 wskaza\u0142 na Jaros\u0142awa Kaczy\u0144skiego.<\/p>\n\n\n\n<h2 class=\"wp-block-heading\">Kaczy\u0144ski ujawnia szczeg\u00f3\u0142y<\/h2>\n\n\n\n<p>W rzeczywisto\u015bci prezes PiS poinformowa\u0142, \u017ce Polska zakupi\u0142a system Pegasus ju\u017c z pocz\u0105tkiem stycznia 2022 roku, czyli d\u0142ugo przed powo\u0142aniem Komisji \u015bledczej i zmian\u0105 rz\u0105du. Ta deklaracja zamkn\u0119\u0142a spekulacje, kt\u00f3re kr\u0105\u017cy\u0142y medialnie od 2019 roku, kiedy to w programie \u201eCzarno na bia\u0142ym\u201d powi\u0105zano wydatki Centralnego Biura Antykorupcyjnego z transakcj\u0105 dotycz\u0105c\u0105 tego systemu z Ministerstwem Sprawiedliwo\u015bci i firm\u0105 informatyczn\u0105.<\/p>\n\n\n\n<p>Jeszcze na kilka dni przed t\u0105 wypowiedzi\u0105 zaprzecza\u0142 istnieniu Pegasusa Wojciech Skurkiewicz, \u00f3wczesny sekretarz stanu w Ministerstwie Obrony Narodowej (2018\u20132023).<\/p>\n\n\n\n<figure class=\"wp-block-image\"><img decoding=\"async\" src=\"https:\/\/www.bystragrazyna.pl\/wp-content\/uploads\/2025\/10\/1722.jpg\" alt=\"\" class=\"wp-image-23619\"\/><\/figure>\n\n\n\n<p>Wojciech W\u00f3jcik podczas rozmowy podkre\u015bla\u0142, \u017ce istotne jest zrozumienie, i\u017c publiczne ujawnianie szczeg\u00f3\u0142\u00f3w system\u00f3w s\u0142u\u017cb specjalnych mo\u017cne by\u0107 nieodpowiedzialne. Tymczasem fakt, \u017ce Jaros\u0142aw Kaczy\u0144ski jako pierwszy polityk potwierdzi\u0142 posiadanie i zakup Pegasusa, rozgrza\u0142 debat\u0119 w mediach oraz w\u015br\u00f3d polityk\u00f3w opozycji i komentator\u00f3w.<\/p>\n\n\n\n<p>System Pegasus, znany na ca\u0142ym \u015bwiecie jako narz\u0119dzie do inwigilacji, sta\u0142 si\u0119 jednym z g\u0142\u00f3wnych punkt\u00f3w sporu politycznego w Polsce. Przypisuje si\u0119 mu rol\u0119 w obserwacji polityk\u00f3w, dziennikarzy i innych os\u00f3b. Temat ten nadal jest przedmiotem gor\u0105cych dyskusji, a Komisja \u015bledcza ds. Pegasusa analizuje wszelkie w\u0105tpliwo\u015bci zwi\u0105zane z jego zakupem i dzia\u0142aniem.<\/p>\n\n\n\n<p>Wywiad z Micha\u0142em W\u00f3jcikiem oraz przywo\u0142anie w nim nazwiska Jaros\u0142awa Kaczy\u0144skiego odbi\u0142o si\u0119 szerokim echem. Media podkre\u015blaj\u0105, \u017ce wypowiedzi polityka PiS ujawniaj\u0105 na ile sprawa Pegasusa jest trudna do jednoznacznego wyja\u015bnienia, a tak\u017ce pokazuj\u0105, jak g\u0142\u0119boko ten temat dzieli polsk\u0105 scen\u0119 polityczn\u0105. Spo\u0142ecze\u0144stwo obserwuje rozw\u00f3j wydarze\u0144 z rosn\u0105cym zainteresowaniem, zw\u0142aszcza w kontek\u015bcie transparentno\u015bci dzia\u0142a\u0144 rz\u0105du i s\u0142u\u017cb specjalnych.<\/p>\n","protected":false},"excerpt":{"rendered":"W miar\u0119 jak prace Komisji \u015bledczej ds. Pegasusa nabieraj\u0105 tempa, coraz wi\u0119cej pos\u0142\u00f3w Prawa i Sprawiedliwo\u015bci zabiera g\u0142os na temat swojego udzia\u0142u w \n<a class=\"moretag\" href=\"https:\/\/swiat24.pl.ua\/?p=21018\"> [...]<\/a>","protected":false},"author":1,"featured_media":21019,"comment_status":"open","ping_status":"open","sticky":false,"template":"","format":"standard","meta":{"footnotes":""},"categories":[1],"tags":[],"class_list":["post-21018","post","type-post","status-publish","format-standard","has-post-thumbnail","hentry","category-blog"],"_links":{"self":[{"href":"https:\/\/swiat24.pl.ua\/index.php?rest_route=\/wp\/v2\/posts\/21018","targetHints":{"allow":["GET"]}}],"collection":[{"href":"https:\/\/swiat24.pl.ua\/index.php?rest_route=\/wp\/v2\/posts"}],"about":[{"href":"https:\/\/swiat24.pl.ua\/index.php?rest_route=\/wp\/v2\/types\/post"}],"author":[{"embeddable":true,"href":"https:\/\/swiat24.pl.ua\/index.php?rest_route=\/wp\/v2\/users\/1"}],"replies":[{"embeddable":true,"href":"https:\/\/swiat24.pl.ua\/index.php?rest_route=%2Fwp%2Fv2%2Fcomments&post=21018"}],"version-history":[{"count":1,"href":"https:\/\/swiat24.pl.ua\/index.php?rest_route=\/wp\/v2\/posts\/21018\/revisions"}],"predecessor-version":[{"id":21020,"href":"https:\/\/swiat24.pl.ua\/index.php?rest_route=\/wp\/v2\/posts\/21018\/revisions\/21020"}],"wp:featuredmedia":[{"embeddable":true,"href":"https:\/\/swiat24.pl.ua\/index.php?rest_route=\/wp\/v2\/media\/21019"}],"wp:attachment":[{"href":"https:\/\/swiat24.pl.ua\/index.php?rest_route=%2Fwp%2Fv2%2Fmedia&parent=21018"}],"wp:term":[{"taxonomy":"category","embeddable":true,"href":"https:\/\/swiat24.pl.ua\/index.php?rest_route=%2Fwp%2Fv2%2Fcategories&post=21018"},{"taxonomy":"post_tag","embeddable":true,"href":"https:\/\/swiat24.pl.ua\/index.php?rest_route=%2Fwp%2Fv2%2Ftags&post=21018"}],"curies":[{"name":"wp","href":"https:\/\/api.w.org\/{rel}","templated":true}]}}