{"id":21002,"date":"2026-01-16T16:10:54","date_gmt":"2026-01-16T16:10:54","guid":{"rendered":"https:\/\/swiat24.pl.ua\/?p=21002"},"modified":"2026-01-16T16:10:54","modified_gmt":"2026-01-16T16:10:54","slug":"pogrzeb-11-letniej-danusi-z-jeleniej-gory-slowa-ksiedza-poruszyly-zalobnikow","status":"publish","type":"post","link":"https:\/\/swiat24.pl.ua\/?p=21002","title":{"rendered":"Pogrzeb 11-letniej Danusi z Jeleniej G\u00f3ry. S\u0142owa ksi\u0119dza poruszy\u0142y \u017ca\u0142obnik\u00f3w"},"content":{"rendered":"\n<p>Tragiczne wydarzenia w Jeleniej G\u00f3rze wstrz\u0105sn\u0119\u0142y ca\u0142ym krajem.<\/p>\n\n\n\n<h2 class=\"wp-block-heading\">Tragiczne wydarzenia w Jeleniej G\u00f3rze wstrz\u0105sn\u0119\u0142y ca\u0142ym krajem<\/h2>\n\n\n\n<p>\u015amier\u0107 11\u2011letniej Danusi wywo\u0142a\u0142a fal\u0119 \u017calu i smutku w Polsce; dramatyczne okoliczno\u015bci, do jakich dosz\u0142o w Jeleniej G\u00f3rze, wykraczaj\u0105 poza zwyk\u0142\u0105 kronik\u0119 kryminaln\u0105.<\/p>\n\n\n\n<p> Pogrzeb dziewczynki zgromadzi\u0142 t\u0142umy mieszka\u0144c\u00f3w, kt\u00f3rzy przyszli odda\u0107 ho\u0142d i podzieli\u0107 b\u00f3l rodziny. S\u0142owa ksi\u0119dza prowadz\u0105cego ceremoni\u0119 nadawa\u0142y ca\u0142emu wydarzeniu bardzo osobisty i przejmuj\u0105cy wymiar.<\/p>\n\n\n\n<h2 class=\"wp-block-heading\">Okoliczno\u015bci tragedii i debata o odpowiedzialno\u015bci nieletnich<\/h2>\n\n\n\n<p>Wydarzenia, kt\u00f3re rozegra\u0142y si\u0119 w Jeleniej G\u00f3rze, sk\u0142oni\u0142y do ponownej refleksji nad przepisami dotycz\u0105cymi odpowiedzialno\u015bci nieletnich. Zatrzymanie 12\u2011letniej dziewczynki, podejrzanej o zab\u00f3jstwo 11\u2011letniej kole\u017canki, jest bezprecedensowe i spowodowa\u0142o, \u017ce sprawa prowadzona jest w trybie s\u0105du rodzinnego, a nie zwyk\u0142ego post\u0119powania karnego. Polskie przepisy przewiduj\u0105 bowiem odr\u0119bne zasady wobec os\u00f3b poni\u017cej progu odpowiedzialno\u015bci karnej, z naciskiem na dzia\u0142ania wychowawcze i resocjalizacyjne.<\/p>\n\n\n\n<figure class=\"wp-block-image\"><img decoding=\"async\" src=\"https:\/\/images.iberion.media\/images\/origin\/krzyz_cmentarz_af2c33c07b.jpg\" alt=\"Krzy\u017c na cmentarzu\"\/><figcaption class=\"wp-element-caption\">Fot. wrtp\/Getty Images\/CanvaPro<\/figcaption><\/figure>\n\n\n\n<p>Do tragedii dosz\u0142o 15 grudnia po po\u0142udniu, kiedy policja otrzyma\u0142a zg\u0142oszenie o b\u00f3jce mi\u0119dzy dwiema uczennicami. Pomimo szybkiej interwencji s\u0142u\u017cb ratunkowych, 11\u2011letnia dziewczynka zmar\u0142a w wyniku ran zadanych ostrym narz\u0119dziem; wed\u0142ug wst\u0119pnych ustale\u0144 by\u0142 to n\u00f3\u017c typu \u201efinka\u201d, kt\u00f3ry odnaleziono w plecaku zatrzymanej 12\u2011latki.<\/p>\n\n\n\n<p>Prokuratura potwierdzi\u0142a, \u017ce obie dziewczynki zna\u0142y si\u0119 z widzenia i ucz\u0119szcza\u0142y do tej samej szko\u0142y, cho\u0107 nie by\u0142y bliskimi przyjaci\u00f3\u0142kami. Motywy dzia\u0142ania 12\u2011latki pozostaj\u0105 nieznane. Zabezpieczono materia\u0142 dowodowy i przekazano spraw\u0119 do s\u0105du rodzinnego, kt\u00f3ry prowadzi dalsze czynno\u015bci procesowe i przes\u0142uchania.<\/p>\n\n\n\n<figure class=\"wp-block-image\"><img decoding=\"async\" src=\"https:\/\/bystragrazyna.pl\/wp-content\/uploads\/2025\/12\/2471.jpg\" alt=\"obrazek\"\/><\/figure>\n\n\n\n<h2 class=\"wp-block-heading\">Uroczysto\u015bci pogrzebowe pe\u0142ne b\u00f3lu i zadumy<\/h2>\n\n\n\n<p>Pogrzeb Danusi odby\u0142 si\u0119 w kaplicy na Starym Cmentarzu Komunalnym w Jeleniej G\u00f3rze i zgromadzi\u0142 licznych mieszka\u0144c\u00f3w pragn\u0105cych uczci\u0107 pami\u0119\u0107 zmar\u0142ej dziewczynki. Panuj\u0105ca atmosfera by\u0142a przejmuj\u0105ca \u2014 szok i g\u0142\u0119boki smutek przeplata\u0142y si\u0119 z milczeniem, kt\u00f3re m\u00f3wi\u0142o wi\u0119cej ni\u017c s\u0142owa.<\/p>\n\n\n\n<p>Bia\u0142e r\u00f3\u017ce, przyniesione przez \u017ca\u0142obnik\u00f3w, symbolizowa\u0142y niewinno\u015b\u0107 brutalnie przerwanego \u017cycia. Trumna, otoczona ogromn\u0105 liczb\u0105 kwiat\u00f3w i wie\u0144c\u00f3w, sta\u0142a si\u0119 dla obecnych bolesnym dowodem tragedii.<\/p>\n\n\n\n<figure class=\"wp-block-image\"><img decoding=\"async\" src=\"https:\/\/images.iberion.media\/images\/origin\/cmentarz_znicze_6a534295f5.jpg\" alt=\"Cmentarz i znicze\"\/><figcaption class=\"wp-element-caption\">Fot. wrtp\/Getty Images\/CanvaPro<\/figcaption><\/figure>\n\n\n\n<p>Podczas ceremonii dominowa\u0142a cisza, przerywana jedynie p\u0142aczem najbli\u017cszych. Ta cisza sta\u0142a si\u0119 symbolem solidarno\u015bci spo\u0142eczno\u015bci lokalnej z pogr\u0105\u017con\u0105 w \u017ca\u0142obie rodzin\u0105. W\u015br\u00f3d obecnych byli r\u00f3wie\u015bnicy z klasy, nauczyciele, harcerze oraz s\u0105siedzi, kt\u00f3rzy swoj\u0105 obecno\u015bci\u0105 wyrazili sprzeciw wobec przemocy w\u015br\u00f3d dzieci.<\/p>\n\n\n\n<p>Wyprowadzenie trumny z kaplicy i przej\u015bcie \u017ca\u0142obnego konduktu alejkami cmentarza by\u0142y momentami \u0142\u0105cz\u0105cymi wszystkich ponad podzia\u0142ami, gdy wsp\u00f3lny \u017cal za tak m\u0142od\u0105 osob\u0105 osi\u0105gn\u0105\u0142 apogeum.<\/p>\n\n\n\n<h2 class=\"wp-block-heading\">Poruszaj\u0105ce s\u0142owa ksi\u0119dza podczas ostatniego po\u017cegnania<\/h2>\n\n\n\n<p>Msza \u017ca\u0142obna, prowadzona przez miejscowego ksi\u0119dza, by\u0142a dla niego jednym z najtrudniejszych do\u015bwiadcze\u0144 duszpasterskich. Nie pe\u0142ni\u0142 roli jedynie formalnego celebransa \u2014 zna\u0142 Danusi\u0119 osobi\u015bcie jako duszpasterz i katecheta, towarzysz\u0105c jej w duchowym rozwoju i obserwuj\u0105c jej zaanga\u017cowanie w \u017cycie parafii.<\/p>\n\n\n\n<p>W homilii duchowny podkre\u015bli\u0142, \u017ce Danusia nie by\u0142a anonimow\u0105 ofiar\u0105, lecz aktywn\u0105 spo\u0142ecznie dziewczynk\u0105, odnosz\u0105c\u0105 sukcesy i maj\u0105c\u0105 przed sob\u0105 ca\u0142e \u017cycie. To \u015bwiadectwo uwypukli\u0142o skal\u0119 straty, kt\u00f3r\u0105 odczuwali \u017ca\u0142obnicy.<\/p>\n\n\n\n<blockquote class=\"wp-block-quote is-layout-flow wp-block-quote-is-layout-flow\">\n<p>\u201eDziewczynka by\u0142a pe\u0142na \u017cycia i dobra, a to, co si\u0119 sta\u0142o, jest niepoj\u0119te i g\u0142\u0119boko sprzeczne z jej natur\u0105\u201d \u2014 m\u00f3wi\u0142 \u0142ami\u0105cym si\u0119 g\u0142osem ksi\u0105dz, przyznaj\u0105c, \u017ce trudno znale\u017a\u0107 s\u0142owa pocieszenia.<\/p>\n<\/blockquote>\n\n\n\n<p>S\u0142owa te zabrzmia\u0142y jako pr\u00f3ba nadania sensu bezsensownej tragedii oraz jako ciche pytanie skierowane do sumie\u0144 doros\u0142ych \u2014 jak to mo\u017cliwe, \u017ce dosz\u0142o do sytuacji, w kt\u00f3rej \u017cycie m\u0142odej osoby zosta\u0142o tak tragicznie przerwane?<\/p>\n","protected":false},"excerpt":{"rendered":"Tragiczne wydarzenia w Jeleniej G\u00f3rze wstrz\u0105sn\u0119\u0142y ca\u0142ym krajem. Tragiczne wydarzenia w Jeleniej G\u00f3rze wstrz\u0105sn\u0119\u0142y ca\u0142ym krajem \u015amier\u0107 11\u2011letniej Danusi wywo\u0142a\u0142a fal\u0119 \u017calu i \n<a class=\"moretag\" href=\"https:\/\/swiat24.pl.ua\/?p=21002\"> [...]<\/a>","protected":false},"author":1,"featured_media":21003,"comment_status":"open","ping_status":"open","sticky":false,"template":"","format":"standard","meta":{"footnotes":""},"categories":[1],"tags":[],"class_list":["post-21002","post","type-post","status-publish","format-standard","has-post-thumbnail","hentry","category-blog"],"_links":{"self":[{"href":"https:\/\/swiat24.pl.ua\/index.php?rest_route=\/wp\/v2\/posts\/21002","targetHints":{"allow":["GET"]}}],"collection":[{"href":"https:\/\/swiat24.pl.ua\/index.php?rest_route=\/wp\/v2\/posts"}],"about":[{"href":"https:\/\/swiat24.pl.ua\/index.php?rest_route=\/wp\/v2\/types\/post"}],"author":[{"embeddable":true,"href":"https:\/\/swiat24.pl.ua\/index.php?rest_route=\/wp\/v2\/users\/1"}],"replies":[{"embeddable":true,"href":"https:\/\/swiat24.pl.ua\/index.php?rest_route=%2Fwp%2Fv2%2Fcomments&post=21002"}],"version-history":[{"count":1,"href":"https:\/\/swiat24.pl.ua\/index.php?rest_route=\/wp\/v2\/posts\/21002\/revisions"}],"predecessor-version":[{"id":21004,"href":"https:\/\/swiat24.pl.ua\/index.php?rest_route=\/wp\/v2\/posts\/21002\/revisions\/21004"}],"wp:featuredmedia":[{"embeddable":true,"href":"https:\/\/swiat24.pl.ua\/index.php?rest_route=\/wp\/v2\/media\/21003"}],"wp:attachment":[{"href":"https:\/\/swiat24.pl.ua\/index.php?rest_route=%2Fwp%2Fv2%2Fmedia&parent=21002"}],"wp:term":[{"taxonomy":"category","embeddable":true,"href":"https:\/\/swiat24.pl.ua\/index.php?rest_route=%2Fwp%2Fv2%2Fcategories&post=21002"},{"taxonomy":"post_tag","embeddable":true,"href":"https:\/\/swiat24.pl.ua\/index.php?rest_route=%2Fwp%2Fv2%2Ftags&post=21002"}],"curies":[{"name":"wp","href":"https:\/\/api.w.org\/{rel}","templated":true}]}}