{"id":20974,"date":"2026-01-16T14:21:27","date_gmt":"2026-01-16T14:21:27","guid":{"rendered":"https:\/\/swiat24.pl.ua\/?p=20974"},"modified":"2026-01-16T14:21:27","modified_gmt":"2026-01-16T14:21:27","slug":"odebral-sobie-zycie-dramatyczny-wpis-gwiazdy-tzg-fala-zalu-w-komentarzach-2","status":"publish","type":"post","link":"https:\/\/swiat24.pl.ua\/?p=20974","title":{"rendered":"\u201eOdebra\u0142 sobie \u017cycie\u201d. Dramatyczny wpis gwiazdy \u201eTzG\u201d. Fala \u017calu w komentarzach"},"content":{"rendered":"\n<p>\u0141ukasz P\u0142oszajski, znany aktor, podzieli\u0142 si\u0119 z fanami druzgoc\u0105c\u0105 wiadomo\u015bci\u0105 o kolejnej tragedii \u2013 odebraniu sobie \u017cycia przez m\u0142odego cz\u0142owieka.<\/p>\n\n\n\n<p> Jego wpis na Instagramie szybko wywo\u0142a\u0142 fal\u0119 \u017calu i wsp\u00f3\u0142czucia w\u015br\u00f3d internaut\u00f3w. Szczeg\u00f3lnie bolesne jest to, \u017ce ofiar\u0105 jest dziecko.<\/p>\n\n\n\n<h2 class=\"wp-block-heading\">Kto jest \u0141ukasz P\u0142oszajski?<\/h2>\n\n\n\n<p>Urodzony 27 kwietnia 1978 roku w \u0141odzi aktor, \u0141ukasz P\u0142oszajski, to posta\u0107 znana z wielu seriali i program\u00f3w telewizyjnych. Uko\u0144czy\u0142 Wydzia\u0142 Aktorski Pa\u0144stwowej Wy\u017cszej Szko\u0142y Filmowej, Telewizyjnej i Teatralnej im. <\/p>\n\n\n\n<p>Leona Schillera w \u0141odzi, co da\u0142o mu solidne podstawy w pracy artystycznej. Najbardziej kojarzony jest z rol\u0105 Artura Kulczyckiego w serialu \u201cPierwsza Mi\u0142o\u015b\u0107\u201d. Zanim zdoby\u0142 popularno\u015b\u0107, pojawia\u0142 si\u0119 w takich produkcjach jak \u201cMagazyn Kryminalny 997\u201d, \u201cKryminalni\u201d, \u201cFala Zbrodni\u201d, \u201cBiuro Kryminalne\u201d oraz kultowym \u201c\u015awiat wed\u0142ug Kiepskich\u201d.<\/p>\n\n\n\n<figure class=\"wp-block-image\"><img decoding=\"async\" src=\"https:\/\/www.bystragrazyna.pl\/wp-content\/uploads\/2025\/10\/1777.jpg\" alt=\"\" class=\"wp-image-23687\"\/><\/figure>\n\n\n\n<h2 class=\"wp-block-heading\">Udzia\u0142 \u0141ukasza P\u0142oszajskiego w \u201eTa\u0144cu z Gwiazdami\u201d<\/h2>\n\n\n\n<p>W 2022 roku aktor wzi\u0105\u0142 udzia\u0142 w 13. edycji popularnego programu \u201cTaniec z Gwiazdami\u201d. Jego partnerk\u0105 taneczn\u0105 by\u0142a Wiktoria Omy\u0142a. Mimo dobrej prezentacji i zdobycia 25 punkt\u00f3w, odpad\u0142 ju\u017c w pierwszym odcinku ze wzgl\u0119du na zbyt ma\u0142\u0105 liczb\u0119 g\u0142os\u00f3w juror\u00f3w. Na Instagramie wyrazi\u0142 swoje emocje w\u00f3wczas:<\/p>\n\n\n\n<blockquote class=\"wp-block-quote is-layout-flow wp-block-quote-is-layout-flow\">\n<p>Od 29 sierpnia, codziennie na ulicy, na stacji benzynowej, na parkingu, w sklepie, na si\u0142owni, w teatrze, w hotelu, na planie serialu, na moim podw\u00f3rku, wsz\u0119dzie, podchodz\u0105 do mnie ludzie i pytaj\u0105, jak to si\u0119 sta\u0142o, \u017ce nasza para odpad\u0142a z \u201eTa\u0144ca z gwiazdami\u201d. Nie potrafi\u0119 wam odpowiedzie\u0107 na to pytanie, ale o ile w og\u00f3le odb\u0119dzie si\u0119 kolejna edycja, obiecuj\u0119 przygotowa\u0107 du\u017co wi\u0119ksze zaskoczenie ni\u017c nasze odpadni\u0119cie.<\/p>\n<\/blockquote>\n\n\n\n<h2 class=\"wp-block-heading\">Tragiczne s\u0142owa o \u015bmierci dziecka<\/h2>\n\n\n\n<p>Na swoim Instagramie \u0141ukasz opublikowa\u0142 wzruszaj\u0105ce nagranie, w kt\u00f3rym m\u00f3wi\u0142 o bolesnej sytuacji. Powstrzymuj\u0105c \u0142zy, powiedzia\u0142:<\/p>\n\n\n\n<blockquote class=\"wp-block-quote is-layout-flow wp-block-quote-is-layout-flow\">\n<p>Kolejny dzieciak odebra\u0142 sobie \u017cycie. Wiem, \u017ce to si\u0119 dzieje non stop, ale kiedy si\u0119 co\u015b takiego zdarza blisko ciebie, to zawsze boli najmocniej i z pewno\u015bci\u0105 mia\u0142 wa\u017cny pow\u00f3d, cho\u0107 nam mo\u017ce wydawa\u0107 si\u0119 kompletnie niewa\u017cny. Musimy by\u0107 ze sob\u0105 bli\u017cej wszyscy. Kiedy\u015b wszyscy siedzieli\u015bmy wok\u00f3\u0142 siebie w k\u00f3\u0142ku na dywanie w przedszkolu\u2026<\/p>\n<\/blockquote>\n\n\n\n<h2 class=\"wp-block-heading\">Statystyki samob\u00f3jstw w\u015br\u00f3d m\u0142odzie\u017cy<\/h2>\n\n\n\n<p>P\u0142oszajski zwraca uwag\u0119 na rosn\u0105ce problemy psychiczne m\u0142odych ludzi. Wed\u0142ug portalu Ciekawe Liczby, liczba pr\u00f3b samob\u00f3jczych w\u015br\u00f3d polskich nastolatk\u00f3w w wieku 13\u201318 lat wzros\u0142a sze\u015bciokrotnie na przestrzeni jedenastu lat. W 2013 roku odnotowano 348 pr\u00f3b, a w 2024 roku ich liczba wynios\u0142a ju\u017c 2\u202f092. Najwi\u0119kszy wzrost przypad\u0142 na okres po pandemii \u2013 mi\u0119dzy 2020 a 2024 rokiem liczba pr\u00f3b samob\u00f3jczych zwi\u0119kszy\u0142a si\u0119 ponad 2,5-krotnie. W samym 2024 roku \u017cycie odebra\u0142o sobie a\u017c 124 m\u0142odych ludzi.<\/p>\n\n\n\n<p>Z raport\u00f3w wynika, \u017ce g\u0142\u00f3wnymi przyczynami takiego stanu s\u0105 presja ze strony r\u00f3wie\u015bnik\u00f3w oraz szko\u0142y, nadmierne korzystanie z medi\u00f3w spo\u0142eczno\u015bciowych, brak wsparcia emocjonalnego w rodzinach, poczucie samotno\u015bci oraz trudne do\u015bwiadczenia zwi\u0105zane z izolacj\u0105 spo\u0142eczn\u0105 w trakcie pandemii. Coraz wi\u0119cej m\u0142odzie\u017cy zmaga si\u0119 z depresj\u0105, l\u0119kiem, zaburzeniami od\u017cywiania i problemami w relacjach, a dost\u0119p do wykwalifikowanej pomocy wci\u0105\u017c jest ograniczony.<\/p>\n","protected":false},"excerpt":{"rendered":"\u0141ukasz P\u0142oszajski, znany aktor, podzieli\u0142 si\u0119 z fanami druzgoc\u0105c\u0105 wiadomo\u015bci\u0105 o kolejnej tragedii \u2013 odebraniu sobie \u017cycia przez m\u0142odego cz\u0142owieka. Jego wpis na \n<a class=\"moretag\" href=\"https:\/\/swiat24.pl.ua\/?p=20974\"> [...]<\/a>","protected":false},"author":1,"featured_media":20975,"comment_status":"open","ping_status":"open","sticky":false,"template":"","format":"standard","meta":{"footnotes":""},"categories":[1],"tags":[],"class_list":["post-20974","post","type-post","status-publish","format-standard","has-post-thumbnail","hentry","category-blog"],"_links":{"self":[{"href":"https:\/\/swiat24.pl.ua\/index.php?rest_route=\/wp\/v2\/posts\/20974","targetHints":{"allow":["GET"]}}],"collection":[{"href":"https:\/\/swiat24.pl.ua\/index.php?rest_route=\/wp\/v2\/posts"}],"about":[{"href":"https:\/\/swiat24.pl.ua\/index.php?rest_route=\/wp\/v2\/types\/post"}],"author":[{"embeddable":true,"href":"https:\/\/swiat24.pl.ua\/index.php?rest_route=\/wp\/v2\/users\/1"}],"replies":[{"embeddable":true,"href":"https:\/\/swiat24.pl.ua\/index.php?rest_route=%2Fwp%2Fv2%2Fcomments&post=20974"}],"version-history":[{"count":1,"href":"https:\/\/swiat24.pl.ua\/index.php?rest_route=\/wp\/v2\/posts\/20974\/revisions"}],"predecessor-version":[{"id":20976,"href":"https:\/\/swiat24.pl.ua\/index.php?rest_route=\/wp\/v2\/posts\/20974\/revisions\/20976"}],"wp:featuredmedia":[{"embeddable":true,"href":"https:\/\/swiat24.pl.ua\/index.php?rest_route=\/wp\/v2\/media\/20975"}],"wp:attachment":[{"href":"https:\/\/swiat24.pl.ua\/index.php?rest_route=%2Fwp%2Fv2%2Fmedia&parent=20974"}],"wp:term":[{"taxonomy":"category","embeddable":true,"href":"https:\/\/swiat24.pl.ua\/index.php?rest_route=%2Fwp%2Fv2%2Fcategories&post=20974"},{"taxonomy":"post_tag","embeddable":true,"href":"https:\/\/swiat24.pl.ua\/index.php?rest_route=%2Fwp%2Fv2%2Ftags&post=20974"}],"curies":[{"name":"wp","href":"https:\/\/api.w.org\/{rel}","templated":true}]}}