{"id":20924,"date":"2026-01-15T14:28:18","date_gmt":"2026-01-15T14:28:18","guid":{"rendered":"https:\/\/swiat24.pl.ua\/?p=20924"},"modified":"2026-01-15T14:28:18","modified_gmt":"2026-01-15T14:28:18","slug":"nie-zyje-znany-aktor-spadl-z-dachu-wlasnego-domu-mial-55-lat-3","status":"publish","type":"post","link":"https:\/\/swiat24.pl.ua\/?p=20924","title":{"rendered":"Nie \u017cyje znany aktor. Spad\u0142 z dachu w\u0142asnego domu, mia\u0142 55 lat"},"content":{"rendered":"\n<p>W wieku 55 lat zmar\u0142 Tony Germano, znany brazylijski aktor teatralny, filmowy oraz dubbingowy, co pogr\u0105\u017cy\u0142o w smutku \u015bwiat kina i bran\u017cy dubbingu. <\/p>\n\n\n\n<p>Jego niezapomniane kreacje na du\u017cym ekranie i scenie teatralnej zostan\u0105 zapami\u0119tane na wiele lat.<\/p>\n\n\n\n<h2 class=\"wp-block-heading\">Tony Germano \u2013 pasjonat sztuki aktorskiej<\/h2>\n\n\n\n<p>Kariera Tony\u2019ego Germano trwa\u0142a ponad trzydzie\u015bci lat i obejmowa\u0142a scen\u0119 teatraln\u0105, film oraz dubbing. W teatrze zagra\u0142 w takich produkcjach jak\u00a0<em>Phantom of the Opera<\/em>,\u00a0<em>Miss Saigon<\/em>,\u00a0<em>Jekyll &amp; Hyde<\/em>\u00a0i\u00a0<em>Fiddler on the Roof<\/em>. <\/p>\n\n\n\n<p>Na du\u017cym ekranie mogli\u015bmy go zobaczy\u0107 w filmach takich jak\u00a0<em>Phantom Summer<\/em>,\u00a0<em>Labyrinth of Lost Boys<\/em>\u00a0oraz\u00a0<em>An Unforgettable Year: Autumn<\/em>. Jego unikatowy g\u0142os by\u0142 znany r\u00f3wnie\u017c m\u0142odszej publiczno\u015bci dzi\u0119ki produkcjom takim jak\u00a0<em>Nicky, Ricky, Dicky &amp; Dawn<\/em>\u00a0na Nickelodeonie czy\u00a0<em>Go, Dog, Go!<\/em>\u00a0na Netfliksie. Germano pracowa\u0142 r\u00f3wnie\u017c przy dubbingu film\u00f3w Disneya, w tym przy filmie\u00a0<em>Beauty and the Beast<\/em>\u00a0oraz serialach\u00a0<em>Elena of Avalor<\/em>\u00a0i\u00a0<em>The Muppets<\/em>.<\/p>\n\n\n\n<blockquote class=\"wp-block-quote is-layout-flow wp-block-quote-is-layout-flow\">\n<p>Tony leaves behind a legacy of dedication, generosity and immense talent that touched everyone who had the privilege of working with him \u2013 napisano w o\u015bwiadczeniu przedstawiciela aktora.<\/p>\n<\/blockquote>\n\n\n\n<figure class=\"wp-block-image\"><img decoding=\"async\" src=\"https:\/\/www.bystragrazyna.pl\/wp-content\/uploads\/2025\/11\/image-2.png\" alt=\"\" class=\"wp-image-24566\"\/><\/figure>\n\n\n\n<h2 class=\"wp-block-heading\">Tragiczny upadek w S\u00e3o Paulo<\/h2>\n\n\n\n<p>W \u015brod\u0119, 26 listopada 2025 roku, dosz\u0142o do tragicznego zdarzenia w domu Germano w S\u00e3o Paulo. Podczas inspektowania prac remontowych na dachu swojej rezydencji aktor straci\u0142 r\u00f3wnowag\u0119 i upad\u0142 z dachu. W wyniku obra\u017ce\u0144, kt\u00f3rych dozna\u0142, zmar\u0142 na miejscu.<\/p>\n\n\n\n<blockquote class=\"wp-block-quote is-layout-flow wp-block-quote-is-layout-flow\">\n<p>Z g\u0142\u0119bokim smutkiem potwierdzamy \u015bmier\u0107 aktora i artysty dubbingowego Tony\u2019ego Germano. Tony dozna\u0142 upadku w swojej rezydencji i niestety nie prze\u017cy\u0142 swoich obra\u017ce\u0144 \u2013 powiedzia\u0142 przedstawiciel artysty w o\u015bwiadczeniu dla magazynu People.<\/p>\n<\/blockquote>\n\n\n\n<h2 class=\"wp-block-heading\">Wspomnienia i dziedzictwo<\/h2>\n\n\n\n<p>Wiadomo\u015b\u0107 o \u015bmierci Germano wstrz\u0105sn\u0119\u0142a bran\u017c\u0105 filmow\u0105 i teatraln\u0105. Jego kolegowie z bran\u017cy wyra\u017cali ho\u0142d dla aktora, podkre\u015blaj\u0105c jego wszechstronny talent i oddanie sztukom scenicznym. Wieloletnia kariera Germano \u015bwiadczy o jego dedykacji wobec sztuki aktorskiej i g\u0142\u0119bokim wp\u0142ywie, jaki mia\u0142 na osoby, z kt\u00f3rymi mia\u0142 okazj\u0119 pracowa\u0107. Cho\u0107 jego \u017cycie zako\u0144czy\u0142o si\u0119 przedwcze\u015bnie, artystyczne dziedzictwo Tony\u2019ego Germano b\u0119dzie trwa\u0107 przez lata, inspiruj\u0105c kolejne pokolenia aktor\u00f3w i artyst\u00f3w.<\/p>\n","protected":false},"excerpt":{"rendered":"W wieku 55 lat zmar\u0142 Tony Germano, znany brazylijski aktor teatralny, filmowy oraz dubbingowy, co pogr\u0105\u017cy\u0142o w smutku \u015bwiat kina i bran\u017cy dubbingu. \n<a class=\"moretag\" href=\"https:\/\/swiat24.pl.ua\/?p=20924\"> [...]<\/a>","protected":false},"author":1,"featured_media":20925,"comment_status":"open","ping_status":"open","sticky":false,"template":"","format":"standard","meta":{"footnotes":""},"categories":[1],"tags":[],"class_list":["post-20924","post","type-post","status-publish","format-standard","has-post-thumbnail","hentry","category-blog"],"_links":{"self":[{"href":"https:\/\/swiat24.pl.ua\/index.php?rest_route=\/wp\/v2\/posts\/20924","targetHints":{"allow":["GET"]}}],"collection":[{"href":"https:\/\/swiat24.pl.ua\/index.php?rest_route=\/wp\/v2\/posts"}],"about":[{"href":"https:\/\/swiat24.pl.ua\/index.php?rest_route=\/wp\/v2\/types\/post"}],"author":[{"embeddable":true,"href":"https:\/\/swiat24.pl.ua\/index.php?rest_route=\/wp\/v2\/users\/1"}],"replies":[{"embeddable":true,"href":"https:\/\/swiat24.pl.ua\/index.php?rest_route=%2Fwp%2Fv2%2Fcomments&post=20924"}],"version-history":[{"count":1,"href":"https:\/\/swiat24.pl.ua\/index.php?rest_route=\/wp\/v2\/posts\/20924\/revisions"}],"predecessor-version":[{"id":20926,"href":"https:\/\/swiat24.pl.ua\/index.php?rest_route=\/wp\/v2\/posts\/20924\/revisions\/20926"}],"wp:featuredmedia":[{"embeddable":true,"href":"https:\/\/swiat24.pl.ua\/index.php?rest_route=\/wp\/v2\/media\/20925"}],"wp:attachment":[{"href":"https:\/\/swiat24.pl.ua\/index.php?rest_route=%2Fwp%2Fv2%2Fmedia&parent=20924"}],"wp:term":[{"taxonomy":"category","embeddable":true,"href":"https:\/\/swiat24.pl.ua\/index.php?rest_route=%2Fwp%2Fv2%2Fcategories&post=20924"},{"taxonomy":"post_tag","embeddable":true,"href":"https:\/\/swiat24.pl.ua\/index.php?rest_route=%2Fwp%2Fv2%2Ftags&post=20924"}],"curies":[{"name":"wp","href":"https:\/\/api.w.org\/{rel}","templated":true}]}}