{"id":20921,"date":"2026-01-15T12:11:21","date_gmt":"2026-01-15T12:11:21","guid":{"rendered":"https:\/\/swiat24.pl.ua\/?p=20921"},"modified":"2026-01-15T12:11:21","modified_gmt":"2026-01-15T12:11:21","slug":"czarzasty-uderza-w-nawrockiego-ludzie-az-zdebieli","status":"publish","type":"post","link":"https:\/\/swiat24.pl.ua\/?p=20921","title":{"rendered":"Czarzasty uderza w Nawrockiego! Ludzie a\u017c zd\u0119bieli"},"content":{"rendered":"\n<p>Na pocz\u0105tku nowego roku napi\u0119cia mi\u0119dzy Pa\u0142acem Prezydenckim a Sejmem zacz\u0119\u0142y wyra\u017anie narasta\u0107.<\/p>\n\n\n\n<p>Coraz wi\u0119cej publicznych wypowiedzi pokazuje, \u017ce sp\u00f3r nie dotyczy ju\u017c tylko samych ustaw, ale tak\u017ce stylu rz\u0105dzenia i relacji mi\u0119dzy w\u0142adzami.<\/p>\n\n\n\n<p>Polityczne emocje rosn\u0105 z ka\u017cdym kolejnym wyst\u0105pieniem, a najnowsze s\u0142owa marsza\u0142ka Sejmu sugeruj\u0105, \u017ce konflikt wszed\u0142 w now\u0105 faz\u0119.<\/p>\n\n\n\n<p>W\u0142odzimierz Czarzasty odni\u00f3s\u0142 si\u0119 do zarzut\u00f3w prezydenta, kt\u00f3ry wcze\u015bniej oskar\u017cy\u0142 go o brak woli dialogu i utrudnianie wsp\u00f3\u0142pracy.<\/p>\n\n\n\n<p>Marsza\u0142ek stwierdzi\u0142 w programie telewizyjnym, \u017ce prezydent dopiero teraz zaczyna mierzy\u0107 si\u0119 z realn\u0105 polityk\u0105 i konsekwencjami w\u0142asnych decyzji.<\/p>\n\n\n\n<p>Podkre\u015bli\u0142, \u017ce aktywno\u015b\u0107 g\u0142owy pa\u0144stwa wygl\u0105da na \u015bwiadom\u0105 pr\u00f3b\u0119 zaostrzenia relacji z parlamentem.<\/p>\n\n\n\n<p>Czarzasty zwr\u00f3ci\u0142 uwag\u0119, \u017ce prezydent w bardzo kr\u00f3tkim czasie zawetowa\u0142 a\u017c 20 ustaw.<\/p>\n\n\n\n<p>Wed\u0142ug marsza\u0142ka jest to dow\u00f3d na to, \u017ce Pa\u0142ac Prezydencki wybra\u0142 konfrontacyjny kierunek dzia\u0142ania.<\/p>\n\n\n\n<p>Doda\u0142, \u017ce prezydent \u201epostanowi\u0142 walczy\u0107\u201d i \u017ce dopiero czas poka\u017ce, do czego doprowadzi ten kurs.<\/p>\n\n\n\n<p>Marsza\u0142ek przypomnia\u0142 tak\u017ce, \u017ce wi\u0119kszo\u015b\u0107 zawetowanych ustaw zosta\u0142a uchwalona jeszcze wtedy, gdy Sejm prowadzi\u0142 poprzedni marsza\u0142ek.<\/p>\n\n\n\n<p>Jego zdaniem podwa\u017ca to tez\u0119, \u017ce win\u0105 mo\u017cna obarcza\u0107 obecn\u0105 obsad\u0119 prezydium Sejmu.<\/p>\n\n\n\n<p>Konflikt \u2014 jak twierdzi Czarzasty \u2014 wynika raczej z nastawienia prezydenta do ca\u0142ego parlamentu jako instytucji.<\/p>\n\n\n\n<p>Odni\u00f3s\u0142 si\u0119 r\u00f3wnie\u017c do oskar\u017ce\u0144 o \u201emro\u017cenie\u201d prezydenckich projekt\u00f3w ustaw.<\/p>\n\n\n\n<p>Zapewni\u0142, \u017ce wszystkie projekty s\u0105 procedowane zgodnie z regulaminem i \u017caden z nich nie zosta\u0142 celowo zablokowany.<\/p>\n\n\n\n<p>Cz\u0119\u015b\u0107 dokument\u00f3w trafi\u0142a do komisji, inne czekaj\u0105 na rozpatrzenie w Sejmie, a kilka zosta\u0142o zwr\u00f3conych w zwi\u0105zku z kwestiami formalnymi.<\/p>\n\n\n\n<p>Jeden z projekt\u00f3w pozostaje na etapie konsultacji spo\u0142ecznych i nadal jest analizowany.<\/p>\n\n\n\n<p>Marsza\u0142ek podkre\u015bli\u0142, \u017ce m\u00f3wienie o blokowaniu inicjatyw prezydenta nie ma pokrycia w faktach.<\/p>\n\n\n\n<p>Ca\u0142a sytuacja pokazuje, \u017ce relacje mi\u0119dzy Sejmem a g\u0142ow\u0105 pa\u0144stwa staj\u0105 si\u0119 coraz bardziej napi\u0119te.<\/p>\n\n\n\n<p>Zamiast \u0142agodzenia spor\u00f3w pojawia si\u0119 coraz wi\u0119cej ostrych komentarzy i politycznych sygna\u0142\u00f3w wysy\u0142anych do opinii publicznej.<\/p>\n\n\n\n<p>Je\u017celi obecny kierunek zostanie utrzymany, pocz\u0105tek nowego roku mo\u017ce przynie\u015b\u0107 dalsze utrudnienia w pracach legislacyjnych.<\/p>\n\n\n\n<p>Coraz bardziej prawdopodobne staje si\u0119, \u017ce konflikt mi\u0119dzy najwa\u017cniejszymi instytucjami pa\u0144stwa b\u0119dzie narasta\u0142 i wp\u0142ywa\u0142 na tempo uchwalania ustaw.<\/p>\n","protected":false},"excerpt":{"rendered":"Na pocz\u0105tku nowego roku napi\u0119cia mi\u0119dzy Pa\u0142acem Prezydenckim a Sejmem zacz\u0119\u0142y wyra\u017anie narasta\u0107. Coraz wi\u0119cej publicznych wypowiedzi pokazuje, \u017ce sp\u00f3r nie dotyczy ju\u017c \n<a class=\"moretag\" href=\"https:\/\/swiat24.pl.ua\/?p=20921\"> [...]<\/a>","protected":false},"author":1,"featured_media":20922,"comment_status":"open","ping_status":"open","sticky":false,"template":"","format":"standard","meta":{"footnotes":""},"categories":[1],"tags":[],"class_list":["post-20921","post","type-post","status-publish","format-standard","has-post-thumbnail","hentry","category-blog"],"_links":{"self":[{"href":"https:\/\/swiat24.pl.ua\/index.php?rest_route=\/wp\/v2\/posts\/20921","targetHints":{"allow":["GET"]}}],"collection":[{"href":"https:\/\/swiat24.pl.ua\/index.php?rest_route=\/wp\/v2\/posts"}],"about":[{"href":"https:\/\/swiat24.pl.ua\/index.php?rest_route=\/wp\/v2\/types\/post"}],"author":[{"embeddable":true,"href":"https:\/\/swiat24.pl.ua\/index.php?rest_route=\/wp\/v2\/users\/1"}],"replies":[{"embeddable":true,"href":"https:\/\/swiat24.pl.ua\/index.php?rest_route=%2Fwp%2Fv2%2Fcomments&post=20921"}],"version-history":[{"count":1,"href":"https:\/\/swiat24.pl.ua\/index.php?rest_route=\/wp\/v2\/posts\/20921\/revisions"}],"predecessor-version":[{"id":20923,"href":"https:\/\/swiat24.pl.ua\/index.php?rest_route=\/wp\/v2\/posts\/20921\/revisions\/20923"}],"wp:featuredmedia":[{"embeddable":true,"href":"https:\/\/swiat24.pl.ua\/index.php?rest_route=\/wp\/v2\/media\/20922"}],"wp:attachment":[{"href":"https:\/\/swiat24.pl.ua\/index.php?rest_route=%2Fwp%2Fv2%2Fmedia&parent=20921"}],"wp:term":[{"taxonomy":"category","embeddable":true,"href":"https:\/\/swiat24.pl.ua\/index.php?rest_route=%2Fwp%2Fv2%2Fcategories&post=20921"},{"taxonomy":"post_tag","embeddable":true,"href":"https:\/\/swiat24.pl.ua\/index.php?rest_route=%2Fwp%2Fv2%2Ftags&post=20921"}],"curies":[{"name":"wp","href":"https:\/\/api.w.org\/{rel}","templated":true}]}}