{"id":20898,"date":"2026-01-14T15:53:00","date_gmt":"2026-01-14T15:53:00","guid":{"rendered":"https:\/\/swiat24.pl.ua\/?p=20898"},"modified":"2026-01-14T15:53:00","modified_gmt":"2026-01-14T15:53:00","slug":"putin-nagle-pojawil-sie-na-wizji-to-powiedzial-o-wojnie-z-nato-groza-2","status":"publish","type":"post","link":"https:\/\/swiat24.pl.ua\/?p=20898","title":{"rendered":"Putin NAGLE pojawi\u0142 si\u0119 na wizji! To powiedzia\u0142 o wojnie z NATO. GROZA"},"content":{"rendered":"\n<h2 class=\"wp-block-heading\">Putin zaskakuje na konferencji Klubu Wa\u0142daj w Soczi<\/h2>\n\n\n\n<p>Podczas dorocznej konferencji Klubu Wa\u0142daj, kt\u00f3ra odbywa si\u0119 w Soczi, W\u0142adimir Putin nagle pojawi\u0142 si\u0119 na wizji, by wyg\u0142osi\u0107 swoje przem\u00f3wienie. <\/p>\n\n\n\n<p>Po raz kolejny ros\u0142y przyw\u00f3dca zacz\u0105\u0142 od gry na zw\u0142ok\u0119 i zwr\u00f3cenia si\u0119 w stron\u0119 \u201ego\u0142\u0105bka pokoju\u201d. Na pytania dotycz\u0105ce spekulacji o rzekomym ataku Rosji na NATO odpowiedzia\u0142 kr\u00f3tko: \u201eto bzdura\u201d. <\/p>\n\n\n\n<p>Jednak to nie wszystko \u2013 swoim wyst\u0105pieniem zd\u0105\u017cy\u0142 te\u017c uderzy\u0107 w europejskie rz\u0105dy, kt\u00f3re okre\u015bli\u0142 jako \u201eniekompetentne\u201d lub \u201eok\u0142amuj\u0105ce wyborc\u00f3w\u201d. Na pierwszy s\u0142uch mo\u017ce to brzmie\u0107 niewinnie, ale rzeczywisto\u015b\u0107 jest znacznie powa\u017cniejsza.<\/p>\n\n\n\n<h2 class=\"wp-block-heading\">Klub Wa\u0142daj \u2013 scenariusz Kremla na \u015bwiatowej scenie<\/h2>\n\n\n\n<p>Forum Wa\u0142daj od lat funkcjonuje jako think tank bliski Kremlowi, gdzie propaganda i polityczne teatrum \u0142\u0105cz\u0105 si\u0119, by testowa\u0107 granice i kszta\u0142towa\u0107 narracje. Na wydarzeniu w dniu 2 pa\u017adziernika 2025 roku Putin oskar\u017cy\u0142 Zach\u00f3d o eskalacj\u0119 napi\u0119\u0107 w historii. W tym samym czasie rosyjskie ministerstwo spraw zagranicznych og\u0142osi\u0142o, \u017ce relacje z Zachodem ju\u017c dawno przesta\u0142y by\u0107 \u201ezimn\u0105 wojn\u0105\u201d, a przekszta\u0142ci\u0142y si\u0119 w \u201ep\u0142on\u0105cy\u201d konflikt. To okre\u015blenie stanowi\u0142o eufemizm dla powa\u017cnych gr\u00f3\u017ab, kt\u00f3re niejednokrotnie by\u0142y maskowane u\u015bmiechem i dyplomatycznymi sformu\u0142owaniami.<\/p>\n\n\n\n<p>Prezydent Rosji po\u015bwi\u0119ci\u0142 du\u017co czasu na krytyk\u0119 sankcji i wyrazi\u0142 przekonanie, \u017ce Europa sama si\u0119 rozbroi wraz z upadkiem swojej gospodarki. Opisuj\u0105c t\u0119 sytuacj\u0119, stwierdzi\u0142, \u017ce dzia\u0142ania Zachodu s\u0105 pe\u0142ne hipokryzji i s\u0142u\u017c\u0105 os\u0142abieniu kontynentu.<\/p>\n\n\n\n<figure class=\"wp-block-image\"><img decoding=\"async\" src=\"https:\/\/www.bystragrazyna.pl\/wp-content\/uploads\/2025\/10\/1916.jpg\" alt=\"\" class=\"wp-image-23855\"\/><\/figure>\n\n\n\n<h2 class=\"wp-block-heading\">Fakty a propaganda \u2013 rozbie\u017cno\u015bci w s\u0142owach i czynach<\/h2>\n\n\n\n<p>Putin konsekwentnie powtarza od lat, \u017ce jego kraj nie planuje ataku na NATO. Jeszcze w czerwcu 2025 roku nazwa\u0142 te oskar\u017cenia \u201enonsensami\u201d i \u201elegend\u0105\u201d. Na konferencji Wa\u0142daj podni\u00f3s\u0142 stawk\u0119, nazywaj\u0105c polityk\u00f3w europejskich \u201eskrajnie niekompetentnymi\u201d lub wr\u0119cz oszustami w stosunku do swoich obywateli. Jednak r\u00f3wnolegle pojawiaj\u0105 si\u0119 rzeczywiste incydenty \u2013 rosyjskie prowokacje w powietrzu oraz cyberataki na sojusznik\u00f3w NATO, co potwierdzaj\u0105 \u017ar\u00f3d\u0142a w europejskich stolicach. Ministerstwo spraw zagranicznych Federacji Rosyjskiej nieustannie przekazuje sprzeczne komunikaty: z jednej strony \u201enie chcemy wojny\u201d, a z drugiej \u201ekonflikt ju\u017c trwa\u201d.<\/p>\n\n\n\n<p>Ta dwuznaczna retoryka idealnie wpisuje si\u0119 w ostrze\u017cenia ameryka\u0144skiego Instytutu Studi\u00f3w nad Wojn\u0105 (ISW), kt\u00f3ry przestrzega przed mo\u017cliw\u0105 rosyjsk\u0105 operacj\u0105 pod fa\u0142szyw\u0105 flag\u0105. To scenariusz polegaj\u0105cy na inscenizowaniu ataku, aby przypisa\u0107 win\u0119 przeciwnikowi, a wed\u0142ug ekspert\u00f3w jest to realna gro\u017aba, nie fikcja polityczna.<\/p>\n\n\n\n<h2 class=\"wp-block-heading\">Jaki jest cel Putina i gdzie tkwi haczyk?<\/h2>\n\n\n\n<p>G\u0142\u00f3wnym powodem, dla kt\u00f3rego rosyjski przyw\u00f3dca prowadzi tak\u0105 polityk\u0119 komunikacyjn\u0105, jest os\u0142abienie europejskich wysi\u0142k\u00f3w na rzecz zwi\u0119kszenia wydatk\u00f3w militarnych. Je\u015bli wojna z NATO to tylko mit, po co inwestowa\u0107 w obronno\u015b\u0107 na poziomie 3\u20135% PKB? Po drugie, Kreml stara si\u0119 wykreowa\u0107 wizerunek rozs\u0105dnego arbitra, kt\u00f3ry reaguje na prowokacje Zachodu, a nie jest ich agresorem. Trzeci cel to sianie zam\u0119tu \u2013 niekt\u00f3rych lider\u00f3w przestraszy\u0107, innych u\u015bpi\u0107, aby wprowadza\u0107 podzia\u0142y i spi\u0119cia w Unii Europejskiej.<\/p>\n\n\n\n<p>Na korytarzach konferencji Wa\u0142daj m\u00f3wi si\u0119 o nadziejach Kremla na wewn\u0119trzne p\u0119kni\u0119cia w UE, kt\u00f3re pojawi\u0105 si\u0119 po kolejnych incydentach z rosyjskimi dronami czy naruszeniami przestrzeni powietrznej. W praktyce im wi\u0119cej chaosu i prowokacji, tym lepsza sytuacja polityczna dla Moskwy. Z kolei europejscy liderzy zapowiadaj\u0105 zdecydowan\u0105 polityk\u0119 odstraszania.<\/p>\n\n\n\n<p>Wynika z tego jednoznacznie, \u017ce im bardziej Kreml zdaje si\u0119 negowa\u0107 zagro\u017cenia ze strony Rosji, tym bardziej europejskie s\u0142u\u017cby i struktury wojskowe raportuj\u0105 o agresywnych akcjach rosyjskich. To b\u0142\u0119dne ko\u0142o, kt\u00f3re wci\u0105ga spo\u0142ecze\u0144stwa i podatnik\u00f3w w nieko\u0144cz\u0105c\u0105 si\u0119 spiral\u0119 napi\u0119\u0107.<\/p>\n\n\n\n<h2 class=\"wp-block-heading\">Putin manipuluje \u2013 jak odczyta\u0107 jego przes\u0142anie?<\/h2>\n\n\n\n<p>Wyst\u0105pienie W\u0142adimira Putina na konferencji Wa\u0142daj to mistrzowska gra s\u0142owem. Ostro krytykuj\u0105c Zach\u00f3d, jednocze\u015bnie zaprzecza dzia\u0142aniom, kt\u00f3re s\u0105 faktem na mi\u0119dzynarodowym froncie. Jego wypowiedzi mo\u017cna odczyta\u0107 jako element strategii maj\u0105cej na celu utrzymanie rosyjskiej pozycji w \u015bwiecie przy jednoczesnym podwa\u017caniu jedno\u015bci i determinacji Zachodu.<\/p>\n\n\n\n<p>Pomimo tonu zdradzaj\u0105cego \u201ego\u0142\u0119bi pok\u00f3j\u201d, s\u0142owa Putina s\u0105 mocno nacechowane i nie daj\u0105 spokoju. To ostrze\u017cenie i manipulacja zarazem, subtelny teatr, kt\u00f3ry ma wp\u0142ywa\u0107 na polityk\u0119 i postawy spo\u0142eczne na ca\u0142ym \u015bwiecie.<\/p>\n\n\n\n<blockquote class=\"wp-block-quote is-layout-flow wp-block-quote-is-layout-flow\">\n<p>\u201eLegenda, \u017ce Rosja zaatakuje NATO, jest nonsensem\u201d \u2013 m\u00f3wi\u0142 Putin w czerwcu 2025 r., cho\u0107 fakty zdaj\u0105 si\u0119 temu przeczy\u0107.<\/p>\n<\/blockquote>\n","protected":false},"excerpt":{"rendered":"Putin zaskakuje na konferencji Klubu Wa\u0142daj w Soczi Podczas dorocznej konferencji Klubu Wa\u0142daj, kt\u00f3ra odbywa si\u0119 w Soczi, W\u0142adimir Putin nagle pojawi\u0142 si\u0119 \n<a class=\"moretag\" href=\"https:\/\/swiat24.pl.ua\/?p=20898\"> [...]<\/a>","protected":false},"author":1,"featured_media":20899,"comment_status":"open","ping_status":"open","sticky":false,"template":"","format":"standard","meta":{"footnotes":""},"categories":[1],"tags":[],"class_list":["post-20898","post","type-post","status-publish","format-standard","has-post-thumbnail","hentry","category-blog"],"_links":{"self":[{"href":"https:\/\/swiat24.pl.ua\/index.php?rest_route=\/wp\/v2\/posts\/20898","targetHints":{"allow":["GET"]}}],"collection":[{"href":"https:\/\/swiat24.pl.ua\/index.php?rest_route=\/wp\/v2\/posts"}],"about":[{"href":"https:\/\/swiat24.pl.ua\/index.php?rest_route=\/wp\/v2\/types\/post"}],"author":[{"embeddable":true,"href":"https:\/\/swiat24.pl.ua\/index.php?rest_route=\/wp\/v2\/users\/1"}],"replies":[{"embeddable":true,"href":"https:\/\/swiat24.pl.ua\/index.php?rest_route=%2Fwp%2Fv2%2Fcomments&post=20898"}],"version-history":[{"count":1,"href":"https:\/\/swiat24.pl.ua\/index.php?rest_route=\/wp\/v2\/posts\/20898\/revisions"}],"predecessor-version":[{"id":20900,"href":"https:\/\/swiat24.pl.ua\/index.php?rest_route=\/wp\/v2\/posts\/20898\/revisions\/20900"}],"wp:featuredmedia":[{"embeddable":true,"href":"https:\/\/swiat24.pl.ua\/index.php?rest_route=\/wp\/v2\/media\/20899"}],"wp:attachment":[{"href":"https:\/\/swiat24.pl.ua\/index.php?rest_route=%2Fwp%2Fv2%2Fmedia&parent=20898"}],"wp:term":[{"taxonomy":"category","embeddable":true,"href":"https:\/\/swiat24.pl.ua\/index.php?rest_route=%2Fwp%2Fv2%2Fcategories&post=20898"},{"taxonomy":"post_tag","embeddable":true,"href":"https:\/\/swiat24.pl.ua\/index.php?rest_route=%2Fwp%2Fv2%2Ftags&post=20898"}],"curies":[{"name":"wp","href":"https:\/\/api.w.org\/{rel}","templated":true}]}}