{"id":20817,"date":"2026-01-13T10:29:43","date_gmt":"2026-01-13T10:29:43","guid":{"rendered":"https:\/\/swiat24.pl.ua\/?p=20817"},"modified":"2026-01-13T10:29:43","modified_gmt":"2026-01-13T10:29:43","slug":"czy-zastanawiales-sie-kiedys-co-tak-naprawde-dzieje-sie-podczas-kremacji-ciala-odpowiedz-jest-bardziej-zaskakujaca-niz-mogloby-sie-wydawac","status":"publish","type":"post","link":"https:\/\/swiat24.pl.ua\/?p=20817","title":{"rendered":"Czy zastanawia\u0142e\u015b si\u0119 kiedy\u015b, co tak naprawd\u0119 dzieje si\u0119 podczas kremacji cia\u0142a? Odpowied\u017a jest bardziej zaskakuj\u0105ca, ni\u017c mog\u0142oby si\u0119 wydawa\u0107."},"content":{"rendered":"\n<p>Czy zastanawia\u0142e\u015b si\u0119 kiedy\u015b, co tak naprawd\u0119 dzieje si\u0119, gdy kto\u015b wybiera kremacj\u0119?<\/p>\n\n\n\n<p>Temat mo\u017ce wydawa\u0107 si\u0119 dra\u017cliwy, a czasem wr\u0119cz tabu, ale za uprzedzeniami kryje si\u0119 g\u0142\u0119boko ustrukturyzowany, pe\u0142en szacunku i symboliczny proces.<\/p>\n\n\n\n<p>Po\u015bwi\u0119caj\u0105c czas na delikatne odkrycie prawdy, mo\u017cemy lepiej zrozumie\u0107, dlaczego coraz wi\u0119cej rodzin decyduje si\u0119 dzi\u015b na t\u0119 opcj\u0119, postrzegan\u0105 jako ostateczny ho\u0142d, zar\u00f3wno intymny, jak i pe\u0142en spokoju.<\/p>\n\n\n\n<p>We Francji kremacja stopniowo sta\u0142a si\u0119 powszechn\u0105 alternatyw\u0105 dla poch\u00f3wku.<\/p>\n\n\n\n<p>Jest szczeg\u00f3lnie atrakcyjna ze wzgl\u0119du na swobod\u0119 organizacyjn\u0105 i mo\u017cliwo\u015b\u0107 tworzenia spersonalizowanych rytua\u0142\u00f3w, zgodnych z warto\u015bciami i wra\u017cliwo\u015bci\u0105 zmar\u0142ego i jego bliskich. Jak jednak wygl\u0105da ta wyj\u0105tkowa chwila w praktyce?<\/p>\n\n\n\n<p>Przed ceremoni\u0105 wszystko jest przygotowywane z najwy\u017csz\u0105 staranno\u015bci\u0105. Wyspecjalizowane zespo\u0142y dbaj\u0105 o to, aby ka\u017cdy etap przebiega\u0142 spokojnie i z godno\u015bci\u0105: zmar\u0142y zostaje umieszczony w odpowiedniej trumnie, specjalnie zaprojektowanej do kremacji. Nic nie jest nag\u0142e ani widoczne dla rodzin: czynno\u015bci s\u0105 precyzyjne, dyskretne i \u015bci\u015ble przestrzegane przez rygorystyczne protoko\u0142y, gdzie szacunek jest najwa\u017cniejszy w ka\u017cdym momencie.<\/p>\n\n\n\n<h2 class=\"wp-block-heading\">Proces \u0142agodniejszy ni\u017c mo\u017cna by przypuszcza\u0107<\/h2>\n\n\n\n<figure class=\"wp-block-image\"><img decoding=\"async\" src=\"https:\/\/celebfrance.org\/wp-content\/uploads\/2026\/01\/cercueil-entre-dans-le-four-crematoire-1.jpg\" alt=\"\" class=\"wp-image-91450\"\/><\/figure>\n\n\n\n<p>Wbrew niekiedy wywo\u0142uj\u0105cym niepok\u00f3j obrazom zbiorowej wyobra\u017ani, kremacja opiera si\u0119 na prostej i kontrolowanej zasadzie: przekszta\u0142ceniu szcz\u0105tk\u00f3w cia\u0142a w delikatn\u0105 i stabiln\u0105 substancj\u0119. Proces kremacji trwa zazwyczaj od jednej do trzech godzin. W tym czasie rodzina nie jest konfrontowana z technicznymi aspektami procesu: zaprasza si\u0119 j\u0105 do prze\u017cywania tego momentu we w\u0142asnym tempie, cz\u0119sto przy akompaniamencie muzyki, czytania lub symbolicznego gestu. Pozwala to na stworzenie prawdziwie&nbsp;<strong>spersonalizowanego ho\u0142du<\/strong>&nbsp;, przepe\u0142nionego refleksj\u0105 i szacunkiem.<\/p>\n\n\n\n<p>Po kremacji szcz\u0105tki s\u0105 delikatnie mielone na lekki, jednorodny proszek. Nast\u0119pnie prochy s\u0105 zbierane i umieszczane w urnie wybranej przez rodzin\u0119. Ten przedmiot przed\u0142u\u017ca wi\u0119\u017a ze zmar\u0142ym i staje si\u0119 trwa\u0142\u0105 pami\u0105tk\u0105, piel\u0119gnowan\u0105 z czu\u0142o\u015bci\u0105.<\/p>\n\n\n\n<h2 class=\"wp-block-heading\">Co naprawd\u0119 przedstawia urna<\/h2>\n\n\n\n<figure class=\"wp-block-image\"><img decoding=\"async\" src=\"https:\/\/celebfrance.org\/wp-content\/uploads\/2026\/01\/loi-cremation.jpg\" alt=\"\" class=\"wp-image-91451\"\/><\/figure>\n\n\n\n<p>Wiele os\u00f3b jest zaskoczonych, dowiaduj\u0105c si\u0119, \u017ce prochy wa\u017c\u0105 \u015brednio od 2 do 3 kilogram\u00f3w, niezale\u017cnie od budowy cia\u0142a zmar\u0142ego. Urna staje si\u0119 w\u00f3wczas obiektem o znaczeniu symbolicznym. W zale\u017cno\u015bci od obowi\u0105zuj\u0105cych przepis\u00f3w i wyra\u017conych \u017cycze\u0144, mo\u017ce by\u0107 przechowywana przez rodzin\u0119, umieszczona w kolumbarium lub rozsypana w miejscu bliskim zmar\u0142emu.<\/p>\n\n\n\n<p>W ostatnich latach pojawi\u0142y si\u0119 nowe praktyki, odzwierciedlaj\u0105ce potrzeb\u0119 wi\u0119kszej personalizacji: bi\u017cuteria pami\u0105tkowa zawieraj\u0105ca niewielk\u0105 cz\u0119\u015b\u0107 proch\u00f3w, prace r\u0119kodzielnicze, biodegradowalne urny zaprojektowane tak, aby wtapia\u0142y si\u0119 w natur\u0119\u2026 Wszystkie te formy upami\u0119tnienia s\u0105 intymnym, koj\u0105cym i pe\u0142nym znaczenia gestem.<\/p>\n\n\n\n<h2 class=\"wp-block-heading\">Praktyka dostosowuj\u0105ca si\u0119 do planety<\/h2>\n\n\n\n<figure class=\"wp-block-image\"><img decoding=\"async\" src=\"https:\/\/celebfrance.org\/wp-content\/uploads\/2026\/01\/a-l-echelle-nationale-450-cremations-par-jour-sont-effectuees-photo-rl-laurent-mami-1572535311.jpg\" alt=\"\" class=\"wp-image-91452\"\/><\/figure>\n\n\n\n<p>W obliczu wyzwa\u0144 \u015brodowiskowych, kremacja r\u00f3wnie\u017c ewoluowa\u0142a. Coraz wi\u0119cej zak\u0142ad\u00f3w inwestuje w sprz\u0119t o wy\u017cszej wydajno\u015bci, zmniejszaj\u0105c zu\u017cycie energii i emisje. Inne rozwi\u0105zania, wci\u0105\u017c w fazie rozwoju, maj\u0105 na celu ponowne przemy\u015blenie tej ostatniej formy poch\u00f3wku z bardziej zr\u00f3wnowa\u017conej i przyjaznej dla \u015brodowiska perspektywy.<\/p>\n\n\n\n<p>Sektor przechodz\u0105cy g\u0142\u0119bokie zmiany, w kt\u00f3rym innowacyjno\u015b\u0107, odpowiedzialno\u015b\u0107 i cz\u0142owiecze\u0144stwo id\u0105 rami\u0119 w rami\u0119.<\/p>\n\n\n\n<h2 class=\"wp-block-heading\">Wymiar emocjonalny, serce wszystkiego<\/h2>\n\n\n\n<p>Pomijaj\u0105c aspekty techniczne i organizacyjne, kremacja pozostaje przede wszystkim g\u0142\u0119boko emocjonalnym do\u015bwiadczeniem. Daje rodzinom mo\u017cliwo\u015b\u0107 stworzenia ca\u0142kowicie spersonalizowanego ho\u0142du: starannie dobrana muzyka, kameralna ceremonia, list umieszczony przy urnie, wsp\u00f3lny gest podczas rozsypywania proch\u00f3w\u2026 Te przemy\u015blane akcenty towarzysz\u0105 procesowi \u017ca\u0142oby i przekszta\u0142caj\u0105 to trudne do\u015bwiadczenie w czas dzielenia si\u0119. Cz\u0119sto rytua\u0142 ten staje si\u0119&nbsp;<strong>\u017ar\u00f3d\u0142em pocieszenia<\/strong>&nbsp;, gdzie b\u00f3l stopniowo ust\u0119puje miejsca wspomnieniom i wdzi\u0119czno\u015bci.<\/p>\n\n\n\n<h2 class=\"wp-block-heading\">Jasne i uspokajaj\u0105ce ramy prawne<\/h2>\n\n\n\n<p>We Francji kremacja jest \u015bci\u015ble regulowana prawnie, aby zapewni\u0107 szacunek zmar\u0142emu i spok\u00f3j ducha jego bliskim. Zezwolenia administracyjne, miejsca pami\u0119ci oraz warunki przechowywania lub rozsypywania proch\u00f3w: ka\u017cdy etap jest precyzyjnie okre\u015blony. Te ramy prawne pozwalaj\u0105 rodzinom dzia\u0142a\u0107 z poczuciem bezpiecze\u0144stwa, wiedz\u0105c, \u017ce wszystko odbywa si\u0119 z nale\u017cyt\u0105 staranno\u015bci\u0105 i transparentno\u015bci\u0105.<\/p>\n\n\n\n<p>Zrozumienie kremacji oznacza r\u00f3wnie\u017c odkrycie drogi do formy spokoju, w kt\u00f3rej \u017cycie jest celebrowane ze skromno\u015bci\u0105, szacunkiem i wra\u017cliwo\u015bci\u0105.<\/p>\n\n\n\n<p>Poniewa\u017c uczczenie pami\u0119ci bliskiej osoby polega przede wszystkim na ofiarowaniu jej ostatniego gestu, przepe\u0142nionego mi\u0142o\u015bci\u0105, pokojem i godno\u015bci\u0105.<\/p>\n","protected":false},"excerpt":{"rendered":"Czy zastanawia\u0142e\u015b si\u0119 kiedy\u015b, co tak naprawd\u0119 dzieje si\u0119, gdy kto\u015b wybiera kremacj\u0119? Temat mo\u017ce wydawa\u0107 si\u0119 dra\u017cliwy, a czasem wr\u0119cz tabu, ale \n<a class=\"moretag\" href=\"https:\/\/swiat24.pl.ua\/?p=20817\"> [...]<\/a>","protected":false},"author":1,"featured_media":20818,"comment_status":"open","ping_status":"open","sticky":false,"template":"","format":"standard","meta":{"footnotes":""},"categories":[1],"tags":[],"class_list":["post-20817","post","type-post","status-publish","format-standard","has-post-thumbnail","hentry","category-blog"],"_links":{"self":[{"href":"https:\/\/swiat24.pl.ua\/index.php?rest_route=\/wp\/v2\/posts\/20817","targetHints":{"allow":["GET"]}}],"collection":[{"href":"https:\/\/swiat24.pl.ua\/index.php?rest_route=\/wp\/v2\/posts"}],"about":[{"href":"https:\/\/swiat24.pl.ua\/index.php?rest_route=\/wp\/v2\/types\/post"}],"author":[{"embeddable":true,"href":"https:\/\/swiat24.pl.ua\/index.php?rest_route=\/wp\/v2\/users\/1"}],"replies":[{"embeddable":true,"href":"https:\/\/swiat24.pl.ua\/index.php?rest_route=%2Fwp%2Fv2%2Fcomments&post=20817"}],"version-history":[{"count":1,"href":"https:\/\/swiat24.pl.ua\/index.php?rest_route=\/wp\/v2\/posts\/20817\/revisions"}],"predecessor-version":[{"id":20819,"href":"https:\/\/swiat24.pl.ua\/index.php?rest_route=\/wp\/v2\/posts\/20817\/revisions\/20819"}],"wp:featuredmedia":[{"embeddable":true,"href":"https:\/\/swiat24.pl.ua\/index.php?rest_route=\/wp\/v2\/media\/20818"}],"wp:attachment":[{"href":"https:\/\/swiat24.pl.ua\/index.php?rest_route=%2Fwp%2Fv2%2Fmedia&parent=20817"}],"wp:term":[{"taxonomy":"category","embeddable":true,"href":"https:\/\/swiat24.pl.ua\/index.php?rest_route=%2Fwp%2Fv2%2Fcategories&post=20817"},{"taxonomy":"post_tag","embeddable":true,"href":"https:\/\/swiat24.pl.ua\/index.php?rest_route=%2Fwp%2Fv2%2Ftags&post=20817"}],"curies":[{"name":"wp","href":"https:\/\/api.w.org\/{rel}","templated":true}]}}