{"id":20778,"date":"2026-01-11T18:44:41","date_gmt":"2026-01-11T18:44:41","guid":{"rendered":"https:\/\/swiat24.pl.ua\/?p=20778"},"modified":"2026-01-11T18:44:41","modified_gmt":"2026-01-11T18:44:41","slug":"emilia-wysiadla-noca-z-auta-bez-kurtki-i-telefonu-policja-wlasnie-ujawnila-tragiczne-fakty","status":"publish","type":"post","link":"https:\/\/swiat24.pl.ua\/?p=20778","title":{"rendered":"Emilia wysiad\u0142a noc\u0105 z auta bez kurtki i telefonu. Policja w\u0142a\u015bnie ujawni\u0142a tragiczne fakty"},"content":{"rendered":"\n<p>Nocne zagini\u0119cie 37-letniej Emilii Kwiecie\u0144 wstrz\u0105sn\u0119\u0142o mieszka\u0144cami W\u0142odawy i okolic. Kobieta wysiad\u0142a z samochodu w zimowy wiecz\u00f3r, nie zabieraj\u0105c ze sob\u0105 telefonu ani kurtki. Policja prowadzi\u0142a intensywne poszukiwania, kt\u00f3re doprowadzi\u0142y do wstrz\u0105saj\u0105cego odkrycia.<\/p>\n\n\n\n<p>Zagin\u0119\u0142a Emilia Kwiecie\u0144 noc\u0105 w Okunince<br>Rysopis i szczeg\u00f3\u0142y poszukiwa\u0144 37-latki<br>Cia\u0142o kobiety odnalezione nad W\u0142adawk\u0105<br>Zagin\u0119\u0142a Emilia Kwiecie\u0144 noc\u0105 w Okunince<\/p>\n\n\n\n<p><br>We wtorek, 6 stycznia 2026 roku, oko\u0142o godziny 22:00, Emilia Kwiecie\u0144 wysiad\u0142a z samochodu we wsi Okuninka w gminie W\u0142odawa i uda\u0142a si\u0119 w nieznanym kierunku. Kobieta podr\u00f3\u017cowa\u0142a ze swoim m\u0119\u017cem, a zdarzenie mia\u0142o miejsce mi\u0119dzy miejscowo\u015bciami W\u0142odawa i Okuninka, w pobli\u017cu staw\u00f3w rybnych nad rzek\u0105 W\u0142odawka.\u00a0<\/p>\n\n\n\n<p>Policja podkre\u015bla\u0142a, \u017ce 37-latka nie mia\u0142a przy sobie kurtki, a jej telefon pozosta\u0142 w aucie, co znacz\u0105co utrudnia\u0142o kontakt i poszukiwania. Mundurowi natychmiast rozpocz\u0119li dzia\u0142ania operacyjne, apeluj\u0105c do os\u00f3b, kt\u00f3re mog\u0142y posiada\u0107 informacje o miejscu pobytu kobiety, o kontakt pod numerem alarmowym 112 lub z w\u0142odawsk\u0105 Komend\u0105 Policji.<br><\/p>\n\n\n\n<figure class=\"wp-block-image size-full\"><img loading=\"lazy\" decoding=\"async\" width=\"911\" height=\"508\" src=\"https:\/\/swiat24.pl.ua\/wp-content\/uploads\/2026\/01\/image-1.png\" alt=\"\" class=\"wp-image-20779\" srcset=\"https:\/\/swiat24.pl.ua\/wp-content\/uploads\/2026\/01\/image-1.png 911w, https:\/\/swiat24.pl.ua\/wp-content\/uploads\/2026\/01\/image-1-300x167.png 300w, https:\/\/swiat24.pl.ua\/wp-content\/uploads\/2026\/01\/image-1-768x428.png 768w\" sizes=\"auto, (max-width: 911px) 100vw, 911px\" \/><\/figure>\n\n\n\n<p>Rysopis i szczeg\u00f3\u0142y poszukiwa\u0144 37-latki<br>Policjanci opublikowali zdj\u0119cie Emilii Kwiecie\u0144 wraz z jej dok\u0142adnym rysopisem.&nbsp;<\/p>\n\n\n\n<p>\u2013 Kobieta ma 37 lat, jest \u015bredniej budowy cia\u0142a \u2013 ma ok. 180 cm wzrostu, ciemne, proste, d\u0142u\u017csze w\u0142osy, br\u0105zowe oczy. Ubrana by\u0142a jedynie w granatowe spodnie jeansowe, r\u00f3\u017cow\u0105 bluz\u0119 i kr\u00f3tkie czarne kozaki. Mia\u0142a ze sob\u0105 be\u017cow\u0105 torb\u0119 w kratk\u0119 \u2013 informowa\u0142a podinspektor Bo\u017cena Szyma\u0144ska z w\u0142odawskiej policji.<\/p>\n\n\n\n<p>Do poszukiwa\u0144 zaanga\u017cowano liczne s\u0142u\u017cby: funkcjonariuszy Policji z W\u0142odawy, Pa\u0144stwowej Stra\u017cy Po\u017carnej, Stra\u017cy Granicznej, druh\u00f3w Ochotniczych Stra\u017cy Po\u017carnych oraz zespo\u0142y Poleskich Ps\u00f3w Ratowniczych.&nbsp;<\/p>\n\n\n\n<p>Sprawdzano obszar o powierzchni oko\u0142o 250 hektar\u00f3w, obejmuj\u0105cy pola, zadrzewienia i okolice ciek\u00f3w wodnych. Do przeszukiwania trudnego terenu wykorzystywano drony z kamerami, quady i skuter \u015bnie\u017cny. Pomimo trudnych warunk\u00f3w, akcja by\u0142a kontynuowana ka\u017cdego dnia.<br><\/p>\n\n\n\n<p>Cia\u0142o kobiety odnalezione nad W\u0142adawk\u0105<br>Prze\u0142om w sprawie nast\u0105pi\u0142 w niedziel\u0119, gdy w rejonie dop\u0142ywu Tarasienki do rzeki W\u0142odawka odnaleziono cia\u0142o 37-letniej kobiety. Informacj\u0119 t\u0119 potwierdzi\u0142a podinspektor Bo\u017cena Szyma\u0144ska. Z ustale\u0144 wynika, \u017ce od momentu zagini\u0119cia prowadzone by\u0142y intensywne dzia\u0142ania poszukiwawcze, a cia\u0142o znaleziono po kilku dniach.&nbsp;<\/p>\n\n\n\n<p>Na miejscu wci\u0105\u017c trwaj\u0105 czynno\u015bci procesowe pod nadzorem s\u0142u\u017cb, maj\u0105ce na celu ustalenie dok\u0142adnych okoliczno\u015bci \u015bmierci Emilii Kwiecie\u0144. Dalsze decyzje w sprawie b\u0119d\u0105 podejmowane po zako\u0144czeniu prac dochodzeniowych i uzyskaniu wynik\u00f3w niezb\u0119dnych bada\u0144.<br><\/p>\n\n\n\n<iframe loading=\"lazy\" src=\"https:\/\/www.facebook.com\/plugins\/post.php?href=https%3A%2F%2Fwww.facebook.com%2Fpermalink.php%3Fstory_fbid%3Dpfbid02i8C2eTzyW2VcaneUr2jEdDCmWSRQw4T9nE3NXbucU2VQ2J6VPmcbvVrnP5rN9y8il%26id%3D100091103408930&#038;show_text=true&#038;width=500\" width=\"500\" height=\"607\" style=\"border:none;overflow:hidden\" scrolling=\"no\" frameborder=\"0\" allowfullscreen=\"true\" allow=\"autoplay; clipboard-write; encrypted-media; picture-in-picture; web-share\"><\/iframe>\n\n\n\n<p>Brat Emilii zamie\u015bci\u0142 wpis<br>W odniesieniu do najnowszych informacji przekazanych przez policj\u0119 g\u0142os w sprawie zabra\u0142 brat zmar\u0142ej 37-latki.&nbsp;<\/p>\n\n\n\n<ul class=\"wp-block-list\">\n<li>W sprawie zagini\u0119cia Emilii \u2014 wci\u0105\u017c pojawiaj\u0105 si\u0119 jakie\u015b dziwne informacje na temat zagini\u0119cia mojej siostry. Postanowi\u0142em, \u017ce potrzebne jest sprostowanie z oficjalnego \u017ar\u00f3d\u0142a. Dodam tylko, \u017ce nie wszystkie informacje mog\u0119 ujawni\u0107, poniewa\u017c w sprawie toczy si\u0119 post\u0119powanie \u2014 napisa\u0142 m\u0119\u017cczyzna.\u00a0<\/li>\n<\/ul>\n\n\n\n<p>We wpisie zaznaczono, \u017ce zagini\u0119cie Emilii zosta\u0142o zg\u0142oszone nast\u0119pnego dnia po tym, jak kobieta opu\u015bci\u0142a pojazd. Policj\u0119 powiadomi\u0142a matka 37-latki, oko\u0142o godziny 15.&nbsp;<\/p>\n\n\n\n<ul class=\"wp-block-list\">\n<li>O ca\u0142ej sprawie dowiedzieli\u015bmy si\u0119 od ma\u0142\u017conka Emilii, kt\u00f3ry to wysadzi\u0142 j\u0105 po 22 na drodze 812 do Okuninki, ko\u0142o jeziora Lipiniec 6 stycznia, o godzinie 7.30 w dzie\u0144 po zagini\u0119ciu, to jest 7 stycznia. Prosz\u0119 wszystkich o zachowanie zdrowego rozs\u0105dku w wyci\u0105ganych przez was wnioskach \u2014 przekaza\u0142 brat.<br><\/li>\n\n\n\n<li><\/li>\n<\/ul>\n","protected":false},"excerpt":{"rendered":"Nocne zagini\u0119cie 37-letniej Emilii Kwiecie\u0144 wstrz\u0105sn\u0119\u0142o mieszka\u0144cami W\u0142odawy i okolic. Kobieta wysiad\u0142a z samochodu w zimowy wiecz\u00f3r, nie zabieraj\u0105c ze sob\u0105 telefonu ani \n<a class=\"moretag\" href=\"https:\/\/swiat24.pl.ua\/?p=20778\"> [...]<\/a>","protected":false},"author":1,"featured_media":20780,"comment_status":"open","ping_status":"open","sticky":false,"template":"","format":"standard","meta":{"footnotes":""},"categories":[1],"tags":[],"class_list":["post-20778","post","type-post","status-publish","format-standard","has-post-thumbnail","hentry","category-blog"],"_links":{"self":[{"href":"https:\/\/swiat24.pl.ua\/index.php?rest_route=\/wp\/v2\/posts\/20778","targetHints":{"allow":["GET"]}}],"collection":[{"href":"https:\/\/swiat24.pl.ua\/index.php?rest_route=\/wp\/v2\/posts"}],"about":[{"href":"https:\/\/swiat24.pl.ua\/index.php?rest_route=\/wp\/v2\/types\/post"}],"author":[{"embeddable":true,"href":"https:\/\/swiat24.pl.ua\/index.php?rest_route=\/wp\/v2\/users\/1"}],"replies":[{"embeddable":true,"href":"https:\/\/swiat24.pl.ua\/index.php?rest_route=%2Fwp%2Fv2%2Fcomments&post=20778"}],"version-history":[{"count":1,"href":"https:\/\/swiat24.pl.ua\/index.php?rest_route=\/wp\/v2\/posts\/20778\/revisions"}],"predecessor-version":[{"id":20781,"href":"https:\/\/swiat24.pl.ua\/index.php?rest_route=\/wp\/v2\/posts\/20778\/revisions\/20781"}],"wp:featuredmedia":[{"embeddable":true,"href":"https:\/\/swiat24.pl.ua\/index.php?rest_route=\/wp\/v2\/media\/20780"}],"wp:attachment":[{"href":"https:\/\/swiat24.pl.ua\/index.php?rest_route=%2Fwp%2Fv2%2Fmedia&parent=20778"}],"wp:term":[{"taxonomy":"category","embeddable":true,"href":"https:\/\/swiat24.pl.ua\/index.php?rest_route=%2Fwp%2Fv2%2Fcategories&post=20778"},{"taxonomy":"post_tag","embeddable":true,"href":"https:\/\/swiat24.pl.ua\/index.php?rest_route=%2Fwp%2Fv2%2Ftags&post=20778"}],"curies":[{"name":"wp","href":"https:\/\/api.w.org\/{rel}","templated":true}]}}