{"id":20734,"date":"2026-01-11T15:55:26","date_gmt":"2026-01-11T15:55:26","guid":{"rendered":"https:\/\/swiat24.pl.ua\/?p=20734"},"modified":"2026-01-11T15:55:26","modified_gmt":"2026-01-11T15:55:26","slug":"nie-zyje-marian-pieczka-wielki-smutek-mial-73-lata","status":"publish","type":"post","link":"https:\/\/swiat24.pl.ua\/?p=20734","title":{"rendered":"Nie \u017cyje Marian Pieczka. Wielki smutek, mia\u0142 73 lata"},"content":{"rendered":"\n<p>\u015awiat sportu jest pogr\u0105\u017cony w \u017ca\u0142obie. W wieku 73 lat zmar\u0142 Marian Pieczka, reprezentant Polski w gimnastyce. Sportowiec wyst\u0105pi\u0142 z kadr\u0105 na Igrzyskach Olimpijskich w Montrealu.<\/p>\n\n\n\n<p>Nie \u017cyje polski olimpijczyk<br>O \u015bmierci uznanego sportowca poinformowa\u0142 za po\u015brednictwem medi\u00f3w spo\u0142eczno\u015bciowych Polski Zwi\u0105zek Gimnastyczny.&nbsp;<\/p>\n\n\n\n<p>Z niewys\u0142owionym \u017calem informujemy, \u017ce w wieku 73 lat zmar\u0142 olimpijczyk z Montrealu Marian Pieczka. <\/p>\n\n\n\n<p>W imieniu Zarz\u0105du Polskiego Zwi\u0105zku Gimnastycznego sk\u0142adamy najszczersze wyrazy wsp\u00f3\u0142czucia najbli\u017cszym pana Mariana oraz Klubowi Gimnastycznemu Radlin \u2013 napisano w komunikacie.: Niespodziewana \u015bmier\u0107 reprezentanta kraju. \u015awiat obieg\u0142y tragiczne wie\u015bci<\/p>\n\n\n\n<p>Bogata kariera sportowa Mariana Pieczki<br>Marian Pieczka urodzi\u0142 si\u0119 w 12 pa\u017adziernika 1951 roku w Rybniku, a swoj\u0105 karier\u0119 sportow\u0105 rozpocz\u0105\u0142 jako 9-latek w klubie G\u00f3rnik Radlin. Gimnastyk ma na koncie udzia\u0142 w wielu presti\u017cowych imprezach, takich jak m.in. mistrzostwach \u015bwiata w wieloboju dru\u017cynowym w Strasburgu (1978), gdzie Polska dru\u017cyna zaj\u0119\u0142a 9. miejsce oraz w Moskwie (1981) \u2013 11. miejsce. To jednak nie by\u0142y najwa\u017cniejsze imprezy, w jakich Pieczka wzi\u0105\u0142 udzia\u0142.<\/p>\n\n\n\n<p>Wystartowa\u0142 na olimpiadzie w Montrealu<br>W 1976 roku Marian Pieczka wzi\u0105\u0142 udzia\u0142 w najbardziej presti\u017cowej imprezie sportowej, czyli Igrzyskach Olimpijskich w Montrealu. Tam razem z Polsk\u0105 kadr\u0105 uplasowa\u0142 si\u0119 na 11. miejscu w klasyfikacji dru\u017cynowej. Po zako\u0144czeniu kariery sportowej zosta\u0142 trenerem w Klubie Gimnastycznym Radlin.&nbsp;<\/p>\n\n\n\n<p>Pogrzeb olimpijczyka odb\u0119dzie si\u0119 w&nbsp;najbli\u017cszy poniedzia\u0142ek 28 pa\u017adziernika 2024 r., o&nbsp;godz. 9.00 na&nbsp;cmentarzu komunalnym w&nbsp;Wodzis\u0142awiu \u015al\u0105skim.<\/p>\n","protected":false},"excerpt":{"rendered":"\u015awiat sportu jest pogr\u0105\u017cony w \u017ca\u0142obie. W wieku 73 lat zmar\u0142 Marian Pieczka, reprezentant Polski w gimnastyce. Sportowiec wyst\u0105pi\u0142 z kadr\u0105 na Igrzyskach \n<a class=\"moretag\" href=\"https:\/\/swiat24.pl.ua\/?p=20734\"> [...]<\/a>","protected":false},"author":1,"featured_media":20735,"comment_status":"open","ping_status":"open","sticky":false,"template":"","format":"standard","meta":{"footnotes":""},"categories":[1],"tags":[],"class_list":["post-20734","post","type-post","status-publish","format-standard","has-post-thumbnail","hentry","category-blog"],"_links":{"self":[{"href":"https:\/\/swiat24.pl.ua\/index.php?rest_route=\/wp\/v2\/posts\/20734","targetHints":{"allow":["GET"]}}],"collection":[{"href":"https:\/\/swiat24.pl.ua\/index.php?rest_route=\/wp\/v2\/posts"}],"about":[{"href":"https:\/\/swiat24.pl.ua\/index.php?rest_route=\/wp\/v2\/types\/post"}],"author":[{"embeddable":true,"href":"https:\/\/swiat24.pl.ua\/index.php?rest_route=\/wp\/v2\/users\/1"}],"replies":[{"embeddable":true,"href":"https:\/\/swiat24.pl.ua\/index.php?rest_route=%2Fwp%2Fv2%2Fcomments&post=20734"}],"version-history":[{"count":1,"href":"https:\/\/swiat24.pl.ua\/index.php?rest_route=\/wp\/v2\/posts\/20734\/revisions"}],"predecessor-version":[{"id":20736,"href":"https:\/\/swiat24.pl.ua\/index.php?rest_route=\/wp\/v2\/posts\/20734\/revisions\/20736"}],"wp:featuredmedia":[{"embeddable":true,"href":"https:\/\/swiat24.pl.ua\/index.php?rest_route=\/wp\/v2\/media\/20735"}],"wp:attachment":[{"href":"https:\/\/swiat24.pl.ua\/index.php?rest_route=%2Fwp%2Fv2%2Fmedia&parent=20734"}],"wp:term":[{"taxonomy":"category","embeddable":true,"href":"https:\/\/swiat24.pl.ua\/index.php?rest_route=%2Fwp%2Fv2%2Fcategories&post=20734"},{"taxonomy":"post_tag","embeddable":true,"href":"https:\/\/swiat24.pl.ua\/index.php?rest_route=%2Fwp%2Fv2%2Ftags&post=20734"}],"curies":[{"name":"wp","href":"https:\/\/api.w.org\/{rel}","templated":true}]}}