{"id":20725,"date":"2026-01-11T15:43:15","date_gmt":"2026-01-11T15:43:15","guid":{"rendered":"https:\/\/swiat24.pl.ua\/?p=20725"},"modified":"2026-01-11T15:43:15","modified_gmt":"2026-01-11T15:43:15","slug":"dlaczego-budzenie-sie-miedzy-200-a-300-w-nocy-moze-oznaczac-cos-powaznego","status":"publish","type":"post","link":"https:\/\/swiat24.pl.ua\/?p=20725","title":{"rendered":"Dlaczego budzenie si\u0119 mi\u0119dzy 2:00 a 3:00 w nocy mo\u017ce oznacza\u0107 co\u015b powa\u017cnego"},"content":{"rendered":"\n<p>Specjalista od bezsenno\u015bci ostrzega przed potencjalnym niebezpiecze\u0144stwem wynikaj\u0105cym z cz\u0119stego wybudzania si\u0119 mi\u0119dzy 2.00 a 3.00 w nocy, podkre\u015blaj\u0105c, \u017ce mo\u017ce to by\u0107 objawem problem\u00f3w zdrowotnych.<\/p>\n\n\n\n<p>Lekarz otwarcie m\u00f3wi\u0142 o ryzyku zwi\u0105zanym z wybudzaniem si\u0119 w tym konkretnym okresie, przyznaj\u0105c, \u017ce ten schemat kiedy\u015b \u201ezrujnowa\u0142\u201d jego \u017cycie.<\/p>\n\n\n\n<p>Chocia\u017c budzenie si\u0119 w nocy jest powszechne \u2013 cz\u0119sto z powodu potrzeby skorzystania z toalety \u2013 regularne wybudzanie si\u0119 mi\u0119dzy 2 a 3 nad ranem mo\u017ce wskazywa\u0107 na g\u0142\u0119bszy problem.<\/p>\n\n\n\n<p>Dr Eric Berg DC, kt\u00f3ry udost\u0119pnia w Internecie materia\u0142y edukacyjne na temat zdrowia i dobrego samopoczucia, zach\u0119ca ludzi, aby zwracali uwag\u0119 nie tylko na to, jak cz\u0119sto budz\u0105 si\u0119 w nocy, ale tak\u017ce na to, kiedy si\u0119 budz\u0105.<\/p>\n\n\n\n<h1 class=\"wp-block-heading\"><strong>Do\u015bwiadczenie dr. Berga<\/strong><\/h1>\n\n\n\n<p>W niedawno opublikowanym na YouTube filmie dr Berg wyja\u015bni\u0142, \u017ce kortyzol \u2014 g\u0142\u00f3wny hormon stresu w organizmie \u2014 powinien zazwyczaj osi\u0105ga\u0107 najni\u017cszy poziom mi\u0119dzy 2:00 a 3:00 w nocy. U niekt\u00f3rych os\u00f3b jednak poziom kortyzolu gwa\u0142townie wzrasta w tym okresie, zak\u0142\u00f3caj\u0105c sen i negatywnie wp\u0142ywaj\u0105c na codzienne funkcjonowanie.<\/p>\n\n\n\n<p>Zwr\u00f3ci\u0142 r\u00f3wnie\u017c uwag\u0119, \u017ce magnez pomaga regulowa\u0107 poziom kortyzolu, co sugeruje, \u017ce problemy ze snem zwi\u0105zane z wczesnym porannym budzeniem si\u0119 mog\u0105 by\u0107 zwi\u0105zane z jego niedoborem. Radzi ka\u017cdemu, kto zmaga si\u0119 z uporczywymi problemami ze snem, aby skonsultowa\u0142 si\u0119 z lekarzem rodzinnym.<\/p>\n\n\n\n<p>Przedstawiaj\u0105c siebie jako \u201eeksperta od bezsenno\u015bci\u201d, dr Berg wyzna\u0142, \u017ce zmaga\u0142 si\u0119 z powa\u017cnymi problemami ze snem przez ponad dziesi\u0119\u0107 lat. W swoim filmie pyta\u0142 widz\u00f3w:<br>\u201eJak mo\u017cna ponownie zasn\u0105\u0107, je\u015bli budzi si\u0119 mi\u0119dzy 2 a 3 w nocy? Zmaga\u0142em si\u0119 z tym przez ponad dekad\u0119 i niszczy\u0142o mi to \u017cycie\u201d.<\/p>\n\n\n\n<p>Doda\u0142, \u017ce problem wykracza\u0142 daleko poza kr\u00f3tkie przebudzenia. Niekt\u00f3rymi nocami w og\u00f3le nie spa\u0142, le\u017c\u0105c bezsennie a\u017c do rana. \u201eTo by\u0142o jak tortura\u201d \u2013 powiedzia\u0142.<\/p>\n\n\n\n<figure class=\"wp-block-embed is-type-video is-provider-youtube wp-block-embed-youtube wp-embed-aspect-16-9 wp-has-aspect-ratio\"><div class=\"wp-block-embed__wrapper\">\n<iframe loading=\"lazy\" title=\"This Was DESTROYING My Life\" width=\"747\" height=\"420\" src=\"https:\/\/www.youtube.com\/embed\/pJ9xTMkGxXg?feature=oembed\" frameborder=\"0\" allow=\"accelerometer; autoplay; clipboard-write; encrypted-media; gyroscope; picture-in-picture; web-share\" referrerpolicy=\"strict-origin-when-cross-origin\" allowfullscreen><\/iframe>\n<\/div><\/figure>\n\n\n\n<h1 class=\"wp-block-heading\"><strong>Dlaczego ten czas ma znaczenie<\/strong><\/h1>\n\n\n\n<p>Dr Berg skupi\u0142 si\u0119 p\u00f3\u017aniej szczeg\u00f3lnie na godzinie 2 w nocy, wyja\u015bniaj\u0105c, jak dzia\u0142a rytm dobowy organizmu. Zazwyczaj kortyzol jest najni\u017cszy oko\u0142o godziny 2 w nocy, a szczytowy oko\u0142o godziny 8 rano. W jego przypadku cykl si\u0119 odwr\u00f3ci\u0142 \u2013 czu\u0142 si\u0119 pobudzony w nocy i wyczerpany rano.<\/p>\n\n\n\n<p>Podkre\u015bli\u0142, \u017ce d\u0142ugotrwa\u0142y niedob\u00f3r snu wi\u0105\u017ce si\u0119 z powa\u017cnymi schorzeniami, w tym chorobami serca, demencj\u0105 i cukrzyc\u0105.<\/p>\n\n\n\n<h1 class=\"wp-block-heading\"><strong>Sposoby na obni\u017cenie poziomu kortyzolu w nocy<\/strong><\/h1>\n\n\n\n<p>Dr Berg twierdzi, \u017ce istniej\u0105 strategie, kt\u00f3re mog\u0105 pom\u00f3c obni\u017cy\u0107 poziom kortyzolu podczas snu i zapobiec wczesnym porannym wybudzeniom. Jedn\u0105 z najwa\u017cniejszych jest magnez.<\/p>\n\n\n\n<p>Niedob\u00f3r magnezu mo\u017ce powodowa\u0107 napi\u0119cie mi\u0119\u015bni, skurcze i podwy\u017cszony poziom kortyzolu. Wyja\u015bni\u0142, \u017ce sztywno\u015b\u0107 plec\u00f3w lub skurcze n\u00f3g \u2013 zw\u0142aszcza przy stawianiu palc\u00f3w u st\u00f3p \u2013 mog\u0105 by\u0107 oznakami niedoboru.<\/p>\n\n\n\n<p>Magnez wspomaga r\u00f3wnie\u017c rozlu\u017anienie mi\u0119\u015bni, uspokaja uk\u0142ad nerwowy i mo\u017ce pom\u00f3c w zmniejszeniu l\u0119ku i dra\u017cliwo\u015bci. Dr Berg zaleca przyjmowanie suplement\u00f3w magnezu wieczorem przed snem.<\/p>\n\n\n\n<p>Doda\u0142, \u017ce poziom magnezu w organizmie jest zazwyczaj najni\u017cszy oko\u0142o godziny 6 rano, co mo\u017ce t\u0142umaczy\u0107, dlaczego niekt\u00f3re problemy zdrowotne \u2013 takie jak zawa\u0142y serca, udary i zesp\u00f3\u0142 niespokojnych n\u00f3g \u2013 cz\u0119sto wyst\u0119puj\u0105 w godzinach porannych.<\/p>\n\n\n\n<figure class=\"wp-block-image\"><img decoding=\"async\" src=\"https:\/\/kaylestore.b-cdn.net\/wp-content\/uploads\/2026\/01\/Screenshot-2026-01-09-151144.png\" alt=\"\" class=\"wp-image-33230\"\/><\/figure>\n\n\n\n<h1 class=\"wp-block-heading\"><strong>Inne mo\u017cliwe przyczyny<\/strong><\/h1>\n\n\n\n<p>Dr Berg podkre\u015bli\u0142, \u017ce skoki poziomu kortyzolu nie s\u0105 jedynym powodem, dla kt\u00f3rego ludzie budz\u0105 si\u0119 oko\u0142o 2 w nocy. Niski poziom cukru we krwi mo\u017ce r\u00f3wnie\u017c powodowa\u0107 wydzielanie kortyzolu, szczeg\u00f3lnie u os\u00f3b stosuj\u0105cych diety wysokow\u0119glowodanowe. Gdy poziom cukru we krwi spada podczas snu, organizm mo\u017ce zwi\u0119kszy\u0107 poziom kortyzolu, aby go ustabilizowa\u0107.<\/p>\n\n\n\n<p>Sugeruje przeanalizowanie tego, co jad\u0142e\u015b poprzedniego dnia, zwracaj\u0105c uwag\u0119, \u017ce rafinowane w\u0119glowodany, glutaminian sodu, alkohol, jedzenie p\u00f3\u017ano w nocy i cz\u0119ste podjadanie mog\u0105 zak\u0142\u00f3ca\u0107 sen.<\/p>\n\n\n\n<p>Ochota na s\u00f3l mo\u017ce wskazywa\u0107 na niski poziom sodu, co r\u00f3wnie\u017c mo\u017ce wp\u0142ywa\u0107 na poziom kortyzolu. W takich przypadkach pomocne mo\u017ce by\u0107 dodawanie niewielkich ilo\u015bci soli morskiej w ci\u0105gu dnia.<\/p>\n\n\n\n<p>Na koniec dr Berg wspomnia\u0142, \u017ce w\u0105troba jest najbardziej aktywna w detoksykacji organizmu mi\u0119dzy godzin\u0105 1:00 a 3:00 w nocy. Przebudzenie si\u0119 w tym czasie mo\u017ce wskazywa\u0107 na obci\u0105\u017cenie w\u0105troby. Zauwa\u017cy\u0142 r\u00f3wnie\u017c, \u017ce ostropest plamisty przed snem mo\u017ce mie\u0107 korzystny wp\u0142yw.<\/p>\n\n\n\n<p>Okazuje si\u0119, \u017ce sen mo\u017ce powiedzie\u0107 Ci wi\u0119cej, ni\u017c Ci si\u0119 wydaje.<\/p>\n","protected":false},"excerpt":{"rendered":"Specjalista od bezsenno\u015bci ostrzega przed potencjalnym niebezpiecze\u0144stwem wynikaj\u0105cym z cz\u0119stego wybudzania si\u0119 mi\u0119dzy 2.00 a 3.00 w nocy, podkre\u015blaj\u0105c, \u017ce mo\u017ce to by\u0107 \n<a class=\"moretag\" href=\"https:\/\/swiat24.pl.ua\/?p=20725\"> [...]<\/a>","protected":false},"author":1,"featured_media":20726,"comment_status":"open","ping_status":"open","sticky":false,"template":"","format":"standard","meta":{"footnotes":""},"categories":[1],"tags":[],"class_list":["post-20725","post","type-post","status-publish","format-standard","has-post-thumbnail","hentry","category-blog"],"_links":{"self":[{"href":"https:\/\/swiat24.pl.ua\/index.php?rest_route=\/wp\/v2\/posts\/20725","targetHints":{"allow":["GET"]}}],"collection":[{"href":"https:\/\/swiat24.pl.ua\/index.php?rest_route=\/wp\/v2\/posts"}],"about":[{"href":"https:\/\/swiat24.pl.ua\/index.php?rest_route=\/wp\/v2\/types\/post"}],"author":[{"embeddable":true,"href":"https:\/\/swiat24.pl.ua\/index.php?rest_route=\/wp\/v2\/users\/1"}],"replies":[{"embeddable":true,"href":"https:\/\/swiat24.pl.ua\/index.php?rest_route=%2Fwp%2Fv2%2Fcomments&post=20725"}],"version-history":[{"count":1,"href":"https:\/\/swiat24.pl.ua\/index.php?rest_route=\/wp\/v2\/posts\/20725\/revisions"}],"predecessor-version":[{"id":20727,"href":"https:\/\/swiat24.pl.ua\/index.php?rest_route=\/wp\/v2\/posts\/20725\/revisions\/20727"}],"wp:featuredmedia":[{"embeddable":true,"href":"https:\/\/swiat24.pl.ua\/index.php?rest_route=\/wp\/v2\/media\/20726"}],"wp:attachment":[{"href":"https:\/\/swiat24.pl.ua\/index.php?rest_route=%2Fwp%2Fv2%2Fmedia&parent=20725"}],"wp:term":[{"taxonomy":"category","embeddable":true,"href":"https:\/\/swiat24.pl.ua\/index.php?rest_route=%2Fwp%2Fv2%2Fcategories&post=20725"},{"taxonomy":"post_tag","embeddable":true,"href":"https:\/\/swiat24.pl.ua\/index.php?rest_route=%2Fwp%2Fv2%2Ftags&post=20725"}],"curies":[{"name":"wp","href":"https:\/\/api.w.org\/{rel}","templated":true}]}}