{"id":20713,"date":"2026-01-11T14:23:04","date_gmt":"2026-01-11T14:23:04","guid":{"rendered":"https:\/\/swiat24.pl.ua\/?p=20713"},"modified":"2026-01-11T14:23:04","modified_gmt":"2026-01-11T14:23:04","slug":"nawrocki-wpadl-w-jego-objecia-na-jasnej-gorze-to-znany-gangster","status":"publish","type":"post","link":"https:\/\/swiat24.pl.ua\/?p=20713","title":{"rendered":"Nawrocki wpad\u0142 w jego obj\u0119cia na Jasnej G\u00f3rze. To znany gangster"},"content":{"rendered":"\n<p>W sobot\u0119 10 stycznia 2026 r. prezydent\u00a0Karol Nawrocki uczestniczy\u0142 w corocznej\u00a0Pielgrzymce Kibic\u00f3w na Jasnej G\u00f3rze. <\/p>\n\n\n\n<p>Jak ustali\u0142 Szymon Jadczak z Wirtualnej Polski, prezydent publicznie powita\u0142 si\u0119 i serdecznie u\u015bcisn\u0105\u0142 d\u0142o\u0144\u00a0Tomasza P. ps. <\/p>\n\n\n\n<p>\u201eDragon\u201d \u2013 znanego dzia\u0142acza \u015brodowisk pseudo kibicowskich, wobec kt\u00f3rego w 2024 r. zapad\u0142 nieprawomocny wyrok sze\u015bciu lat wi\u0119zienia za kierowanie zorganizowan\u0105 grup\u0105 przest\u0119pcz\u0105 i propagowanie nazizmu. <\/p>\n\n\n\n<p>Spotkanie wywo\u0142a\u0142o burz\u0119 medialn\u0105 i polityczn\u0105, rzucaj\u0105c ponownie \u015bwiat\u0142o na relacje g\u0142owy pa\u0144stwa z kontrowersyjnymi \u015brodowiskami kibicowskimi.\u00a0<\/p>\n\n\n\n<p>Spotkanie na Jasnej G\u00f3rze: co si\u0119 wydarzy\u0142o?<br>Kim jest Tomasz P. &#8220;Dragon&#8221;?<br>Powi\u0105zania prezydenta ze \u015bwiatem kibolskim<br>Komentarz Tomasza P. i polityka PIS<br>\u00a0<br>Spotkanie na Jasnej G\u00f3rze: co si\u0119 wydarzy\u0142o?<br>Prezydent Nawrocki wzi\u0105\u0142 udzia\u0142 w\u00a0XVIII Pielgrzymce Kibic\u00f3w, odbywaj\u0105cej si\u0119 tradycyjnie przy Sanktuarium Matki Bo\u017cej Cz\u0119stochowskiej. Od samego pocz\u0105tku prezydent by\u0142 bardzo ciep\u0142o powitany na wydarzeniu. <\/p>\n\n\n\n<p>W trakcie spotkania, na kt\u00f3re przybyli kibice z ca\u0142ej Polski, zwr\u00f3ci\u0142 si\u0119 do nich s\u0142owami \u201eCzo\u0142em kibice!\u201d oraz wyg\u0142osi\u0142 kr\u00f3tkie przem\u00f3wienie, dzi\u0119kuj\u0105c za wsparcie w trakcie kampanii wyborczej. Nast\u0119pnie prezydent w bardziej kameralnej cz\u0119\u015bci spotkania podszed\u0142 do grupy kibic\u00f3w i\u00a0u\u015bcisn\u0105\u0142 d\u0142o\u0144 Tomaszowi P. ps. \u201eDragon\u201d co zosta\u0142o udokumentowane na nagraniu wideo. Tomasz P. jest znany w \u015brodowisku kibolskim, zosta\u0142 te\u017c nieprawomocnie skazany za liczne przest\u0119pstwa.<br><\/p>\n\n\n\n<p>Kim jest Tomasz P. &#8220;Dragon&#8221;?<br>Tomasz P., znany w \u015brodowisku pseudokibic\u00f3w pod pseudonimem \u201eDragon\u201d, od wielu lat uchodzi za jedn\u0105 z najbardziej rozpoznawalnych postaci boj\u00f3wki sceny zwi\u0105zanej z Jagielloni\u0105 Bia\u0142ystok. Wed\u0142ug ustale\u0144 \u015bledczych pe\u0142ni\u0142 on rol\u0119 nieformalnego lidera, kt\u00f3ry mia\u0142 wp\u0142yw na decyzje dotycz\u0105ce b\u00f3jek mi\u0119dzy grupami pseudokibic\u00f3w, a tak\u017ce na mobilizowanie ich do udzia\u0142u w r\u00f3\u017cnych akcjach ulicznych.<\/p>\n\n\n\n<p> W 2024 roku zapad\u0142 wobec niego nieprawomocny wyrok sze\u015bciu lat pozbawienia wolno\u015bci za kierowanie zorganizowan\u0105 grup\u0105 przest\u0119pcz\u0105 oraz propagowanie ideologii nazistowskiej. Sprawa dotyczy\u0142a m.in. wykorzystywania symboliki neonazistowskiej oraz udzia\u0142u w dzia\u0142aniach o charakterze brutalnym i ideologicznym. Cho\u0107 wyrok nie jest prawomocny i czeka na rozpatrzenie przez s\u0105d drugiej instancji, sam fakt jego wydania sprawi\u0142, \u017ce \u201eDragon\u201d sta\u0142 si\u0119 symbolem patologii cz\u0119\u015bci \u015brodowisk pseudokibicowskich.<br><\/p>\n\n\n\n<p>Powi\u0105zania prezydenta ze \u015bwiatem kibolskim<br>Nale\u017cy przypomnie\u0107, \u017ce sam Karol Nawrocki mia\u0142 w przesz\u0142o\u015bci powi\u0105zania ze \u015brodowiskiem kibicowskim. Urz\u0119duj\u0105cy prezydent i zadeklarowany zwolennik Lechii Gda\u0144ski mia\u0142 wzi\u0105\u0107 udzia\u0142 w 2009 roku w ustawce z kibicami Lecha Pozna\u0144. Na tym nie ko\u0144cz\u0105 si\u0119 jednak powi\u0105zania prezydenta z \u015bwiatem kibolskim. Jednym z organizator\u00f3w pielgrzymki jest ks. Jaros\u0142aw W\u0105sowicz, kt\u00f3ry jednocze\u015bnie jest osobistym kapelanem prezydenta Karola Nawrockiego i zadeklarowanym kibicem Lechii Gda\u0144sk.<br><\/p>\n\n\n\n<figure class=\"wp-block-image size-full\"><img loading=\"lazy\" decoding=\"async\" width=\"578\" height=\"862\" src=\"https:\/\/swiat24.pl.ua\/wp-content\/uploads\/2026\/01\/image.png\" alt=\"\" class=\"wp-image-20714\" srcset=\"https:\/\/swiat24.pl.ua\/wp-content\/uploads\/2026\/01\/image.png 578w, https:\/\/swiat24.pl.ua\/wp-content\/uploads\/2026\/01\/image-201x300.png 201w\" sizes=\"auto, (max-width: 578px) 100vw, 578px\" \/><\/figure>\n\n\n\n<p>Komentarz Tomasza P i polityka PIS<br>Redakcja Wirtualnej Polski skontaktowa\u0142a si\u0119 w tej sprawie z samym Tomaszem P. Dziennikarze pytali m\u0119\u017cczyzn\u0119, czy do rozmawia\u0142 z prezydentem o ewentualnym u\u0142askawieniu. W odpowiedzi na to Tomasz P. odpar\u0142:<\/p>\n\n\n\n<p>&nbsp;Nie rozmawiam z panem. Dzi\u0119kuj\u0119, pozdrawiam&nbsp;<\/p>\n\n\n\n<p>Po tej odpowiedzi, m\u0119\u017cczyzna si\u0119 roz\u0142\u0105czy\u0142.&nbsp;<\/p>\n\n\n\n<p>Podobne pytanie zadano rzecznikowi prasowemu prezydenta-Rafa\u0142owi Le\u015bkiewiczowi, kt\u00f3ry udzieli\u0142 nast\u0119puj\u0105cej odpowiedzi:<\/p>\n\n\n\n<p>Prezydent RP Karol Nawrocki uczestniczy\u0142 wczoraj w XVIII Pielgrzymce Kibic\u00f3w na Jasn\u0105 G\u00f3r\u0119, by wsp\u00f3lnie z kibicami z ca\u0142ej Polski modli\u0107 si\u0119 przed Obrazem Matki Bo\u017cej Cz\u0119stochowskiej. Pan Prezydent wzi\u0105\u0142 udzia\u0142 we Mszy \u015awi\u0119tej, a nast\u0119pnie wyg\u0142osi\u0142 przem\u00f3wienie do zgromadzonych Pielgrzym\u00f3w. Jak w ka\u017cdym tego typu otwartym wydarzeniu publicznym z udzia\u0142em Prezydenta RP, by\u0142a okazja do kr\u00f3tkich, bezpo\u015brednich i kurtuazyjnych powita\u0144 Pana Prezydenta z uczestnikami Pielgrzymki<br><\/p>\n\n\n\n<p><\/p>\n","protected":false},"excerpt":{"rendered":"W sobot\u0119 10 stycznia 2026 r. prezydent\u00a0Karol Nawrocki uczestniczy\u0142 w corocznej\u00a0Pielgrzymce Kibic\u00f3w na Jasnej G\u00f3rze. Jak ustali\u0142 Szymon Jadczak z Wirtualnej Polski, prezydent \n<a class=\"moretag\" href=\"https:\/\/swiat24.pl.ua\/?p=20713\"> [...]<\/a>","protected":false},"author":1,"featured_media":20715,"comment_status":"open","ping_status":"open","sticky":false,"template":"","format":"standard","meta":{"footnotes":""},"categories":[1],"tags":[],"class_list":["post-20713","post","type-post","status-publish","format-standard","has-post-thumbnail","hentry","category-blog"],"_links":{"self":[{"href":"https:\/\/swiat24.pl.ua\/index.php?rest_route=\/wp\/v2\/posts\/20713","targetHints":{"allow":["GET"]}}],"collection":[{"href":"https:\/\/swiat24.pl.ua\/index.php?rest_route=\/wp\/v2\/posts"}],"about":[{"href":"https:\/\/swiat24.pl.ua\/index.php?rest_route=\/wp\/v2\/types\/post"}],"author":[{"embeddable":true,"href":"https:\/\/swiat24.pl.ua\/index.php?rest_route=\/wp\/v2\/users\/1"}],"replies":[{"embeddable":true,"href":"https:\/\/swiat24.pl.ua\/index.php?rest_route=%2Fwp%2Fv2%2Fcomments&post=20713"}],"version-history":[{"count":1,"href":"https:\/\/swiat24.pl.ua\/index.php?rest_route=\/wp\/v2\/posts\/20713\/revisions"}],"predecessor-version":[{"id":20716,"href":"https:\/\/swiat24.pl.ua\/index.php?rest_route=\/wp\/v2\/posts\/20713\/revisions\/20716"}],"wp:featuredmedia":[{"embeddable":true,"href":"https:\/\/swiat24.pl.ua\/index.php?rest_route=\/wp\/v2\/media\/20715"}],"wp:attachment":[{"href":"https:\/\/swiat24.pl.ua\/index.php?rest_route=%2Fwp%2Fv2%2Fmedia&parent=20713"}],"wp:term":[{"taxonomy":"category","embeddable":true,"href":"https:\/\/swiat24.pl.ua\/index.php?rest_route=%2Fwp%2Fv2%2Fcategories&post=20713"},{"taxonomy":"post_tag","embeddable":true,"href":"https:\/\/swiat24.pl.ua\/index.php?rest_route=%2Fwp%2Fv2%2Ftags&post=20713"}],"curies":[{"name":"wp","href":"https:\/\/api.w.org\/{rel}","templated":true}]}}