{"id":20709,"date":"2026-01-11T13:12:09","date_gmt":"2026-01-11T13:12:09","guid":{"rendered":"https:\/\/swiat24.pl.ua\/?p=20709"},"modified":"2026-01-11T13:12:09","modified_gmt":"2026-01-11T13:12:09","slug":"awantura-o-poranku-na-antenie-polsat-news-szokujace-co-wypalil-o-nawrockim","status":"publish","type":"post","link":"https:\/\/swiat24.pl.ua\/?p=20709","title":{"rendered":"Awantura o poranku na antenie Polsat News. Szokuj\u0105ce, co wypali\u0142 o Nawrockim"},"content":{"rendered":"\n<p>Nie cichn\u0105 dyskusje po wetach, jakie w ostatni pi\u0105tek z\u0142o\u017cy\u0142 prezydent Karol Nawrocki. <\/p>\n\n\n\n<p>Dzi\u015b rano w programie \u201e\u015aniadanie Rymanowskiego\u201d na antenie Polsat News i Interii dosz\u0142o do gor\u0105cej wymiany zda\u0144 mi\u0119dzy Rados\u0142awem Foglem a Robertem Kropiwnickim.<\/p>\n\n\n\n<p>Kontrowersyjne weto prezydenta<br>Kropiwnicki atakuje prezydenta<br>B\u0142yskawiczna odpowied\u017a Fogla<br>Kontrowersyjne weto prezydenta<\/p>\n\n\n\n<p><br>Przypomnijmy: w miniony pi\u0105tek Karol Nawrocki zawetowa\u0142 trzy ustawy, w tym nowelizacj\u0119 ustawy o \u015bwiadczeniu us\u0142ug drog\u0105 elektroniczn\u0105. <\/p>\n\n\n\n<p>Mia\u0142a ona umo\u017cliwi\u0107 stosowanie w Polsce przepis\u00f3w unijnego Aktu o us\u0142ugach cyfrowych (Digital Services Act \u2013 DSA), dotycz\u0105cych m.in. blokowania nielegalnych tre\u015bci w internecie. Decyzja prezydenta wywo\u0142a\u0142a du\u017ce poruszenie w\u015br\u00f3d polityk\u00f3w opozycji, do tej sprawy odni\u00f3s\u0142 w pi\u0105tek mi\u0119dzy innymi minister cyfryzacji-Krzysztof Gawkowski.\u00a0<br><\/p>\n\n\n\n<p>Kropiwnicki atakuje prezydenta<br>Do tematu powr\u00f3cono w dzisiejszym porannym programie Bogdana Rymanowskiego w Polsat News i na portalu Interia. G\u0142os zabra\u0142 pose\u0142 Koalicji Obywatelskiej Robert Kropiwnicki.<\/p>\n\n\n\n<p>Prezydent stan\u0105\u0142 niestety po stronie oszust\u00f3w i z\u0142odziei, bo to oni w najwi\u0119kszym stopniu korzystaj\u0105 z zalewu internetu fake newsami.<\/p>\n\n\n\n<p>\u2014 stwierdzi\u0142 polityk.<br><\/p>\n\n\n\n<blockquote class=\"twitter-tweet\" data-media-max-width=\"560\"><p lang=\"pl\" dir=\"ltr\">&#8211; Prezydent stan\u0105\u0142 po stronie oszust\u00f3w i z\u0142odziei!<br>&#8211; Panie po\u015ble! Prezydent w \u017caden spos\u00f3b nie popiera Platformy Obywatelskiej!  <br><br>  Kropiwnicki vs Fogiel w \u015aniadaniu Rymanowskiego w Polsacie! <a href=\"https:\/\/t.co\/N2FQgqa8Lb\">pic.twitter.com\/N2FQgqa8Lb<\/a><\/p>&mdash; Wolno\u015b\u0107TV (@WolnoscTV) <a href=\"https:\/\/twitter.com\/WolnoscTV\/status\/2010288198933692840?ref_src=twsrc%5Etfw\">January 11, 2026<\/a><\/blockquote> <script async src=\"https:\/\/platform.twitter.com\/widgets.js\" charset=\"utf-8\"><\/script>\n\n\n\n<p>B\u0142yskawiczna odpowied\u017a Fogla<br>W trakcie wypowiedzi pos\u0142a KO do g\u0142osu pr\u00f3bowa\u0142 doj\u015b\u0107 jego polityczny przeciwnik \u2014 Rados\u0142aw Fogiel. Gdy w ko\u0144cu mu si\u0119 to uda\u0142o, skomentowa\u0142 s\u0142owa Kropiwnickiego kr\u00f3tk\u0105 ripost\u0105:<\/p>\n\n\n\n<p>Prezydent w \u017caden spos\u00f3b nie popiera Platformy Obywatelskiej.<\/p>\n\n\n\n<p>Wypowied\u017a Fogla by\u0142a wyra\u017an\u0105 pr\u00f3b\u0105 odparcia zarzut\u00f3w opozycji i podkre\u015blenia dystansu prezydenta wobec narracji prezentowanej przez Koalicj\u0119 Obywatelsk\u0105.<br><\/p>\n","protected":false},"excerpt":{"rendered":"Nie cichn\u0105 dyskusje po wetach, jakie w ostatni pi\u0105tek z\u0142o\u017cy\u0142 prezydent Karol Nawrocki. Dzi\u015b rano w programie \u201e\u015aniadanie Rymanowskiego\u201d na antenie Polsat News \n<a class=\"moretag\" href=\"https:\/\/swiat24.pl.ua\/?p=20709\"> [...]<\/a>","protected":false},"author":1,"featured_media":20710,"comment_status":"open","ping_status":"open","sticky":false,"template":"","format":"standard","meta":{"footnotes":""},"categories":[1],"tags":[],"class_list":["post-20709","post","type-post","status-publish","format-standard","has-post-thumbnail","hentry","category-blog"],"_links":{"self":[{"href":"https:\/\/swiat24.pl.ua\/index.php?rest_route=\/wp\/v2\/posts\/20709","targetHints":{"allow":["GET"]}}],"collection":[{"href":"https:\/\/swiat24.pl.ua\/index.php?rest_route=\/wp\/v2\/posts"}],"about":[{"href":"https:\/\/swiat24.pl.ua\/index.php?rest_route=\/wp\/v2\/types\/post"}],"author":[{"embeddable":true,"href":"https:\/\/swiat24.pl.ua\/index.php?rest_route=\/wp\/v2\/users\/1"}],"replies":[{"embeddable":true,"href":"https:\/\/swiat24.pl.ua\/index.php?rest_route=%2Fwp%2Fv2%2Fcomments&post=20709"}],"version-history":[{"count":1,"href":"https:\/\/swiat24.pl.ua\/index.php?rest_route=\/wp\/v2\/posts\/20709\/revisions"}],"predecessor-version":[{"id":20711,"href":"https:\/\/swiat24.pl.ua\/index.php?rest_route=\/wp\/v2\/posts\/20709\/revisions\/20711"}],"wp:featuredmedia":[{"embeddable":true,"href":"https:\/\/swiat24.pl.ua\/index.php?rest_route=\/wp\/v2\/media\/20710"}],"wp:attachment":[{"href":"https:\/\/swiat24.pl.ua\/index.php?rest_route=%2Fwp%2Fv2%2Fmedia&parent=20709"}],"wp:term":[{"taxonomy":"category","embeddable":true,"href":"https:\/\/swiat24.pl.ua\/index.php?rest_route=%2Fwp%2Fv2%2Fcategories&post=20709"},{"taxonomy":"post_tag","embeddable":true,"href":"https:\/\/swiat24.pl.ua\/index.php?rest_route=%2Fwp%2Fv2%2Ftags&post=20709"}],"curies":[{"name":"wp","href":"https:\/\/api.w.org\/{rel}","templated":true}]}}