{"id":20665,"date":"2026-01-10T12:01:16","date_gmt":"2026-01-10T12:01:16","guid":{"rendered":"https:\/\/swiat24.pl.ua\/?p=20665"},"modified":"2026-01-10T12:01:16","modified_gmt":"2026-01-10T12:01:16","slug":"nie-zyje-ryszard-szoltysik-zagral-w-swiecie-wedlug-kiepskich-i-byl-znanym-dziennikarzem-sportowym","status":"publish","type":"post","link":"https:\/\/swiat24.pl.ua\/?p=20665","title":{"rendered":"Nie \u017cyje Ryszard Szo\u0142tysik. Zagra\u0142 w \u201e\u015awiecie wed\u0142ug Kiepskich\u201d i by\u0142 znanym dziennikarzem sportowym"},"content":{"rendered":"\n<p>W wieku 75 lat zmar\u0142 Ryszard Szo\u0142tysik, znany wroc\u0142awski dziennikarz sportowy, aktor i re\u017cyser. Informacj\u0119 o jego \u015bmierci 27 grudnia 2025 roku przekaza\u0142 profil PTV Echo na Facebooku, wspominaj\u0105c wieloletni\u0105 wsp\u00f3\u0142prac\u0119 z t\u0105 stacj\u0105.<\/p>\n\n\n\n<blockquote class=\"wp-block-quote is-layout-flow wp-block-quote-is-layout-flow\">\n<p>\u201eZ g\u0142\u0119bokim \u017calem informujemy, \u017ce odszed\u0142 27 grudnia 2025 roku na zawsze nasz echoludek Rysiu Szo\u0142tysik. Zaledwie prze\u017cy\u0142 75 lat.\u201d<\/p>\n<\/blockquote>\n\n\n\n<p>Szo\u0142tysik by\u0142 redaktorem dzia\u0142u sportowego w pierwszej prywatnej stacji telewizyjnej PTV Echo. Zyska\u0142 popularno\u015b\u0107 dzi\u0119ki transmisjom mecz\u00f3w \u017cu\u017clowych Sparty Wroc\u0142aw, kt\u00f3re przyci\u0105ga\u0142y t\u0142umy kibic\u00f3w. Wraz z kolegami relacjonowa\u0142 wydarzenia sportowe w ca\u0142ej Polsce.<\/p>\n\n\n\n<h2 class=\"wp-block-heading\">Wspomnienia wsp\u00f3\u0142pracownik\u00f3w i kibic\u00f3w<\/h2>\n\n\n\n<p>O \u015bmierci Ryszarda Szo\u0142tysika napisa\u0142 tak\u017ce Cyprian Dmowski, wydawca \u201eGazety Wroc\u0142awskiej\u201d. Podkre\u015bli\u0142 jego prostolinijno\u015b\u0107 i zaanga\u017cowanie nawet w trudnych czasach.<\/p>\n\n\n\n<blockquote class=\"wp-block-quote is-layout-flow wp-block-quote-is-layout-flow\">\n<p>\u201eZadawa\u0142 proste, ale jak\u017ce wa\u017cne pytania, istotne dla os\u00f3b, kt\u00f3rym je zadawa\u0142. Mnie nauczy\u0142 prostolinijno\u015bci i unikania zb\u0119dnych ceregieli podczas kontakt\u00f3w z lud\u017ami przy pracy, cho\u0107 razem zrealizowali\u015bmy niewiele temat\u00f3w i skomentowali\u015bmy bodaj jeden mecz koszyk\u00f3wki.\u201d<br>\u201eSuper cz\u0142owiek, zawsze gotowy do pomocy i wyjazdu na materia\u0142.\u201d<\/p>\n<\/blockquote>\n\n\n\n<h2 class=\"wp-block-heading\">Rola aktorska i dzia\u0142alno\u015b\u0107 filmowa<\/h2>\n\n\n\n<p>Opr\u00f3cz dziennikarstwa Szo\u0142tysik wyst\u0105pi\u0142 w kultowym serialu \u201e\u015awiat wed\u0142ug Kiepskich\u201d, wcielaj\u0105c si\u0119 w rol\u0119 dziennikarza w odcinkach \u201eZ\u0142oty gol\u201d oraz \u201eDoktor \u015aledzik i Mister Zgredzik\u201d.<\/p>\n\n\n\n<p>Re\u017cyserowa\u0142 tak\u017ce filmy dokumentalne, m.in. \u201eSzalej\u00f3w po powodzi\u201d (1999) i \u201eCud\u201d (2002), co \u015bwiadczy o jego wszechstronno\u015bci.<\/p>\n\n\n\n<figure class=\"wp-block-image\"><img decoding=\"async\" src=\"https:\/\/czu.pl\/wp-content\/uploads\/2025\/12\/2538.jpg\" alt=\"obrazek\"\/><\/figure>\n\n\n\n<h2 class=\"wp-block-heading\">\u017bycie po\u015bwi\u0119cone sportowi i kulturze<\/h2>\n\n\n\n<p>Jego kariera skupia\u0142a si\u0119 na relacjach sportowych, zw\u0142aszcza \u017cu\u017clowych, oraz lokalnej kulturze, co przynios\u0142o mu szacunek w \u015brodowisku Dolnego \u015al\u0105ska.<\/p>\n\n\n\n<p>Odej\u015bcie Szo\u0142tysika to wielka strata dla wroc\u0142awskich medi\u00f3w, dziennikarzy i fan\u00f3w, kt\u00f3rzy cenili jego styl pracy i gotowo\u015b\u0107 do pomocy.<\/p>\n","protected":false},"excerpt":{"rendered":"W wieku 75 lat zmar\u0142 Ryszard Szo\u0142tysik, znany wroc\u0142awski dziennikarz sportowy, aktor i re\u017cyser. Informacj\u0119 o jego \u015bmierci 27 grudnia 2025 roku przekaza\u0142 \n<a class=\"moretag\" href=\"https:\/\/swiat24.pl.ua\/?p=20665\"> [...]<\/a>","protected":false},"author":1,"featured_media":20666,"comment_status":"open","ping_status":"open","sticky":false,"template":"","format":"standard","meta":{"footnotes":""},"categories":[1],"tags":[],"class_list":["post-20665","post","type-post","status-publish","format-standard","has-post-thumbnail","hentry","category-blog"],"_links":{"self":[{"href":"https:\/\/swiat24.pl.ua\/index.php?rest_route=\/wp\/v2\/posts\/20665","targetHints":{"allow":["GET"]}}],"collection":[{"href":"https:\/\/swiat24.pl.ua\/index.php?rest_route=\/wp\/v2\/posts"}],"about":[{"href":"https:\/\/swiat24.pl.ua\/index.php?rest_route=\/wp\/v2\/types\/post"}],"author":[{"embeddable":true,"href":"https:\/\/swiat24.pl.ua\/index.php?rest_route=\/wp\/v2\/users\/1"}],"replies":[{"embeddable":true,"href":"https:\/\/swiat24.pl.ua\/index.php?rest_route=%2Fwp%2Fv2%2Fcomments&post=20665"}],"version-history":[{"count":1,"href":"https:\/\/swiat24.pl.ua\/index.php?rest_route=\/wp\/v2\/posts\/20665\/revisions"}],"predecessor-version":[{"id":20667,"href":"https:\/\/swiat24.pl.ua\/index.php?rest_route=\/wp\/v2\/posts\/20665\/revisions\/20667"}],"wp:featuredmedia":[{"embeddable":true,"href":"https:\/\/swiat24.pl.ua\/index.php?rest_route=\/wp\/v2\/media\/20666"}],"wp:attachment":[{"href":"https:\/\/swiat24.pl.ua\/index.php?rest_route=%2Fwp%2Fv2%2Fmedia&parent=20665"}],"wp:term":[{"taxonomy":"category","embeddable":true,"href":"https:\/\/swiat24.pl.ua\/index.php?rest_route=%2Fwp%2Fv2%2Fcategories&post=20665"},{"taxonomy":"post_tag","embeddable":true,"href":"https:\/\/swiat24.pl.ua\/index.php?rest_route=%2Fwp%2Fv2%2Ftags&post=20665"}],"curies":[{"name":"wp","href":"https:\/\/api.w.org\/{rel}","templated":true}]}}