{"id":20633,"date":"2026-01-09T17:57:27","date_gmt":"2026-01-09T17:57:27","guid":{"rendered":"https:\/\/swiat24.pl.ua\/?p=20633"},"modified":"2026-01-09T17:57:27","modified_gmt":"2026-01-09T17:57:27","slug":"szczegoly-majatku-po-mezu-agnieszki-wozniak-starak-w-tle-tesciowa-gwiazdy","status":"publish","type":"post","link":"https:\/\/swiat24.pl.ua\/?p=20633","title":{"rendered":"Szczeg\u00f3\u0142y maj\u0105tku po m\u0119\u017cu Agnieszki Wo\u017aniak-Starak. W tle te\u015bciowa gwiazdy"},"content":{"rendered":"\n<p>Tragiczna \u015bmier\u0107 Piotra Wo\u017aniaka-Staraka otworzy\u0142a kwesti\u0119 podzia\u0142u jego maj\u0105tku. Okaza\u0142o si\u0119, \u017ce Agnieszka Wo\u017aniak-Starak nie odziedziczy\u0142a istotnej nieruchomo\u015bci, kt\u00f3ra pierwotnie mia\u0142a by\u0107 prezentem \u015blubnym. W spraw\u0119 t\u0119 zaanga\u017cowa\u0142a si\u0119 te\u015bciowa prezenterki.<\/p>\n\n\n\n<h2 class=\"wp-block-heading\">Dramatyczne wydarzenia w \u017cyciu Agnieszki Wo\u017aniak-Starak<\/h2>\n\n\n\n<p>Piotr Wo\u017aniak-Starak, ceniony producent filmowy i przedsi\u0119biorca, wraz z Agnieszk\u0105 Wo\u017aniak-Starak tworzyli jeden z najbardziej medialnych zwi\u0105zk\u00f3w polskiego show-biznesu. Cho\u0107 ich relacja by\u0142a stosunkowo kr\u00f3tka, uchodzi\u0142a za pe\u0142n\u0105 magii i wzajemnego zrozumienia.<\/p>\n\n\n\n<p>Para pozna\u0142a si\u0119 w 2014 roku. Pomimo pocz\u0105tkowej nieufno\u015bci Agnieszki, szybko zdoby\u0142a ona serce Piotra, kt\u00f3rego si\u0142a i ciep\u0142o j\u0105 urzek\u0142y. Ich mi\u0142o\u015b\u0107 rozwija\u0142a si\u0119 pod czujnym okiem medi\u00f3w, cho\u0107 oboje starali si\u0119 chroni\u0107 prywatno\u015b\u0107.<\/p>\n\n\n\n<figure class=\"wp-block-image\"><img decoding=\"async\" src=\"https:\/\/www.bystryjanusz.pl\/wp-content\/uploads\/2025\/12\/image.png\" alt=\"\" class=\"wp-image-19236\"\/><\/figure>\n\n\n\n<p>W 2015 roku Piotr o\u015bwiadczy\u0142 si\u0119 Agnieszce podczas Balu Nocy Letniej Fundacji TVN, co wzbudzi\u0142o entuzjazm publiczno\u015bci. Rok p\u00f3\u017aniej, 27 sierpnia 2016 roku, wzi\u0119li \u015blub w malowniczej Wenecji, w historycznym Pa\u0142acu Ca\u2019 Vendramin Calergi. To wydarzenie by\u0142o jednym z wa\u017cniejszych moment\u00f3w towarzyskich w Polsce.<\/p>\n\n\n\n<h2 class=\"wp-block-heading\">Ich zwi\u0105zek pe\u0142en wsparcia i silnych emocji<\/h2>\n\n\n\n<p>Agnieszka podkre\u015bla\u0142a, \u017ce cho\u0107 oboje mieli silne charaktery, to Piotr by\u0142 niezaprzeczalnym motorem ich \u017cycia razem. Wzajemne wsparcie i g\u0142\u0119boka wi\u0119\u017a stanowi\u0142y fundament ich relacji, widoczny tak\u017ce publicznie.<\/p>\n\n\n\n<h2 class=\"wp-block-heading\">Tragiczna \u015bmier\u0107 Piotra Wo\u017aniaka-Staraka<\/h2>\n\n\n\n<p>W nocy z 17 na 18 sierpnia 2019 roku ich szcz\u0119\u015bcie zosta\u0142o nagle przerwane tragicznym wypadkiem motor\u00f3wki na mazurskim jeziorze Kisajno. Piotr zgin\u0105\u0142, a poszukiwania jego cia\u0142a trwa\u0142y a\u017c pi\u0119\u0107 dni. Dla Agnieszki by\u0142a to niewyobra\u017calna tragedia, kt\u00f3ra zmusi\u0142a j\u0105 do wycofania si\u0119 z \u017cycia publicznego i uporania si\u0119 z ogromn\u0105 strat\u0105.<\/p>\n\n\n\n<p>Mimo \u017calu Agnieszka wielokrotnie podkre\u015bla\u0142a, \u017ce Piotr pozostawi\u0142 jej wielk\u0105 mi\u0142o\u015b\u0107 i si\u0142\u0119 do dalszego \u017cycia. Ich historia, cho\u0107 zako\u0144czona za wcze\u015bnie, pozostaje inspiracj\u0105 i dowodem wielkiego zaanga\u017cowania.<\/p>\n\n\n\n<h2 class=\"wp-block-heading\">Dziedziczenie po Piotrze Wo\u017aniaku-Staraku<\/h2>\n\n\n\n<p>\u015amier\u0107 Piotra wywo\u0142a\u0142a r\u00f3wnie\u017c zawi\u0142e kwestie prawne zwi\u0105zane z podzia\u0142em jego maj\u0105tku. Pochodzi\u0142 z jednej z najzamo\u017cniejszych rodzin w Polsce. Jego ojczymem by\u0142 potentat farmaceutyczny Jerzy Starak, a matka, Anna Wo\u017aniak-Starak, jest w\u0142a\u015bcicielk\u0105 renomowanej restauracji Belvedere w Warszawie.<\/p>\n\n\n\n<p>Piotr odni\u00f3s\u0142 sukces jako wsp\u00f3\u0142w\u0142a\u015bciciel firmy producenckiej Watchout Studio, kt\u00f3rej dochody dochodzi\u0142y do 75 milion\u00f3w z\u0142otych. Po jego \u015bmierci, mimo braku testamentu, jego \u017cona Agnieszka odziedziczy\u0142a cz\u0119\u015b\u0107 maj\u0105tku. Cho\u0107 para podpisa\u0142a przed \u015blubem intercyz\u0119, mia\u0142a ona obowi\u0105zywa\u0107 jedynie w przypadku rozwodu, dlatego w chwili \u015bmierci Piotra to Agnieszka sta\u0142a si\u0119 oficjaln\u0105 spadkobierczyni\u0105.<\/p>\n\n\n\n<p>Spadek obejmowa\u0142 udzia\u0142y w zyskach z produkcji filmowej, luksusowe samochody oraz liczne nieruchomo\u015bci.<\/p>\n\n\n\n<h2 class=\"wp-block-heading\">Luksusowy apartament na Manhattanie \u2013 sporne dziedzictwo<\/h2>\n\n\n\n<p>Jednym z najbardziej medialnych element\u00f3w maj\u0105tku by\u0142 ekskluzywny apartament na Manhattanie, niedaleko Central Parku, kt\u00f3rego warto\u015b\u0107 szacowano na oko\u0142o 30 milion\u00f3w z\u0142otych. Nieruchomo\u015b\u0107 o powierzchni niemal 136 m\u00b2 sk\u0142ada\u0142a si\u0119 z dw\u00f3ch przestronnych sypialni, dw\u00f3ch \u0142azienek oraz eleganckiego salonu z panoramicznym widokiem na miasto. By\u0142o to miejsce szczeg\u00f3lnie bliskie Piotrowi, kt\u00f3ry w Nowym Jorku si\u0119 uczy\u0142 i dorasta\u0142, a tak\u017ce Agnieszce, kt\u00f3ra darzy\u0142a to miasto sentymentem.<\/p>\n\n\n\n<h2 class=\"wp-block-heading\">Te\u015bciowa a sprawa nieruchomo\u015bci po Piotrze Wo\u017aniaku-Staraku<\/h2>\n\n\n\n<p>Mimo medialnych spekulacji, nowojorski apartament nie wszed\u0142 formalnie do spadku Agnieszki Wo\u017aniak-Starak. Nieruchomo\u015b\u0107 by\u0142a w\u0142asno\u015bci\u0105 matki Piotra, Anny Wo\u017aniak-Starak, kt\u00f3ra zdecydowa\u0142a o jej sprzeda\u017cy w 2023 roku.<\/p>\n\n\n\n<p>Apartament zosta\u0142 sprzedany firmie deweloperskiej za kwot\u0119 znacznie ni\u017csz\u0105 ni\u017c pierwotna warto\u015b\u0107 rynkowa \u2013 z 3,5 miliona dolar\u00f3w do nieco ponad 2 milion\u00f3w dolar\u00f3w, co wed\u0142ug kurs\u00f3w z tamtego okresu stanowi\u0142o oko\u0142o 10 milion\u00f3w z\u0142otych.<\/p>\n\n\n\n<p>Oznacza to, \u017ce luksusowy apartament na Manhattanie nie trafi\u0142 do Agnieszki jako cz\u0119\u015b\u0107 spadku po m\u0119\u017cu. Komplikacje prawne oraz interwencja Anny Wo\u017aniak-Starak mia\u0142y kluczowy wp\u0142yw na ostateczny podzia\u0142 maj\u0105tku.<\/p>\n\n\n\n<blockquote class=\"wp-block-quote is-layout-flow wp-block-quote-is-layout-flow\">\n<p>\u201eKwestia dziedziczenia i podzia\u0142u maj\u0105tku po tragicznie zmar\u0142ym Piotrze Wo\u017aniaku-Staraku okaza\u0142a si\u0119 z\u0142o\u017cona, a interwencja te\u015bciowej by\u0142a kluczowa w rozstrzygni\u0119ciu los\u00f3w cz\u0119\u015bci spadku.\u201d<\/p>\n<\/blockquote>\n","protected":false},"excerpt":{"rendered":"Tragiczna \u015bmier\u0107 Piotra Wo\u017aniaka-Staraka otworzy\u0142a kwesti\u0119 podzia\u0142u jego maj\u0105tku. Okaza\u0142o si\u0119, \u017ce Agnieszka Wo\u017aniak-Starak nie odziedziczy\u0142a istotnej nieruchomo\u015bci, kt\u00f3ra pierwotnie mia\u0142a by\u0107 prezentem \n<a class=\"moretag\" href=\"https:\/\/swiat24.pl.ua\/?p=20633\"> [...]<\/a>","protected":false},"author":1,"featured_media":20634,"comment_status":"open","ping_status":"open","sticky":false,"template":"","format":"standard","meta":{"footnotes":""},"categories":[1],"tags":[],"class_list":["post-20633","post","type-post","status-publish","format-standard","has-post-thumbnail","hentry","category-blog"],"_links":{"self":[{"href":"https:\/\/swiat24.pl.ua\/index.php?rest_route=\/wp\/v2\/posts\/20633","targetHints":{"allow":["GET"]}}],"collection":[{"href":"https:\/\/swiat24.pl.ua\/index.php?rest_route=\/wp\/v2\/posts"}],"about":[{"href":"https:\/\/swiat24.pl.ua\/index.php?rest_route=\/wp\/v2\/types\/post"}],"author":[{"embeddable":true,"href":"https:\/\/swiat24.pl.ua\/index.php?rest_route=\/wp\/v2\/users\/1"}],"replies":[{"embeddable":true,"href":"https:\/\/swiat24.pl.ua\/index.php?rest_route=%2Fwp%2Fv2%2Fcomments&post=20633"}],"version-history":[{"count":1,"href":"https:\/\/swiat24.pl.ua\/index.php?rest_route=\/wp\/v2\/posts\/20633\/revisions"}],"predecessor-version":[{"id":20635,"href":"https:\/\/swiat24.pl.ua\/index.php?rest_route=\/wp\/v2\/posts\/20633\/revisions\/20635"}],"wp:featuredmedia":[{"embeddable":true,"href":"https:\/\/swiat24.pl.ua\/index.php?rest_route=\/wp\/v2\/media\/20634"}],"wp:attachment":[{"href":"https:\/\/swiat24.pl.ua\/index.php?rest_route=%2Fwp%2Fv2%2Fmedia&parent=20633"}],"wp:term":[{"taxonomy":"category","embeddable":true,"href":"https:\/\/swiat24.pl.ua\/index.php?rest_route=%2Fwp%2Fv2%2Fcategories&post=20633"},{"taxonomy":"post_tag","embeddable":true,"href":"https:\/\/swiat24.pl.ua\/index.php?rest_route=%2Fwp%2Fv2%2Ftags&post=20633"}],"curies":[{"name":"wp","href":"https:\/\/api.w.org\/{rel}","templated":true}]}}