{"id":20630,"date":"2026-01-09T17:36:19","date_gmt":"2026-01-09T17:36:19","guid":{"rendered":"https:\/\/swiat24.pl.ua\/?p=20630"},"modified":"2026-01-09T17:36:19","modified_gmt":"2026-01-09T17:36:19","slug":"przelom-w-sprawie-holowni-onz-dalej-niz-sadzil","status":"publish","type":"post","link":"https:\/\/swiat24.pl.ua\/?p=20630","title":{"rendered":"Prze\u0142om w sprawie Ho\u0142owni. ONZ dalej ni\u017c s\u0105dzi\u0142"},"content":{"rendered":"\n<p>Jeszcze we wrze\u015bniu wydawa\u0142o si\u0119, \u017ce Szymon Ho\u0142ownia zrezygnuje z funkcji przewodnicz\u0105cego partii, kt\u00f3r\u0105 sam za\u0142o\u017cy\u0142. <\/p>\n\n\n\n<p>Mia\u0142o to pokaza\u0107 dojrza\u0142o\u015b\u0107 Polski 2050 i umo\u017cliwi\u0107 by\u0142emu marsza\u0142kowi Sejmu odej\u015bcie na mi\u0119dzynarodow\u0105 aren\u0119 \u2013 jako Wysoki Komisarz ONZ ds. <\/p>\n\n\n\n<p>Uchod\u017ac\u00f3w. Jednak obecnie ta narracja ulega gwa\u0142townej zmianie, a plany o roli w Genewie zderzaj\u0105 si\u0119 z realiami politycznymi w kraju.<\/p>\n\n\n\n<h2 class=\"wp-block-heading\">Zmiana stanowiska Ho\u0142owni i reakcja \u015brodowiska partyjnego<\/h2>\n\n\n\n<p>&lt;pJesieni\u0105 Ho\u0142ownia zaskoczy\u0142, deklaruj\u0105c, \u017ce nie b\u0119dzie ubiega\u0107 si\u0119 o ponowny wyb\u00f3r na szefa partii. Argumentowa\u0142 to ch\u0119ci\u0105 demokratyzacji struktur i przekazania kierownictwa nowym liderom, \u015bwiadcz\u0105c o stabilno\u015bci ruchu. Spekulowano, \u017ce po zako\u0144czeniu kadencji poszuka nowych wyzwa\u0144 na arenie mi\u0119dzynarodowej, gdy\u017c jego aplikacja na stanowisko Wysokiego Komisarza ONZ ds. Uchod\u017ac\u00f3w by\u0142a w toku.<\/p>\n\n\n\n<p>Jednak w ostatnich miesi\u0105cach w partii trwa\u0142y intensywne rozmowy, by przekona\u0107 Ho\u0142owni\u0119 do pozostania na stanowisku. Kluczow\u0105 rol\u0119 odgrywa Paulina Hennig-Kloska, wiceprzewodnicz\u0105ca partii, kt\u00f3ra jasno przyzna\u0142a, \u017ce \u015brodowisko boi si\u0119 utraty lidera w tak trudnym politycznym momencie.<\/p>\n\n\n\n<figure class=\"wp-block-image\"><img decoding=\"async\" src=\"https:\/\/bystragrazyna.pl\/wp-content\/uploads\/2025\/12\/2384.jpg\" alt=\"obrazek\"\/><\/figure>\n\n\n\n<blockquote class=\"wp-block-quote is-layout-flow wp-block-quote-is-layout-flow\">\n<p>\u201eWiele os\u00f3b namawia Szymona Ho\u0142owni\u0119, by wystartowa\u0142 ponownie na przewodnicz\u0105cego partii\u201d \u2013 m\u00f3wi Hennig-Kloska, wskazuj\u0105c na obawy struktur terenowych i zarz\u0105du.<\/p>\n<\/blockquote>\n\n\n\n<h2 class=\"wp-block-heading\">Znaczenie wizerunku Ho\u0142owni dla Polski 2050<\/h2>\n\n\n\n<p>Eksperci podkre\u015blaj\u0105, \u017ce marka osobista Szymona Ho\u0142owni pozostaje fundamentem ugrupowania. Pomimo nowych twarzy w polityce, jego obecno\u015b\u0107 scala ca\u0142y ruch. Rezygnacja z przewodnictwa mog\u0142aby zosta\u0107 odebrana jako sygna\u0142 s\u0142abo\u015bci lub wygaszania Polski 2050, zw\u0142aszcza wobec spadaj\u0105cych notowa\u0144 Trzeciej Drogi i napi\u0119\u0107 w koalicji rz\u0105dz\u0105cej. Dlatego partia woli unika\u0107 ryzyka zwi\u0105zanego ze zmian\u0105 lidera.<\/p>\n\n\n\n<h2 class=\"wp-block-heading\">Aktualna sytuacja i perspektywy na przysz\u0142o\u015b\u0107<\/h2>\n\n\n\n<p>Obecnie pozostanie Ho\u0142owni na stanowisku przewodnicz\u0105cego jest oceniane jako kluczowe dla stabilno\u015bci i efektywnego funkcjonowania Polski 2050. Chocia\u017c og\u0142oszenie startu w partyjnych wyborach mo\u017ce wywo\u0142a\u0107 zarzuty o brak konsekwencji, wsp\u00f3\u0142pracownicy lidera widz\u0105 w tym inwestycj\u0119 pozwalaj\u0105c\u0105 utrzyma\u0107 \u201ekapitana\u201d na czele partii w obliczu licznych wyzwa\u0144 politycznych.<\/p>\n\n\n\n<h2 class=\"wp-block-heading\">Starania Ho\u0142owni o stanowisko Wysokiego Komisarza ONZ ds. Uchod\u017ac\u00f3w<\/h2>\n\n\n\n<p>Szymon Ho\u0142ownia z\u0142o\u017cy\u0142 aplikacj\u0119 na stanowisko Wysokiego Komisarza ONZ ds. Uchod\u017ac\u00f3w, znajduj\u0105c si\u0119 w w\u0105skim gronie trzech kandydat\u00f3w. Na to presti\u017cowe stanowisko, zwalniane w grudniu, ostatecznie wskazuje sekretarz generalny ONZ.<\/p>\n\n\n\n<p>Kampania Ho\u0142owni jest wspierana finansowo przez polskie Ministerstwo Spraw Zagranicznych, kt\u00f3re pokrywa koszty jego podr\u00f3\u017cy zagranicznych zwi\u0105zanych ze staraniami o t\u0119 funkcj\u0119. W\u015br\u00f3d konkurent\u00f3w s\u0105 m.in. sta\u0142y przedstawiciel Turcji przy ONZ oraz mer Pary\u017ca.<\/p>\n\n\n\n<p>Wysoki Komisarz ONZ ds. Uchod\u017ac\u00f3w odpowiedzialny jest za koordynacj\u0119 mi\u0119dzynarodowej pomocy uchod\u017acom i osobom bezpa\u0144stwowymi, d\u0105\u017c\u0105c do zapewnienia im prawa do azylu, bezpiecznego schronienia i opieki.<\/p>\n\n\n\n<p>Ho\u0142ownia podkre\u015bla, \u017ce jego kandydatura ma poparcie prezydenta, premiera oraz szefa MSZ. Je\u015bli zostanie wybrany, obj\u0119cie stanowiska b\u0119dzie oznacza\u0107 zako\u0144czenie kariery politycznej w kraju i rozpocz\u0119cie nowego etapu na arenie mi\u0119dzynarodowej.<\/p>\n","protected":false},"excerpt":{"rendered":"Jeszcze we wrze\u015bniu wydawa\u0142o si\u0119, \u017ce Szymon Ho\u0142ownia zrezygnuje z funkcji przewodnicz\u0105cego partii, kt\u00f3r\u0105 sam za\u0142o\u017cy\u0142. Mia\u0142o to pokaza\u0107 dojrza\u0142o\u015b\u0107 Polski 2050 i \n<a class=\"moretag\" href=\"https:\/\/swiat24.pl.ua\/?p=20630\"> [...]<\/a>","protected":false},"author":1,"featured_media":20631,"comment_status":"open","ping_status":"open","sticky":false,"template":"","format":"standard","meta":{"footnotes":""},"categories":[1],"tags":[],"class_list":["post-20630","post","type-post","status-publish","format-standard","has-post-thumbnail","hentry","category-blog"],"_links":{"self":[{"href":"https:\/\/swiat24.pl.ua\/index.php?rest_route=\/wp\/v2\/posts\/20630","targetHints":{"allow":["GET"]}}],"collection":[{"href":"https:\/\/swiat24.pl.ua\/index.php?rest_route=\/wp\/v2\/posts"}],"about":[{"href":"https:\/\/swiat24.pl.ua\/index.php?rest_route=\/wp\/v2\/types\/post"}],"author":[{"embeddable":true,"href":"https:\/\/swiat24.pl.ua\/index.php?rest_route=\/wp\/v2\/users\/1"}],"replies":[{"embeddable":true,"href":"https:\/\/swiat24.pl.ua\/index.php?rest_route=%2Fwp%2Fv2%2Fcomments&post=20630"}],"version-history":[{"count":1,"href":"https:\/\/swiat24.pl.ua\/index.php?rest_route=\/wp\/v2\/posts\/20630\/revisions"}],"predecessor-version":[{"id":20632,"href":"https:\/\/swiat24.pl.ua\/index.php?rest_route=\/wp\/v2\/posts\/20630\/revisions\/20632"}],"wp:featuredmedia":[{"embeddable":true,"href":"https:\/\/swiat24.pl.ua\/index.php?rest_route=\/wp\/v2\/media\/20631"}],"wp:attachment":[{"href":"https:\/\/swiat24.pl.ua\/index.php?rest_route=%2Fwp%2Fv2%2Fmedia&parent=20630"}],"wp:term":[{"taxonomy":"category","embeddable":true,"href":"https:\/\/swiat24.pl.ua\/index.php?rest_route=%2Fwp%2Fv2%2Fcategories&post=20630"},{"taxonomy":"post_tag","embeddable":true,"href":"https:\/\/swiat24.pl.ua\/index.php?rest_route=%2Fwp%2Fv2%2Ftags&post=20630"}],"curies":[{"name":"wp","href":"https:\/\/api.w.org\/{rel}","templated":true}]}}