{"id":20627,"date":"2026-01-09T16:01:11","date_gmt":"2026-01-09T16:01:11","guid":{"rendered":"https:\/\/swiat24.pl.ua\/?p=20627"},"modified":"2026-01-09T16:01:11","modified_gmt":"2026-01-09T16:01:11","slug":"gruchnely-wiesci-o-smierci-gwiazdora-polsatu-kondolencje-plyna-z-calej-polski-3","status":"publish","type":"post","link":"https:\/\/swiat24.pl.ua\/?p=20627","title":{"rendered":"Gruchn\u0119\u0142y wie\u015bci o \u015bmierci gwiazdora Polsatu. Kondolencje p\u0142yn\u0105 z ca\u0142ej Polski"},"content":{"rendered":"\n<h2 class=\"wp-block-heading\">Tragiczne informacje w mediach wzbudzaj\u0105 ogromny smutek<\/h2>\n\n\n\n<p>Na nowo w mediach pojawi\u0142y si\u0119 tragiczne wiadomo\u015bci dotycz\u0105ce \u015bmierci gwiazdora znanego z programu Polsatu. Wie\u015bci te szybko obieg\u0142y widz\u00f3w, wywo\u0142uj\u0105c ogromny wstrz\u0105s i \u017cal. Fani oraz \u015brodowisko show-biznesu nie kryj\u0105 swojego smutku i \u017ca\u0142oby.<\/p>\n\n\n\n<h2 class=\"wp-block-heading\">Seria nieszcz\u0119\u015b\u0107 w polskim show-biznesie<\/h2>\n\n\n\n<p>Ostatnie tygodnie przynios\u0142y wiele przykrych zdarze\u0144, a widzowie musieli pogodzi\u0107 si\u0119 z odej\u015bciem wielu wybitnych postaci. Niedawno zmar\u0142&nbsp;<strong>Stanis\u0142aw Soyka<\/strong>, kt\u00f3ry niestety nie zd\u0105\u017cy\u0142 wyst\u0105pi\u0107 na festiwalu w Sopocie. Kolejno smutne wiadomo\u015bci nadesz\u0142y po tragicznym wypadku samochodowym, w kt\u00f3rym \u017cycie straci\u0142a&nbsp;<strong>ceniona dziennikarka Katarzyna Stoparczyk<\/strong>, pozostawiaj\u0105c niezatart\u0105 pustk\u0119 w bran\u017cy.<\/p>\n\n\n\n<p>W ostatnich dniach media poda\u0142y r\u00f3wnie\u017c informacje o \u015bmierci Jacka W\u00f3jcika, znanego z popularnego show \u201eKr\u00f3lowe \u017cycia\u201d.<\/p>\n\n\n\n<figure class=\"wp-block-image\"><img decoding=\"async\" src=\"https:\/\/www.bystragrazyna.pl\/wp-content\/uploads\/2025\/10\/1915.jpg\" alt=\"\" class=\"wp-image-23851\"\/><\/figure>\n\n\n\n<p>To jednak nie koniec z\u0142ych wie\u015bci, poniewa\u017c w\u0142a\u015bnie dowiedzieli\u015bmy si\u0119 o odej\u015bciu kolejnej mi\u0142ej widzom postaci z Polsatu.<\/p>\n\n\n\n<h2 class=\"wp-block-heading\">Nie \u017cyje ceniony kucharz Sergiusz Hieronimczak<\/h2>\n\n\n\n<p><strong>Sergiusz Hieronimczak<\/strong>&nbsp;to szef kuchni z Poznania, kt\u00f3ry zdoby\u0142 serca widz\u00f3w kulinarnego programu<strong>&nbsp;\u201eTop Chef Polska\u201d<\/strong>, awansuj\u0105c do samego<strong>&nbsp;fina\u0142u<\/strong>&nbsp;5. edycji. Przez lata budowa\u0142 swoj\u0105 renom\u0119, pracuj\u0105c mi\u0119dzy innymi w renomowanych pozna\u0144skich lokalach takich jak Zagroda Bamberska czy Holiday Park &amp; Resort oraz zdobywaj\u0105c mi\u0119dzynarodowe do\u015bwiadczenie w Londynie \u2013 m.in. w hotelach Mandarin Oriental oraz Wyndham Grand.<\/p>\n\n\n\n<p>Jego kulinarne wykszta\u0142cenie uzupe\u0142ni\u0142y studia za granic\u0105, m.in. w presti\u017cowym Westminster Kingsway College w Londynie.<\/p>\n\n\n\n<h2 class=\"wp-block-heading\">Smutna wiadomo\u015b\u0107 potwierdzona przez rodzin\u0119 i \u015brodowisko gastronomiczne<\/h2>\n\n\n\n<p>5 pa\u017adziernika 2025 roku oficjalnie potwierdzono \u015bmier\u0107 Sergiusza Hieronimczaka. Informacje przekaza\u0142a rodzina oraz \u015brodowisko gastronomiczne, szczeg\u00f3lnie Stowarzyszenie Kucharzy Polskich, kt\u00f3re zamie\u015bci\u0142o kondolencje. Szczeg\u00f3\u0142y dotycz\u0105ce miejsca i daty pogrzebu b\u0119d\u0105 podane w najbli\u017cszych dniach.<\/p>\n\n\n\n<blockquote class=\"wp-block-quote is-layout-flow wp-block-quote-is-layout-flow\">\n<p>Z g\u0142\u0119bokim \u017calem informujemy, \u017ce dzi\u015b odszed\u0142 nasz ukochany m\u0105\u017c, ojciec i syn Sergiusz. O terminie pogrzebu poinformujemy w najbli\u017cszych dniach.<\/p>\n<\/blockquote>\n\n\n\n<p>W mediach spo\u0142eczno\u015bciowych pojawia si\u0119 coraz wi\u0119cej kondolencji, wspomnie\u0144 i wyraz\u00f3w wsparcia dla rodziny oraz tych, kt\u00f3rzy znali kucharza osobi\u015bcie.<\/p>\n\n\n\n<figure class=\"wp-block-image\"><img decoding=\"async\" src=\"https:\/\/images.iberion.media\/images\/origin\/116375164_10157695920617947_7314228912859260305_n_f997819101.jpg\" alt=\"Sergiusz Hieronimczak nie \u017cyje, fot. Facebook\"\/><figcaption class=\"wp-element-caption\">Sergiusz Hieronimczak nie \u017cyje, fot. Facebook<\/figcaption><\/figure>\n\n\n\n<h2 class=\"wp-block-heading\">Widzowie i bran\u017ca gastronomiczna \u0142\u0105cz\u0105 si\u0119 w \u017ca\u0142obie<\/h2>\n\n\n\n<p>\u015amier\u0107 Sergiusza Hieronimczaka to ogromna strata nie tylko dla \u015bwiata kulinari\u00f3w, ale r\u00f3wnie\u017c dla fan\u00f3w programu, w kt\u00f3rym zyska\u0142 popularno\u015b\u0107. Jego talent i pasja do gotowania inspirowa\u0142y wielu, a spo\u0142eczno\u015b\u0107 gastronomiczna op\u0142akuje utrat\u0119 tak utalentowanego mistrza kuchni.<\/p>\n\n\n\n<h2 class=\"wp-block-heading\">Wielkie kondolencje p\u0142yn\u0105 z ca\u0142ej Polski<\/h2>\n\n\n\n<p>Wiele os\u00f3b wyra\u017ca wsp\u00f3\u0142czucie dla najbli\u017cszych, a w sieci nie brakuje wspomnie\u0144 oraz ho\u0142d\u00f3w oddanych temu wyj\u0105tkowemu szefowi kuchni. Nag\u0142a strata wzbudzi\u0142a fal\u0119 emocji i refleksji nad krucho\u015bci\u0105 \u017cycia.<\/p>\n\n\n\n<h3 class=\"wp-block-heading\">Polskie media w \u017ca\u0142obie po \u015bmierci znanych osobisto\u015bci<\/h3>\n\n\n\n<p>Odej\u015bcie Sergiusza Hieronimczaka wpisuje si\u0119 w smutny ci\u0105g wydarze\u0144 ostatnich miesi\u0119cy, kt\u00f3re dotkn\u0119\u0142y polski show-biznes i \u015brodowiska artystyczne. Straty tak wa\u017cnych postaci pozostawi\u0142y ogromn\u0105 pustk\u0119 w sercach fan\u00f3w i koleg\u00f3w.<\/p>\n\n\n\n<p>Tragiczne informacje o \u015bmierci kolejnych os\u00f3b znanych z ekranu czy medi\u00f3w spo\u0142eczno\u015bciowych zmuszaj\u0105 do refleksji oraz przypominaj\u0105 o warto\u015bci \u017cycia i chwili obecnej.<\/p>\n","protected":false},"excerpt":{"rendered":"Tragiczne informacje w mediach wzbudzaj\u0105 ogromny smutek Na nowo w mediach pojawi\u0142y si\u0119 tragiczne wiadomo\u015bci dotycz\u0105ce \u015bmierci gwiazdora znanego z programu Polsatu. Wie\u015bci \n<a class=\"moretag\" href=\"https:\/\/swiat24.pl.ua\/?p=20627\"> [...]<\/a>","protected":false},"author":1,"featured_media":20628,"comment_status":"open","ping_status":"open","sticky":false,"template":"","format":"standard","meta":{"footnotes":""},"categories":[1],"tags":[],"class_list":["post-20627","post","type-post","status-publish","format-standard","has-post-thumbnail","hentry","category-blog"],"_links":{"self":[{"href":"https:\/\/swiat24.pl.ua\/index.php?rest_route=\/wp\/v2\/posts\/20627","targetHints":{"allow":["GET"]}}],"collection":[{"href":"https:\/\/swiat24.pl.ua\/index.php?rest_route=\/wp\/v2\/posts"}],"about":[{"href":"https:\/\/swiat24.pl.ua\/index.php?rest_route=\/wp\/v2\/types\/post"}],"author":[{"embeddable":true,"href":"https:\/\/swiat24.pl.ua\/index.php?rest_route=\/wp\/v2\/users\/1"}],"replies":[{"embeddable":true,"href":"https:\/\/swiat24.pl.ua\/index.php?rest_route=%2Fwp%2Fv2%2Fcomments&post=20627"}],"version-history":[{"count":1,"href":"https:\/\/swiat24.pl.ua\/index.php?rest_route=\/wp\/v2\/posts\/20627\/revisions"}],"predecessor-version":[{"id":20629,"href":"https:\/\/swiat24.pl.ua\/index.php?rest_route=\/wp\/v2\/posts\/20627\/revisions\/20629"}],"wp:featuredmedia":[{"embeddable":true,"href":"https:\/\/swiat24.pl.ua\/index.php?rest_route=\/wp\/v2\/media\/20628"}],"wp:attachment":[{"href":"https:\/\/swiat24.pl.ua\/index.php?rest_route=%2Fwp%2Fv2%2Fmedia&parent=20627"}],"wp:term":[{"taxonomy":"category","embeddable":true,"href":"https:\/\/swiat24.pl.ua\/index.php?rest_route=%2Fwp%2Fv2%2Fcategories&post=20627"},{"taxonomy":"post_tag","embeddable":true,"href":"https:\/\/swiat24.pl.ua\/index.php?rest_route=%2Fwp%2Fv2%2Ftags&post=20627"}],"curies":[{"name":"wp","href":"https:\/\/api.w.org\/{rel}","templated":true}]}}