{"id":20609,"date":"2026-01-09T14:04:08","date_gmt":"2026-01-09T14:04:08","guid":{"rendered":"https:\/\/swiat24.pl.ua\/?p=20609"},"modified":"2026-01-09T14:04:08","modified_gmt":"2026-01-09T14:04:08","slug":"ewa-krawczyk-wprowadza-zakaz-na-grobie-krawczyka-za-jego-zlamanie-grozi-surowa-kara","status":"publish","type":"post","link":"https:\/\/swiat24.pl.ua\/?p=20609","title":{"rendered":"Ewa Krawczyk wprowadza zakaz na grobie Krawczyka. Za jego z\u0142amanie grozi surowa kara"},"content":{"rendered":"\n<p>Gr\u00f3b Krzysztofa Krawczyka w Grotnikach od lat przyci\u0105ga t\u0142umy fan\u00f3w pragn\u0105cych uczci\u0107 jedn\u0105 z najwa\u017cniejszych ikon polskiej muzyki.<\/p>\n\n\n\n<p> Artysta wyr\u00f3\u017cnia\u0142 si\u0119 niezwyk\u0142ym talentem, a jego kariera trwaj\u0105ca ponad 50 lat obfitowa\u0142a w hity, kt\u00f3re porusza\u0142y serca szerokiej publiczno\u015bci. <\/p>\n\n\n\n<p>Ju\u017c w latach 60. zdoby\u0142 popularno\u015b\u0107 jako cz\u0142onek zespo\u0142u Trubadurzy, a jego charakterystyczny, ciep\u0142y i g\u0142\u0119boki g\u0142os w po\u0142\u0105czeniu z umiej\u0119tno\u015bci\u0105 \u0142\u0105czenia popu, rocka i muzyki rozrywkowej uczyni\u0142y go rozpoznawalnym w ca\u0142ym kraju.<\/p>\n\n\n\n<p>Z czasem Krawczyk rozpocz\u0105\u0142 karier\u0119 solow\u0105 i zyska\u0142 status nie tylko wokalisty, lecz prawdziwej legendy sceny muzycznej. Utwory takie jak&nbsp;<em>\u201eParostatek\u201d, \u201eZa zdrowie Pa\u0144!\u201d, \u201eOstatni raz z moj\u0105 mi\u0142o\u015bci\u0105\u201d<\/em>&nbsp;czy&nbsp;<em>\u201eChcia\u0142em by\u0107\u201d<\/em>&nbsp;nadal rozbrzmiewaj\u0105 na radiowych falach i podczas koncert\u00f3w, staj\u0105c si\u0119 cz\u0119\u015bci\u0105 zbiorowej pami\u0119ci Polak\u00f3w.<\/p>\n\n\n\n<figure class=\"wp-block-image\"><img decoding=\"async\" src=\"https:\/\/czu.pl\/wp-content\/uploads\/2026\/01\/2580.jpg\" alt=\"obrazek\"\/><\/figure>\n\n\n\n<p>By\u0142 nie tylko artyst\u0105 pe\u0142nym talentu, lecz tak\u017ce cz\u0142owiekiem \u0142\u0105cz\u0105cym pokolenia \u2013 jego wyst\u0119py przyci\u0105ga\u0142y zar\u00f3wno starszych fan\u00f3w wychowanych na jego muzyce, jak i m\u0142odszych s\u0142uchaczy odkrywaj\u0105cych go na nowo. Zyska\u0142 sympati\u0119 nie tylko dzi\u0119ki g\u0142osowi, lecz tak\u017ce autentyczno\u015bci i charyzmie scenicznej. Niespodziewane odej\u015bcie Krawczyka w kwietniu 2021 roku by\u0142o ogromnym ciosem dla jego wiernych fan\u00f3w, a w Polsce zapanowa\u0142a \u017ca\u0142oba. Gr\u00f3b w Grotnikach szybko sta\u0142 si\u0119 miejscem pielgrzymek, gdzie odwiedzaj\u0105cy zapalaj\u0105 znicze, przynosz\u0105 kwiaty i w my\u015blach nuc\u0105 jego niezapomniane przeboje.<\/p>\n\n\n\n<h2 class=\"wp-block-heading\">Zakaz pozostawiania zniczy i kwiat\u00f3w na grobie Krzysztofa Krawczyka<\/h2>\n\n\n\n<p>Miejsce wiecznego spoczynku Krzysztofa Krawczyka od momentu jego \u015bmierci sta\u0142o si\u0119 niemal kultowym punktem spotka\u0144 fan\u00f3w. Ka\u017cdego dnia przybywaj\u0105 tu, aby odda\u0107 ho\u0142d swojemu idolowi, przynosz\u0105c kwiaty, pal\u0105c znicze, a czasem zostawiaj\u0105c drobne pami\u0105tki. Do niedawna by\u0142 to naturalny spos\u00f3b wyra\u017cania oddania i szacunku.<\/p>\n\n\n\n<p>\u4e00\u5207 zmieni\u0142o si\u0119 jednak, gdy wdowa po arty\u015bcie, Ewa Krawczyk, wprowadzi\u0142a rygorystyczny zakaz stawiania jakichkolwiek przedmiot\u00f3w na symbolicznym pomniku m\u0119\u017ca. Zakaz ten obejmuje znicze, kwiaty oraz wszelkie upominki, kt\u00f3re odwiedzaj\u0105cy chcieliby tam pozostawi\u0107.<\/p>\n\n\n\n<p>Gr\u00f3b zosta\u0142 zaprojektowany jako scena \u2013 symboliczna przestrze\u0144 maj\u0105ca przypomina\u0107 artystyczn\u0105 obecno\u015b\u0107 zmar\u0142ego. Ta przemy\u015blana estetyka oraz integralno\u015b\u0107 formy maj\u0105 ogromne znaczenie dla Ewy Krawczyk i odbioru tego miejsca. Pozostawianie przedmiot\u00f3w na \u201escenie\u201d narusza\u0142oby bowiem zamys\u0142 artystyczny upami\u0119tnienia legendarnego muzyka. W rozmowie z&nbsp;<em>Plejad\u0105<\/em>&nbsp;wdowa wyja\u015bnia:<\/p>\n\n\n\n<blockquote class=\"wp-block-quote is-layout-flow wp-block-quote-is-layout-flow\">\n<p>\u201eTo jest scena i schody, kt\u00f3re prowadz\u0105 w\u0142a\u015bnie na ni\u0105. Na scenie nie stawia si\u0119 zniczy ani kwiat\u00f3w. Artysta zawsze dostaje je do r\u0119ki lub k\u0142adzie si\u0119 je z boku. Nauczy\u0142am tego ludzi, kt\u00f3rzy tu przychodz\u0105, bo jestem na cmentarzu codziennie. Przez lata wywalczy\u0142am, \u017ceby na pomniku Krzysztofa nie stawiano ani kwiat\u00f3w, ani zniczy.\u201d<\/p>\n\n\n\n<p>\u201eWszystko po jego stronie jest przygotowane. Ludzie mog\u0105 stawia\u0107 znicze i kwiaty gdziekolwiek indziej, ale nie tam \u2013 nie na grobie. I rzeczywi\u015bcie to si\u0119 sprawdzi\u0142o. Fani ju\u017c wiedz\u0105, \u017ce u Krzysztofa na &#8216;scenie\u2019 nie stawia si\u0119 zniczy. To jest bardzo wa\u017cne. Nawet jak kto\u015b postawi, to ja i tak odstawi\u0119. Nie jest to z\u0142o\u015bliwo\u015b\u0107, przyj\u0119li\u015bmy po prostu tak\u0105 zasad\u0119. Poza tym, znicz si\u0119 mo\u017ce rozla\u0107.\u201d<\/p>\n<\/blockquote>\n\n\n\n<p>W praktyce oznacza to, \u017ce ka\u017cdy nowo postawiony znicz jest bezzw\u0142ocznie usuwany. Ewa Krawczyk wyja\u015bnia, \u017ce wcze\u015bniejsze dzia\u0142ania fan\u00f3w \u2013 jak nieostro\u017cne ustawianie \u015bwiec bezpo\u015brednio na nawierzchni czy ich niew\u0142a\u015bciwe zapalanie \u2013 powodowa\u0142y uszkodzenia kostki brukowej lub poparzenia. Takie incydenty wp\u0142ywaj\u0105 niekorzystnie na estetyk\u0119 miejsca i generuj\u0105 dodatkowe koszty napraw. Dlatego opieka nad grobem to dla wdowy codzienny, wymagaj\u0105cy obowi\u0105zek, a nieroztropne gesty mog\u0105 przekszta\u0142ci\u0107 symboliczny ho\u0142d w zagro\u017cenie dla skromnego miejsca spoczynku artysty.<\/p>\n\n\n\n<h2 class=\"wp-block-heading\">Codzienna troska Ewy Krawczyk o gr\u00f3b i reakcje fan\u00f3w<\/h2>\n\n\n\n<p>Wprowadzenie zakazu stawiania zniczy i kwiat\u00f3w na symbolicznym grobie wywo\u0142a\u0142o mieszane uczucia w\u015br\u00f3d fan\u00f3w. Wielu z nich jest zaskoczonych zmian\u0105 w sposobie wyra\u017cania pami\u0119ci, poniewa\u017c rytua\u0142 zwi\u0105zany z zapalaniem \u015bwiec i uk\u0142adaniem kwiat\u00f3w od zawsze by\u0142 integraln\u0105 cz\u0119\u015bci\u0105 odwiedzin na cmentarzach.<\/p>\n\n\n\n<p>Pod jednym ze zdj\u0119\u0107 na profilu wdowy pojawi\u0142o si\u0119 wiele komentarzy odzwierciedlaj\u0105cych niepok\u00f3j czy frustracj\u0119 niekt\u00f3rych sympatyk\u00f3w:<\/p>\n\n\n\n<blockquote class=\"wp-block-quote is-layout-flow wp-block-quote-is-layout-flow\">\n<ul class=\"wp-block-list\">\n<li>\u201ePo co robi\u0107 taki grobowiec, jak nic nie mo\u017cna na nim postawi\u0107? Pan Krawczyk le\u017cy w grobie a nie obok grobu, wi\u0119c wydaje mi si\u0119, \u017ce znicze i kwiaty powinny sta\u0107 na grobie a nie obok. Szkoda, \u017ce tak to pusto na tym grobowcu, a raczej relikwii, jak nic na nim nie mo\u017cna postawi\u0107  .\u201d<\/li>\n\n\n\n<li>\u201eKwiaty i znicze powinny sta\u0107 na grobie, a nie obok \u2014 jak to wygl\u0105da?\u201d<\/li>\n\n\n\n<li>\u201eNawet gdyby pomnik by\u0142 ze z\u0142ota, to znicze i kwiaty powinny sta\u0107 na pomniku. Pierwszy raz widz\u0119 co\u015b takiego.\u201d<\/li>\n\n\n\n<li>\u201eZnicze i kwiaty powinny by\u0107 postawione zmar\u0142emu na prawej stronie. Na lewej stronie nikt nie le\u017cy, wi\u0119c tam nie powinno by\u0107 kwiat\u00f3w. Nie rozumiem \u017cony Krawczyka, dlaczego kwiaty i znicze nie stoj\u0105 po prawej stronie, gdzie le\u017cy jej m\u0105\u017c, tylko obok pomnika. Jest taka zasada, nigdy nie stawia si\u0119 zniczy i kwiat\u00f3w na puste miejsce, tam nikt nie le\u017cy. To bardzo \u017ale wr\u00f3\u017cy.\u201d<\/li>\n\n\n\n<li>\u201eShow z cmentarza zrobi\u0142a\u2026 Czy Ty wiesz Ewuniu\u2026 \u017ce pami\u0119\u0107 si\u0119 liczy? Ja te\u017c straci\u0142am cudownego m\u0119\u017ca 2 lata temu\u2026 nie \u015bpiewa\u0142\u2026 nie by\u0142 s\u0142awny\u2026 Ale w sercu wielu pozosta\u0142 na zawsze\u2026 i Tw\u00f3j b\u00f3l nie jest mniejszy od mojego\u2026\u201d<\/li>\n<\/ul>\n<\/blockquote>\n\n\n\n<p>Decyzja wdowy ma na celu zachowanie porz\u0105dku oraz ochron\u0119 wyj\u0105tkowego charakteru artystycznego grobu Krzysztofa Krawczyka. Ka\u017cdy przedmiot pozostawiony wbrew regu\u0142om jest konsekwentnie usuwany, by nie narusza\u0107 estetyki tego wyj\u0105tkowego miejsca.<\/p>\n\n\n\n<p>Dla Ewy Krawczyk codzienna opieka nad miejscem spoczynku m\u0119\u017ca to obowi\u0105zek, kt\u00f3ry wype\u0142nia z oddaniem, mimo b\u00f3lu i wysi\u0142ku fizycznego. Wdowa podkre\u015bla, \u017ce liczy si\u0119 przede wszystkim pami\u0119\u0107 i wizyty fan\u00f3w, a nie same przedmioty.<\/p>\n","protected":false},"excerpt":{"rendered":"Gr\u00f3b Krzysztofa Krawczyka w Grotnikach od lat przyci\u0105ga t\u0142umy fan\u00f3w pragn\u0105cych uczci\u0107 jedn\u0105 z najwa\u017cniejszych ikon polskiej muzyki. Artysta wyr\u00f3\u017cnia\u0142 si\u0119 niezwyk\u0142ym talentem, \n<a class=\"moretag\" href=\"https:\/\/swiat24.pl.ua\/?p=20609\"> [...]<\/a>","protected":false},"author":1,"featured_media":20610,"comment_status":"open","ping_status":"open","sticky":false,"template":"","format":"standard","meta":{"footnotes":""},"categories":[1],"tags":[],"class_list":["post-20609","post","type-post","status-publish","format-standard","has-post-thumbnail","hentry","category-blog"],"_links":{"self":[{"href":"https:\/\/swiat24.pl.ua\/index.php?rest_route=\/wp\/v2\/posts\/20609","targetHints":{"allow":["GET"]}}],"collection":[{"href":"https:\/\/swiat24.pl.ua\/index.php?rest_route=\/wp\/v2\/posts"}],"about":[{"href":"https:\/\/swiat24.pl.ua\/index.php?rest_route=\/wp\/v2\/types\/post"}],"author":[{"embeddable":true,"href":"https:\/\/swiat24.pl.ua\/index.php?rest_route=\/wp\/v2\/users\/1"}],"replies":[{"embeddable":true,"href":"https:\/\/swiat24.pl.ua\/index.php?rest_route=%2Fwp%2Fv2%2Fcomments&post=20609"}],"version-history":[{"count":1,"href":"https:\/\/swiat24.pl.ua\/index.php?rest_route=\/wp\/v2\/posts\/20609\/revisions"}],"predecessor-version":[{"id":20611,"href":"https:\/\/swiat24.pl.ua\/index.php?rest_route=\/wp\/v2\/posts\/20609\/revisions\/20611"}],"wp:featuredmedia":[{"embeddable":true,"href":"https:\/\/swiat24.pl.ua\/index.php?rest_route=\/wp\/v2\/media\/20610"}],"wp:attachment":[{"href":"https:\/\/swiat24.pl.ua\/index.php?rest_route=%2Fwp%2Fv2%2Fmedia&parent=20609"}],"wp:term":[{"taxonomy":"category","embeddable":true,"href":"https:\/\/swiat24.pl.ua\/index.php?rest_route=%2Fwp%2Fv2%2Fcategories&post=20609"},{"taxonomy":"post_tag","embeddable":true,"href":"https:\/\/swiat24.pl.ua\/index.php?rest_route=%2Fwp%2Fv2%2Ftags&post=20609"}],"curies":[{"name":"wp","href":"https:\/\/api.w.org\/{rel}","templated":true}]}}