{"id":20571,"date":"2026-01-08T15:01:16","date_gmt":"2026-01-08T15:01:16","guid":{"rendered":"https:\/\/swiat24.pl.ua\/?p=20571"},"modified":"2026-01-08T15:01:16","modified_gmt":"2026-01-08T15:01:16","slug":"karol-nawrocki-nagle-zwrocil-sie-do-polakow-podjalem-decyzje","status":"publish","type":"post","link":"https:\/\/swiat24.pl.ua\/?p=20571","title":{"rendered":"Karol Nawrocki nagle zwr\u00f3ci\u0142 si\u0119 do Polak\u00f3w. \u201ePodj\u0105\u0142em decyzj\u0119\u201d"},"content":{"rendered":"\n<p>O godzinie 11:40 pojawi\u0142 si\u0119 wpis na oficjalnym profilu Kancelarii Prezydenta w serwisie X.<\/p>\n\n\n\n<p>W po\u015bcie przywo\u0142ano s\u0142owa wypowiedziane podczas uroczysto\u015bci w Pa\u0142acu Prezydenckim.<\/p>\n\n\n\n<p>To wyst\u0105pienie natychmiast przyci\u0105gn\u0119\u0142o uwag\u0119 opinii publicznej.<\/p>\n\n\n\n<p>Prezydent og\u0142osi\u0142 decyzj\u0119, kt\u00f3ra wyra\u017anie podkre\u015bla tempo zmian w \u015brodowisku naukowym.<\/p>\n\n\n\n<p>W Pa\u0142acu Prezydenckim odby\u0142a si\u0119 uroczysto\u015b\u0107 wr\u0119czenia nominacji profesorskich.<\/p>\n\n\n\n<p>W wydarzeniu uczestniczyli przedstawiciele \u015bwiata nauki z r\u00f3\u017cnych o\u015brodk\u00f3w akademickich.<\/p>\n\n\n\n<p>Atmosfera by\u0142a podnios\u0142a, a znaczenie ceremonii podkre\u015blano na ka\u017cdym kroku.<\/p>\n\n\n\n<p>Prezydent zwraca\u0142 uwag\u0119 na silny zwi\u0105zek polskiej nauki z histori\u0105 pa\u0144stwa.<\/p>\n\n\n\n<p>W swoich s\u0142owach akcentowa\u0142, \u017ce wolno\u015b\u0107 bada\u0144 mo\u017ce rozwija\u0107 si\u0119 jedynie w suwerennym kraju.<\/p>\n\n\n\n<p>M\u00f3wi\u0142 o odpowiedzialno\u015bci \u015brodowiska akademickiego za przysz\u0142o\u015b\u0107 Rzeczypospolitej.<\/p>\n\n\n\n<p>Najwi\u0119ksze emocje wywo\u0142a\u0142a zapowied\u017a dotycz\u0105ca kolejnych nominacji.<\/p>\n\n\n\n<p>Prezydent poinformowa\u0142, \u017ce nast\u0119pna ceremonia odb\u0119dzie si\u0119 ju\u017c za miesi\u0105c.<\/p>\n\n\n\n<p>Podkre\u015bli\u0142, \u017ce proces wyr\u00f3\u017cniania naukowc\u00f3w b\u0119dzie prowadzony szybciej i sprawniej.<\/p>\n\n\n\n<p>Decyzja ta zosta\u0142a odebrana jako sygna\u0142 intensyfikacji dzia\u0142a\u0144 w obszarze awans\u00f3w naukowych.<\/p>\n\n\n\n<p>W wyst\u0105pieniu pojawi\u0142 si\u0119 r\u00f3wnie\u017c w\u0105tek nowoczesnych technologii.<\/p>\n\n\n\n<p>Prezydent m\u00f3wi\u0142 o obawach zwi\u0105zanych z dynamicznymi zmianami wsp\u00f3\u0142czesnego \u015bwiata.<\/p>\n\n\n\n<p>Zaznaczy\u0142 jednak, \u017ce \u017cadna technologia nie zast\u0105pi autorytetu cz\u0142owieka i relacji mi\u0119dzyludzkich.<\/p>\n\n\n\n<p>Odwo\u0142a\u0142 si\u0119 do tradycji i znaczenia zawodu profesora.<\/p>\n\n\n\n<p>Zach\u0119ca\u0142 naukowc\u00f3w do wierno\u015bci prawdzie i uczciwo\u015bci badawczej.<\/p>\n\n\n\n<p>Wyra\u017anie zaznaczy\u0142, \u017ce nauka nie powinna podlega\u0107 presji ideologicznej ani politycznej.<\/p>\n\n\n\n<p>W ko\u0144cowej cz\u0119\u015bci przem\u00f3wienia pojawi\u0142a si\u0119 deklaracja dotycz\u0105ca autonomii \u015bwiata nauki.<\/p>\n\n\n\n<p>Prezydent zapewni\u0142, \u017ce b\u0119dzie sta\u0142 na stra\u017cy wolno\u015bci akademickiej.<\/p>\n\n\n\n<p>Zapowiedzia\u0142 wspieranie \u015brodowiska profesorskiego i dalsze rozwijanie procesu nominacyjnego.<\/p>\n\n\n\n<p>Podkre\u015bli\u0142, \u017ce badacze powinni odpowiada\u0107 wy\u0142\u0105cznie przed zasadami naukowego warsztatu i etyki zawodowej.<\/p>\n\n\n\n<p>Decyzja o szybkim przeprowadzeniu kolejnych nominacji ma by\u0107 dowodem tego wsparcia.<\/p>\n","protected":false},"excerpt":{"rendered":"O godzinie 11:40 pojawi\u0142 si\u0119 wpis na oficjalnym profilu Kancelarii Prezydenta w serwisie X. W po\u015bcie przywo\u0142ano s\u0142owa wypowiedziane podczas uroczysto\u015bci w Pa\u0142acu \n<a class=\"moretag\" href=\"https:\/\/swiat24.pl.ua\/?p=20571\"> [...]<\/a>","protected":false},"author":1,"featured_media":20572,"comment_status":"open","ping_status":"open","sticky":false,"template":"","format":"standard","meta":{"footnotes":""},"categories":[1],"tags":[],"class_list":["post-20571","post","type-post","status-publish","format-standard","has-post-thumbnail","hentry","category-blog"],"_links":{"self":[{"href":"https:\/\/swiat24.pl.ua\/index.php?rest_route=\/wp\/v2\/posts\/20571","targetHints":{"allow":["GET"]}}],"collection":[{"href":"https:\/\/swiat24.pl.ua\/index.php?rest_route=\/wp\/v2\/posts"}],"about":[{"href":"https:\/\/swiat24.pl.ua\/index.php?rest_route=\/wp\/v2\/types\/post"}],"author":[{"embeddable":true,"href":"https:\/\/swiat24.pl.ua\/index.php?rest_route=\/wp\/v2\/users\/1"}],"replies":[{"embeddable":true,"href":"https:\/\/swiat24.pl.ua\/index.php?rest_route=%2Fwp%2Fv2%2Fcomments&post=20571"}],"version-history":[{"count":1,"href":"https:\/\/swiat24.pl.ua\/index.php?rest_route=\/wp\/v2\/posts\/20571\/revisions"}],"predecessor-version":[{"id":20573,"href":"https:\/\/swiat24.pl.ua\/index.php?rest_route=\/wp\/v2\/posts\/20571\/revisions\/20573"}],"wp:featuredmedia":[{"embeddable":true,"href":"https:\/\/swiat24.pl.ua\/index.php?rest_route=\/wp\/v2\/media\/20572"}],"wp:attachment":[{"href":"https:\/\/swiat24.pl.ua\/index.php?rest_route=%2Fwp%2Fv2%2Fmedia&parent=20571"}],"wp:term":[{"taxonomy":"category","embeddable":true,"href":"https:\/\/swiat24.pl.ua\/index.php?rest_route=%2Fwp%2Fv2%2Fcategories&post=20571"},{"taxonomy":"post_tag","embeddable":true,"href":"https:\/\/swiat24.pl.ua\/index.php?rest_route=%2Fwp%2Fv2%2Ftags&post=20571"}],"curies":[{"name":"wp","href":"https:\/\/api.w.org\/{rel}","templated":true}]}}