{"id":20568,"date":"2026-01-08T14:09:24","date_gmt":"2026-01-08T14:09:24","guid":{"rendered":"https:\/\/swiat24.pl.ua\/?p=20568"},"modified":"2026-01-08T14:09:24","modified_gmt":"2026-01-08T14:09:24","slug":"to-on-bedzie-nowym-prezydentem-polski-jackowski-ujawnil-swoja-wizje-na-2028-rok","status":"publish","type":"post","link":"https:\/\/swiat24.pl.ua\/?p=20568","title":{"rendered":"To on b\u0119dzie nowym prezydentem Polski. Jackowski ujawni\u0142 swoj\u0105 wizj\u0119 na 2028 rok"},"content":{"rendered":"\n<p>Krzysztof Jackowski podzieli\u0142 si\u0119 swoj\u0105 wizj\u0105 dotycz\u0105c\u0105 roku 2028, w kt\u00f3rej przepowiada, kto mo\u017ce obj\u0105\u0107 urz\u0105d prezydenta Polski po Karolu Nawrockim. Jego s\u0142owa wywo\u0142a\u0142y du\u017ce zainteresowanie w\u015br\u00f3d odbiorc\u00f3w \u015bledz\u0105cych analizy znanego jasnowidza.<\/p>\n\n\n\n<h2 class=\"wp-block-heading\">Krzysztof Jackowski i jego dzia\u0142alno\u015b\u0107<\/h2>\n\n\n\n<p><strong>Krzysztof Jackowski<\/strong>&nbsp;to jedno z najbardziej rozpoznawalnych nazwisk w\u015br\u00f3d polskich jasnowidz\u00f3w. Od wielu lat zajmuje si\u0119 formu\u0142owaniem wizji przysz\u0142o\u015bci oraz interpretacj\u0105 niewyja\u015bnionych zjawisk. Pomaga r\u00f3wnie\u017c rodzinom poszukuj\u0105cym zaginionych os\u00f3b, a jego materia\u0142y i transmisje gromadz\u0105 szerokie grono odbiorc\u00f3w w internecie.<\/p>\n\n\n\n<p>W ostatnim nagraniu na YouTube Jackowski skoncentrowa\u0142 si\u0119 na przewidywaniach dotycz\u0105cych kolejnych lat, ze szczeg\u00f3lnym uwzgl\u0119dnieniem roku 2028, kt\u00f3re \u2013 jak sam przyzna\u0142 \u2013 nios\u0105 niepokoj\u0105ce przes\u0142ania.<\/p>\n\n\n\n<figure class=\"wp-block-image\"><img decoding=\"async\" src=\"https:\/\/bystryjanusz.pl\/wp-content\/uploads\/2025\/12\/2396.jpg\" alt=\"obrazek\"\/><\/figure>\n\n\n\n<blockquote class=\"wp-block-quote is-layout-flow wp-block-quote-is-layout-flow\">\n<p><em>\u201eSkojarzy\u0142a mi si\u0119 policja. Dojdzie do niebywa\u0142ego zdarzenia na jakim\u015b komisariacie albo z udzia\u0142em policjant\u00f3w. W Polsce wydarzy si\u0119 co\u015b strasznego zwi\u0105zanego z policj\u0105\u201d<\/em>&nbsp;\u2013 m\u00f3wi\u0142 jasnowidz.<\/p>\n<\/blockquote>\n\n\n\n<h2 class=\"wp-block-heading\">Niepokoj\u0105ce wydarzenia zapowiedziane na 2028 rok<\/h2>\n\n\n\n<p>Jackowski podkre\u015bli\u0142, \u017ce obecny okres niepewno\u015bci b\u0119dzie trwa\u0142 a\u017c do 2028 roku. Ju\u017c wcze\u015bniej wskazywa\u0142 na nadej\u015bcie \u201eczasu gorszego ni\u017c pandemia\u201d i uwa\u017ca, \u017ce aktualna sytuacja potwierdza t\u0119 przepowiedni\u0119.<\/p>\n\n\n\n<blockquote class=\"wp-block-quote is-layout-flow wp-block-quote-is-layout-flow\">\n<p><em>\u201eZ\u0142e zdarzenia i negatywne rzeczy b\u0119d\u0105 si\u0119 dzia\u0142y do 2028 roku. Powiedzia\u0142em, \u017ce po pandemii nadejdzie czas gorszy od pandemii. On ju\u017c jest\u201d<\/em>&nbsp;\u2013 doda\u0142.<\/p>\n<\/blockquote>\n\n\n\n<p>Jednym z istotnych element\u00f3w jego wizji s\u0105 masowe migracje ludno\u015bci. Wed\u0142ug Jackowskiego w nadchodz\u0105cych latach mo\u017cemy by\u0107 \u015bwiadkami przymusowych eksodus\u00f3w ca\u0142ych narod\u00f3w, wynikaj\u0105cych z konieczno\u015bci, a nie wyboru.<\/p>\n\n\n\n<blockquote class=\"wp-block-quote is-layout-flow wp-block-quote-is-layout-flow\">\n<p><em>\u201ePierwsze, co mi si\u0119 skojarzy\u0142o, to narody wymieszane w wielu miejscach. Nast\u0105pi\u0105 du\u017ce eksodusy narod\u00f3w z jednych miejsc do innych. Ludzie b\u0119d\u0105 si\u0119 miesza\u0107. To nie b\u0119dzie wynikiem wyboru, tylko przymusu\u201d<\/em>&nbsp;\u2013 wyja\u015bnia\u0142 jasnowidz.<\/p>\n<\/blockquote>\n\n\n\n<p>Przewiduje te\u017c, \u017ce niekt\u00f3re regiony \u015bwiata stan\u0105 si\u0119 niezamieszkalne, co b\u0119dzie przyczyn\u0105 tych przesiedle\u0144.<\/p>\n\n\n\n<h2 class=\"wp-block-heading\">Wizja nowego prezydenta Polski wed\u0142ug Jackowskiego<\/h2>\n\n\n\n<p>Jackowski zwr\u00f3ci\u0142 uwag\u0119, \u017ce globalne przemiany wp\u0142yn\u0105 na sytuacj\u0119 polityczn\u0105 pa\u0144stw, w tym Polski. W jego wizjach okres ten przyniesie zmiany w rz\u0105dz\u0105cych osobach oraz uk\u0142adzie w\u0142adzy.<\/p>\n\n\n\n<p>Najwi\u0119ksze emocje wywo\u0142a\u0142o jego ujawnienie dotycz\u0105ce nowego prezydenta Polski. Wed\u0142ug Jackowskiego w wizji roku 2028 pojawia si\u0119 posta\u0107 \u201eszczup\u0142ego m\u0119\u017cczyzny w okularach\u201d, kt\u00f3ry mo\u017ce obj\u0105\u0107 urz\u0105d prezydenta lub odegra\u0107 kluczow\u0105 rol\u0119 w polityce kraju.<\/p>\n\n\n\n<blockquote class=\"wp-block-quote is-layout-flow wp-block-quote-is-layout-flow\">\n<p><em>\u201eNie widz\u0119 obecnego prezydenta, cho\u0107 chyba jeszcze powinien rz\u0105dzi\u0107\u201d<\/em>&nbsp;\u2013 powiedzia\u0142, zaznaczaj\u0105c, \u017ce ta wizja go zaskakuje.<\/p>\n<\/blockquote>\n","protected":false},"excerpt":{"rendered":"Krzysztof Jackowski podzieli\u0142 si\u0119 swoj\u0105 wizj\u0105 dotycz\u0105c\u0105 roku 2028, w kt\u00f3rej przepowiada, kto mo\u017ce obj\u0105\u0107 urz\u0105d prezydenta Polski po Karolu Nawrockim. Jego s\u0142owa \n<a class=\"moretag\" href=\"https:\/\/swiat24.pl.ua\/?p=20568\"> [...]<\/a>","protected":false},"author":1,"featured_media":20569,"comment_status":"open","ping_status":"open","sticky":false,"template":"","format":"standard","meta":{"footnotes":""},"categories":[1],"tags":[],"class_list":["post-20568","post","type-post","status-publish","format-standard","has-post-thumbnail","hentry","category-blog"],"_links":{"self":[{"href":"https:\/\/swiat24.pl.ua\/index.php?rest_route=\/wp\/v2\/posts\/20568","targetHints":{"allow":["GET"]}}],"collection":[{"href":"https:\/\/swiat24.pl.ua\/index.php?rest_route=\/wp\/v2\/posts"}],"about":[{"href":"https:\/\/swiat24.pl.ua\/index.php?rest_route=\/wp\/v2\/types\/post"}],"author":[{"embeddable":true,"href":"https:\/\/swiat24.pl.ua\/index.php?rest_route=\/wp\/v2\/users\/1"}],"replies":[{"embeddable":true,"href":"https:\/\/swiat24.pl.ua\/index.php?rest_route=%2Fwp%2Fv2%2Fcomments&post=20568"}],"version-history":[{"count":1,"href":"https:\/\/swiat24.pl.ua\/index.php?rest_route=\/wp\/v2\/posts\/20568\/revisions"}],"predecessor-version":[{"id":20570,"href":"https:\/\/swiat24.pl.ua\/index.php?rest_route=\/wp\/v2\/posts\/20568\/revisions\/20570"}],"wp:featuredmedia":[{"embeddable":true,"href":"https:\/\/swiat24.pl.ua\/index.php?rest_route=\/wp\/v2\/media\/20569"}],"wp:attachment":[{"href":"https:\/\/swiat24.pl.ua\/index.php?rest_route=%2Fwp%2Fv2%2Fmedia&parent=20568"}],"wp:term":[{"taxonomy":"category","embeddable":true,"href":"https:\/\/swiat24.pl.ua\/index.php?rest_route=%2Fwp%2Fv2%2Fcategories&post=20568"},{"taxonomy":"post_tag","embeddable":true,"href":"https:\/\/swiat24.pl.ua\/index.php?rest_route=%2Fwp%2Fv2%2Ftags&post=20568"}],"curies":[{"name":"wp","href":"https:\/\/api.w.org\/{rel}","templated":true}]}}