{"id":20565,"date":"2026-01-08T13:03:59","date_gmt":"2026-01-08T13:03:59","guid":{"rendered":"https:\/\/swiat24.pl.ua\/?p=20565"},"modified":"2026-01-08T13:03:59","modified_gmt":"2026-01-08T13:03:59","slug":"marta-nawrocka-o-codziennosci-dzieci-prezydenckiej-pary-pilnuje-by-bylo-jak-najzwyczajniej","status":"publish","type":"post","link":"https:\/\/swiat24.pl.ua\/?p=20565","title":{"rendered":"Marta Nawrocka o codzienno\u015bci dzieci prezydenckiej pary: \u201ePilnuj\u0119, by by\u0142o jak najzwyczajniej\u201d"},"content":{"rendered":"\n<p>\u017bycie prywatne nowego prezydenta Karola Nawrockiego budzi du\u017ce zainteresowanie opinii publicznej. Jego \u017cona, Marta Nawrocka, wcze\u015bniej pracowa\u0142a w Krajowej Administracji Skarbowej. <\/p>\n\n\n\n<p>Ma\u0142o kto wie, \u017ce razem tworz\u0105 rodzin\u0119, kt\u00f3ra wychowuje troje dzieci: 22-letniego Daniela, b\u0119d\u0105cego synem Marty z poprzedniego zwi\u0105zku i usynowionym przez Karola, 15-letniego Antoniego oraz najm\u0142odsz\u0105, 7-letni\u0105 Kasi\u0119 Nawrock\u0105.<\/p>\n\n\n\n<h2 class=\"wp-block-heading\">Rodzina Marty Nawrockiej \u2013 prywatne \u017cycie nowej pierwszej damy<\/h2>\n\n\n\n<p>Najm\u0142odsza z dzieci prezydenckiej pary, Kasia, szybko zdoby\u0142a sympati\u0119 i rozpoznawalno\u015b\u0107 w mediach. To rezolutna, zawsze u\u015bmiechni\u0119ta siedmiolatka, kt\u00f3ra nie kryje entuzjazmu, co pokaza\u0142a podczas wieczoru wyborczego Karola Nawrockiego. Jednak jej m\u0142ody wiek nie uchroni\u0142 jej przed krytyk\u0105 i hejtem ze strony niekt\u00f3rych \u015brodowisk, z kt\u00f3rym zdecydowanie nale\u017cy si\u0119 nie zgadza\u0107.<\/p>\n\n\n\n<p>Publicznie m\u00f3wi\u0142o si\u0119 tak\u017ce o Kasi, gdy podczas uroczysto\u015bci zaprzysi\u0119\u017cenia nowego prezydenta podesz\u0142a do swojego wujka Waldemara Nawrockiego i doradzi\u0142a mu, kiedy rozpi\u0105\u0107, a kiedy zapi\u0105\u0107 koszul\u0119. Takie momenty tylko potwierdzi\u0142y, \u017ce Kasia naturalnie przyci\u0105ga uwag\u0119 medi\u00f3w i spo\u0142ecze\u0144stwa.<\/p>\n\n\n\n<figure class=\"wp-block-image\"><img decoding=\"async\" src=\"https:\/\/bystragrazyna.pl\/wp-content\/uploads\/2025\/12\/2398.jpg\" alt=\"obrazek\"\/><\/figure>\n\n\n\n<h2 class=\"wp-block-heading\">Kasia zyska\u0142a wyj\u0105tkowy pseudonim<\/h2>\n\n\n\n<p>M\u0142oda c\u00f3rka pary prezydenckiej zosta\u0142a okrzykni\u0119ta przez internaut\u00f3w i sympatyk\u00f3w mianem \u201edrugiej damy\u201d oraz \u201ema\u0142ej damy\u201d. Te okre\u015blenia oddaj\u0105 jej rol\u0119 \u2013 najm\u0142odszej i pe\u0142nej uroku przedstawicielki rodziny. Kasia cz\u0119sto pojawia si\u0119 w mediach spo\u0142eczno\u015bciowych dzi\u0119ki zdj\u0119ciom publikowanym przez matk\u0119, Mart\u0119 Nawrock\u0105.<\/p>\n\n\n\n<p>Co ciekawe, modowe inspiracje czerpie w\u0142a\u015bnie od mamy. Kasia ubiera si\u0119 w pracowni krawieckiej Jaros\u0142awa Konaszewskiego w Gda\u0144sku, gdzie wsp\u00f3lnie z mam\u0105 dba o sp\u00f3jno\u015b\u0107 swoich stylizacji. Jak m\u00f3wi sam krawiec, wsp\u00f3\u0142praca z dziewczynk\u0105 to prawdziwa przyjemno\u015b\u0107, poniewa\u017c Kasia uwielbia przymierza\u0107 kreacje i sp\u0119dza\u0107 czas w pracowni.<\/p>\n\n\n\n<h2 class=\"wp-block-heading\">Marta Nawrocka o codzienno\u015bci z dzie\u0107mi<\/h2>\n\n\n\n<p>W wywiadzie udzielonym portalowi wpolsce24.tv Marta Nawrocka otwarcie opowiedzia\u0142a o tym, jak zmieni\u0142o si\u0119 ich \u017cycie po obj\u0119ciu przez m\u0119\u017ca roli prezydenta. Zaznaczy\u0142a, \u017ce nowe obowi\u0105zki wymaga\u0142y dostosowania si\u0119 do surowych zasad funkcjonowania w \u017cyciu publicznym, co poci\u0105gn\u0119\u0142o za sob\u0105 wiele zmian.<\/p>\n\n\n\n<blockquote class=\"wp-block-quote is-layout-flow wp-block-quote-is-layout-flow\">\n<p>\u201eNo zmieni\u0142o si\u0119 tak, \u017ce nie przejad\u0119 si\u0119 metrem, tak jak redaktor je\u017adzi metrem do pracy. Nie kieruj\u0119 samochodem. Tak, te\u017c ubolewam nad tym, bo bardzo lubi\u0119 prowadzi\u0107 auto, ale te\u017c zosta\u0142a normalno\u015b\u0107 w tym wszystkim\u201d \u2013 podkre\u015bli\u0142a Marta, dodaj\u0105c, \u017ce mimo ogranicze\u0144 stara si\u0119 zachowa\u0107 jak najbardziej naturalny rytm \u017cycia.<\/p>\n<\/blockquote>\n\n\n\n<h2 class=\"wp-block-heading\">Wychowanie Kasi i Antka \u2013 normalno\u015b\u0107 ponad wszystko<\/h2>\n\n\n\n<p>Marta pilnuje, aby codzienno\u015b\u0107 jej najm\u0142odszych dzieci, Kasi i Antka, by\u0142a mo\u017cliwie zwyczajna i nieskomplikowana. Jak wyja\u015bnia, Antek pasjonuje si\u0119 pi\u0142k\u0105 no\u017cn\u0105 i ch\u0119tnie chodzi na treningi oraz na boisko, natomiast Kasia lubi sp\u0119dza\u0107 czas na placu zabaw oraz je\u017adzi na rowerze.<\/p>\n\n\n\n<blockquote class=\"wp-block-quote is-layout-flow wp-block-quote-is-layout-flow\">\n<p>\u201eMam ma\u0142e dzieci. Antek gra w pi\u0142k\u0119, chce i\u015b\u0107 na trening, na boisko, a Kasia chce i\u015b\u0107 na plac zabaw do innych dzieci, wi\u0119c to robimy. Chce i\u015b\u0107 na rower \u2013 ubieramy kaski, jedziemy. I podoba mi si\u0119 to w naszym spo\u0142ecze\u0144stwie, \u017ce kiedy widz\u0105, \u017ce jestem prywatnie z dzie\u0107mi, u\u015bmiechaj\u0105 si\u0119, machaj\u0105, pozdrawiaj\u0105, ale nie naruszaj\u0105 tej przestrzeni prywatnej. I to mi si\u0119 bardzo podoba\u201d \u2013 zwierzy\u0142a si\u0119 pierwsza dama.<\/p>\n<\/blockquote>\n\n\n\n<h2 class=\"wp-block-heading\">Naturalno\u015b\u0107 w \u017cyciu publicznym<\/h2>\n\n\n\n<p>Pomimo \u017cycia na \u015bwieczniku z powodu funkcji m\u0119\u017ca, Marta Nawrocka d\u0105\u017cy do tego, by prywatno\u015b\u0107 jej rodziny by\u0142a szanowana, a dzieci mia\u0142y normalne, radosne dzieci\u0144stwo. To podej\u015bcie zyska\u0142o aprobat\u0119 wielu obserwator\u00f3w, kt\u00f3rzy doceniaj\u0105 spok\u00f3j i naturalno\u015b\u0107 w ich codziennym \u017cyciu.<\/p>\n","protected":false},"excerpt":{"rendered":"\u017bycie prywatne nowego prezydenta Karola Nawrockiego budzi du\u017ce zainteresowanie opinii publicznej. Jego \u017cona, Marta Nawrocka, wcze\u015bniej pracowa\u0142a w Krajowej Administracji Skarbowej. Ma\u0142o kto \n<a class=\"moretag\" href=\"https:\/\/swiat24.pl.ua\/?p=20565\"> [...]<\/a>","protected":false},"author":1,"featured_media":20566,"comment_status":"open","ping_status":"open","sticky":false,"template":"","format":"standard","meta":{"footnotes":""},"categories":[1],"tags":[],"class_list":["post-20565","post","type-post","status-publish","format-standard","has-post-thumbnail","hentry","category-blog"],"_links":{"self":[{"href":"https:\/\/swiat24.pl.ua\/index.php?rest_route=\/wp\/v2\/posts\/20565","targetHints":{"allow":["GET"]}}],"collection":[{"href":"https:\/\/swiat24.pl.ua\/index.php?rest_route=\/wp\/v2\/posts"}],"about":[{"href":"https:\/\/swiat24.pl.ua\/index.php?rest_route=\/wp\/v2\/types\/post"}],"author":[{"embeddable":true,"href":"https:\/\/swiat24.pl.ua\/index.php?rest_route=\/wp\/v2\/users\/1"}],"replies":[{"embeddable":true,"href":"https:\/\/swiat24.pl.ua\/index.php?rest_route=%2Fwp%2Fv2%2Fcomments&post=20565"}],"version-history":[{"count":1,"href":"https:\/\/swiat24.pl.ua\/index.php?rest_route=\/wp\/v2\/posts\/20565\/revisions"}],"predecessor-version":[{"id":20567,"href":"https:\/\/swiat24.pl.ua\/index.php?rest_route=\/wp\/v2\/posts\/20565\/revisions\/20567"}],"wp:featuredmedia":[{"embeddable":true,"href":"https:\/\/swiat24.pl.ua\/index.php?rest_route=\/wp\/v2\/media\/20566"}],"wp:attachment":[{"href":"https:\/\/swiat24.pl.ua\/index.php?rest_route=%2Fwp%2Fv2%2Fmedia&parent=20565"}],"wp:term":[{"taxonomy":"category","embeddable":true,"href":"https:\/\/swiat24.pl.ua\/index.php?rest_route=%2Fwp%2Fv2%2Fcategories&post=20565"},{"taxonomy":"post_tag","embeddable":true,"href":"https:\/\/swiat24.pl.ua\/index.php?rest_route=%2Fwp%2Fv2%2Ftags&post=20565"}],"curies":[{"name":"wp","href":"https:\/\/api.w.org\/{rel}","templated":true}]}}