{"id":20545,"date":"2026-01-08T12:38:34","date_gmt":"2026-01-08T12:38:34","guid":{"rendered":"https:\/\/swiat24.pl.ua\/?p=20545"},"modified":"2026-01-08T12:38:34","modified_gmt":"2026-01-08T12:38:34","slug":"przyjecie-urodzinowe-przeradza-sie-w-tragedie-w-wypadku-bierze-udzial-siedem-osob-w-wyniku-czego-kilka-osob-ginie","status":"publish","type":"post","link":"https:\/\/swiat24.pl.ua\/?p=20545","title":{"rendered":"Przyj\u0119cie urodzinowe przeradza si\u0119 w tragedi\u0119: w wypadku bierze udzia\u0142 siedem os\u00f3b, w wyniku czego kilka os\u00f3b ginie."},"content":{"rendered":"\n<p>Tragiczna noc w Seine-et-Marne poch\u0142on\u0119\u0142a \u017cycie trzech m\u0142odych m\u0119\u017cczyzn, pozostawiaj\u0105c spo\u0142eczno\u015b\u0107 w szoku.<\/p>\n\n\n\n<p>W nocy z 17 na 18 maja 2025 roku wypadek drogowy zamieni\u0142 \u015bwi\u0105teczny wiecz\u00f3r w koszmar, gdy ich samoch\u00f3d uderzy\u0142 w mur, wywo\u0142uj\u0105c seri\u0119 tragedii i pyta\u0144 bez odpowiedzi.<\/p>\n\n\n\n<h2 class=\"wp-block-heading\">\u015amiertelny wypadek w pobli\u017cu Fontainebleau(1\/12)<\/h2>\n\n\n\n<p>Wczesnym rankiem w niedziel\u0119 18 maja 2025 roku wypadek drogowy w Sekwanie i Marnie zniszczy\u0142 \u017cycie kilku rodzin. Trzech m\u0142odych m\u0119\u017cczyzn, w tym dw\u00f3ch nieletnich, straci\u0142o \u017cycie, gdy ich samoch\u00f3d gwa\u0142townie uderzy\u0142 w mur w pobli\u017cu Fontainebleau, w La Grand-Paroisse. Wypadek mia\u0142 miejsce tu\u017c przed godzin\u0105 1:00 w nocy, zmieniaj\u0105c zwyk\u0142y wiecz\u00f3r w narodow\u0105 tragedi\u0119.<\/p>\n\n\n\n<p><img loading=\"lazy\" decoding=\"async\" src=\"https:\/\/www.viepratique.fr\/wp-content\/uploads\/sites\/4\/2025\/05\/accident-mortel-pres-de-fontainebleau-615x410.jpg\" width=\"615\" height=\"410\">\u00a9 Shutterstock<\/p>\n\n\n\n<h2 class=\"wp-block-heading\">Wracaj\u0105c z nocnego wyj\u015bcia, siedmiu z nas w samochodzie(2\/12)<\/h2>\n\n\n\n<p>Dok\u0142adne okoliczno\u015bci wypadku pozostaj\u0105 niejasne, ale wst\u0119pne ustalenia wskazuj\u0105, \u017ce m\u0142odzi ludzie wracali z imprezy. Pojazdem podr\u00f3\u017cowa\u0142o siedem os\u00f3b, co budzi w\u0105tpliwo\u015bci co do bezpiecze\u0144stwa i przestrzegania przepis\u00f3w ruchu drogowego. W\u015br\u00f3d pasa\u017cer\u00f3w, jedna z m\u0142odych os\u00f3b znajdowa\u0142a si\u0119 w baga\u017cniku, co stanowi nietypow\u0105 sytuacj\u0119, kt\u00f3ra zaskakuje \u015bledczych.<\/p>\n\n\n\n<p><img loading=\"lazy\" decoding=\"async\" src=\"https:\/\/www.viepratique.fr\/wp-content\/uploads\/sites\/4\/2025\/05\/retour-de-soiree-a-sept-dans-une-voiture-615x410.jpg\" width=\"615\" height=\"410\">\u00a9 Shutterstock<\/p>\n\n\n\n<h2 class=\"wp-block-heading\">Policja odkry\u0142a p\u0142on\u0105cy samoch\u00f3d(3\/12)<\/h2>\n\n\n\n<p>Patroluj\u0105cy okolic\u0119 policjanci natkn\u0119li si\u0119 na miejsce wypadku. Pojazd zacz\u0105\u0142 si\u0119 pali\u0107, a funkcjonariusze szybko zareagowali, aby uratowa\u0107 pasa\u017cer\u00f3w. Pomimo ich wysi\u0142k\u00f3w, troje m\u0142odych ludzi zmar\u0142o na miejscu w wyniku odniesionych obra\u017ce\u0144, co by\u0142o szokiem dla lokalnej spo\u0142eczno\u015bci i rodzin ofiar.<\/p>\n\n\n\n<p><img loading=\"lazy\" decoding=\"async\" src=\"https:\/\/www.viepratique.fr\/wp-content\/uploads\/sites\/4\/2025\/05\/decouverte-dune-voiture-en-feu-par-la-police-718x410.jpg\" width=\"718\" height=\"410\">\u00a9 Shutterstock<\/p>\n\n\n\n<h2 class=\"wp-block-heading\">Testy na obecno\u015b\u0107 alkoholu i narkotyk\u00f3w u kierowc\u00f3w&nbsp;(4\/12)<\/h2>\n\n\n\n<p>W\u015br\u00f3d rannych, dwudziestokilkuletni kierowca zosta\u0142 poddany testom na obecno\u015b\u0107 alkoholu i narkotyk\u00f3w. Wyniki tych test\u00f3w nie zosta\u0142y jeszcze opublikowane, ale mog\u0105 one odegra\u0107 kluczow\u0105 rol\u0119 w zrozumieniu wydarze\u0144 tamtej tragicznej nocy. Prokuratura w Fontainebleau nie wyklucza \u017cadnych mo\u017cliwo\u015bci, w tym potencjalnego udzia\u0142u substancji psychoaktywnych.<\/p>\n\n\n\n<p><img loading=\"lazy\" decoding=\"async\" src=\"https:\/\/www.viepratique.fr\/wp-content\/uploads\/sites\/4\/2025\/05\/tests-dalcool-et-de-drogue-pour-le-conducteur-1024x683.jpg\" width=\"1024\" height=\"683\">\u00a9 Shutterstock<\/p>\n\n\n\n<h2 class=\"wp-block-heading\">\u015aledztwo w sprawie pasa\u017cera w baga\u017cniku&nbsp;(5\/12)<\/h2>\n\n\n\n<p>\u015aledztwo b\u0119dzie musia\u0142o r\u00f3wnie\u017c ustali\u0107, dlaczego jeden z pasa\u017cer\u00f3w znalaz\u0142 si\u0119 w baga\u017cniku. Czy zrobi\u0142 to z w\u0142asnej woli z powodu braku miejsca, czy te\u017c zosta\u0142 do niego zmuszony? \u015aledczy staraj\u0105 si\u0119 wyja\u015bni\u0107 te nierozstrzygni\u0119te kwestie, aby wymierzy\u0107 sprawiedliwo\u015b\u0107 ofiarom i ich rodzinom.<\/p>\n\n\n\n<p><img loading=\"lazy\" decoding=\"async\" src=\"https:\/\/www.viepratique.fr\/wp-content\/uploads\/sites\/4\/2025\/05\/enquete-sur-le-passager-dans-le-coffre-1024x683.jpg\" width=\"1024\" height=\"683\">\u00a9 Shutterstock<\/p>\n\n\n\n<h2 class=\"wp-block-heading\">Relacja ocala\u0142ych z wypadku&nbsp;(6\/12)<\/h2>\n\n\n\n<p>Dwoje nastolatk\u00f3w, kt\u00f3rzy prze\u017cyli wypadek, opowiedzia\u0142o \u015bledczym o swoich prze\u017cyciach. Uda\u0142o im si\u0119 uciec z p\u0142on\u0105cego pojazdu i wr\u00f3ci\u0107 na imprez\u0119, co by\u0142o aktem odwagi, kt\u00f3ry niew\u0105tpliwie uratowa\u0142 im \u017cycie. Ich zeznania mog\u0105 okaza\u0107 si\u0119 kluczowe dla rekonstrukcji przebiegu wydarze\u0144 tamtej pami\u0119tnej nocy.<\/p>\n\n\n\n<p><img loading=\"lazy\" decoding=\"async\" src=\"https:\/\/www.viepratique.fr\/wp-content\/uploads\/sites\/4\/2025\/05\/recit-des-survivants-de-laccident-1024x683.jpg\" width=\"1024\" height=\"683\">\u00a9 Shutterstock<\/p>\n\n\n\n<h2 class=\"wp-block-heading\">Spo\u0142eczno\u015b\u0107 poszukuj\u0105ca odpowiedzi&nbsp;(7\/12)<\/h2>\n\n\n\n<p>Tragedia wywo\u0142a\u0142a powszechny smutek w regionie, gdzie rodziny i przyjaciele ofiar z trudem pojmuj\u0105, jak mog\u0142o doj\u015b\u0107 do takiej tragedii. W\u0142adze lokalne obieca\u0142y przeprowadzenie pe\u0142nego \u015bledztwa w sprawie wypadku, kt\u00f3re jest prowadzone z nale\u017cyt\u0105 staranno\u015bci\u0105.<\/p>\n\n\n\n<p><img loading=\"lazy\" decoding=\"async\" src=\"https:\/\/www.viepratique.fr\/wp-content\/uploads\/sites\/4\/2025\/05\/la-communaute-en-quete-de-reponses-1024x683.jpg\" width=\"1024\" height=\"683\">\u00a9 Shutterstock<\/p>\n\n\n\n<h2 class=\"wp-block-heading\">Ho\u0142d dla ofiar&nbsp;(8\/12)<\/h2>\n\n\n\n<p>Mieszka\u0144cy La Grand-Paroisse i okolic s\u0105 w szoku, a do ofiar nap\u0142ywaj\u0105 wyrazy wsparcia. Rodziny pogr\u0105\u017cone w \u017ca\u0142obie otrzymuj\u0105 mn\u00f3stwo wiadomo\u015bci z wyrazami wsparcia, co \u015bwiadczy o solidarno\u015bci spo\u0142eczno\u015bci w obliczu tej tragedii.<\/p>\n\n\n\n<p><img loading=\"lazy\" decoding=\"async\" src=\"https:\/\/www.viepratique.fr\/wp-content\/uploads\/sites\/4\/2025\/05\/hommages-aux-victimes-1024x683.jpg\" width=\"1024\" height=\"683\">\u00a9 Shutterstock<\/p>\n\n\n\n<h2 class=\"wp-block-heading\">Trwa dochodzenie w sprawie wypadku.&nbsp;(9\/12)<\/h2>\n\n\n\n<p>Prokuratura w Fontainebleau poinformowa\u0142a, \u017ce \u200b\u200b\u015bledztwo jest w toku i wszystkie tropy s\u0105 badane. Wyniki test\u00f3w narkotykowych kierowcy mog\u0105 dostarczy\u0107 kluczowych informacji do zrozumienia okoliczno\u015bci wypadku.<\/p>\n\n\n\n<p><img loading=\"lazy\" decoding=\"async\" src=\"https:\/\/www.viepratique.fr\/wp-content\/uploads\/sites\/4\/2025\/05\/enquete-en-cours-sur-laccident-1024x683.jpg\" width=\"1024\" height=\"683\">\u00a9 Shutterstock<\/p>\n\n\n\n<h2 class=\"wp-block-heading\">Przypomnienie o bezpiecze\u0144stwie na drodze&nbsp;(10\/12)<\/h2>\n\n\n\n<p>To tragiczne wydarzenie jest dobitnym przypomnieniem o tym, jak wa\u017cna jest ostro\u017cno\u015b\u0107 na drogach, zw\u0142aszcza po powrocie do domu z imprez. W\u0142adze przypominaj\u0105 m\u0142odym kierowcom o niebezpiecze\u0144stwach zwi\u0105zanych z prowadzeniem pojazdu pod wp\u0142ywem alkoholu lub narkotyk\u00f3w oraz o konieczno\u015bci przestrzegania zasad bezpiecze\u0144stwa ruchu drogowego.<\/p>\n\n\n\n<p><img loading=\"lazy\" decoding=\"async\" src=\"https:\/\/www.viepratique.fr\/wp-content\/uploads\/sites\/4\/2025\/05\/rappel-de-la-securite-routiere-1024x683.jpg\" width=\"1024\" height=\"683\">\u00a9 Shutterstock<\/p>\n\n\n\n<h2 class=\"wp-block-heading\">Rodziny czekaj\u0105 na odpowiedzi&nbsp;(11\/12)<\/h2>\n\n\n\n<p>W oczekiwaniu na wyniki \u015bledztwa rodziny ofiar maj\u0105 nadziej\u0119 na uzyskanie odpowiedzi na nurtuj\u0105ce je pytania. Tragedia w La Grand-Paroisse pozostanie w pami\u0119ci, a wyci\u0105gni\u0119te z niej wnioski mog\u0105 pom\u00f3c w zapobieganiu podobnym wypadkom w przysz\u0142o\u015bci.<\/p>\n\n\n\n<p><img loading=\"lazy\" decoding=\"async\" src=\"https:\/\/www.viepratique.fr\/wp-content\/uploads\/sites\/4\/2025\/05\/les-familles-en-attente-de-reponses-1024x731.jpg\" width=\"1024\" height=\"731\">\u00a9 Shutterstock<\/p>\n\n\n\n<h2 class=\"wp-block-heading\">Wsparcie spo\u0142eczno\u015bci i zapobieganie&nbsp;(12\/12)<\/h2>\n\n\n\n<p>W miar\u0119 trwania \u015bledztwa, spo\u0142eczno\u015b\u0107 jednoczy si\u0119, aby wesprze\u0107 rodziny dotkni\u0119te t\u0105 tragedi\u0105. W\u0142adze lokalne zobowi\u0105za\u0142y si\u0119 do wdro\u017cenia wszelkich niezb\u0119dnych \u015brodk\u00f3w, aby zapobiec podobnym tragediom w przysz\u0142o\u015bci.<\/p>\n\n\n\n<figure class=\"wp-block-image\"><img decoding=\"async\" src=\"https:\/\/www.viepratique.fr\/wp-content\/uploads\/sites\/4\/2025\/05\/soutien-communautaire-et-prevention-1024x576.jpg\" alt=\"\"\/><\/figure>\n","protected":false},"excerpt":{"rendered":"Tragiczna noc w Seine-et-Marne poch\u0142on\u0119\u0142a \u017cycie trzech m\u0142odych m\u0119\u017cczyzn, pozostawiaj\u0105c spo\u0142eczno\u015b\u0107 w szoku. W nocy z 17 na 18 maja 2025 roku wypadek \n<a class=\"moretag\" href=\"https:\/\/swiat24.pl.ua\/?p=20545\"> [...]<\/a>","protected":false},"author":1,"featured_media":20546,"comment_status":"open","ping_status":"open","sticky":false,"template":"","format":"standard","meta":{"footnotes":""},"categories":[1],"tags":[],"class_list":["post-20545","post","type-post","status-publish","format-standard","has-post-thumbnail","hentry","category-blog"],"_links":{"self":[{"href":"https:\/\/swiat24.pl.ua\/index.php?rest_route=\/wp\/v2\/posts\/20545","targetHints":{"allow":["GET"]}}],"collection":[{"href":"https:\/\/swiat24.pl.ua\/index.php?rest_route=\/wp\/v2\/posts"}],"about":[{"href":"https:\/\/swiat24.pl.ua\/index.php?rest_route=\/wp\/v2\/types\/post"}],"author":[{"embeddable":true,"href":"https:\/\/swiat24.pl.ua\/index.php?rest_route=\/wp\/v2\/users\/1"}],"replies":[{"embeddable":true,"href":"https:\/\/swiat24.pl.ua\/index.php?rest_route=%2Fwp%2Fv2%2Fcomments&post=20545"}],"version-history":[{"count":1,"href":"https:\/\/swiat24.pl.ua\/index.php?rest_route=\/wp\/v2\/posts\/20545\/revisions"}],"predecessor-version":[{"id":20547,"href":"https:\/\/swiat24.pl.ua\/index.php?rest_route=\/wp\/v2\/posts\/20545\/revisions\/20547"}],"wp:featuredmedia":[{"embeddable":true,"href":"https:\/\/swiat24.pl.ua\/index.php?rest_route=\/wp\/v2\/media\/20546"}],"wp:attachment":[{"href":"https:\/\/swiat24.pl.ua\/index.php?rest_route=%2Fwp%2Fv2%2Fmedia&parent=20545"}],"wp:term":[{"taxonomy":"category","embeddable":true,"href":"https:\/\/swiat24.pl.ua\/index.php?rest_route=%2Fwp%2Fv2%2Fcategories&post=20545"},{"taxonomy":"post_tag","embeddable":true,"href":"https:\/\/swiat24.pl.ua\/index.php?rest_route=%2Fwp%2Fv2%2Ftags&post=20545"}],"curies":[{"name":"wp","href":"https:\/\/api.w.org\/{rel}","templated":true}]}}