{"id":20495,"date":"2026-01-06T21:03:20","date_gmt":"2026-01-06T21:03:20","guid":{"rendered":"https:\/\/swiat24.pl.ua\/?p=20495"},"modified":"2026-01-06T21:03:20","modified_gmt":"2026-01-06T21:03:20","slug":"pochowano-matke-i-corki-z-helenowa-wzruszajacy-wpis-na-szarfie-przykul-uwage-2","status":"publish","type":"post","link":"https:\/\/swiat24.pl.ua\/?p=20495","title":{"rendered":"Pochowano matk\u0119 i c\u00f3rki z Helenowa. Wzruszaj\u0105cy wpis na szarfie przyku\u0142 uwag\u0119"},"content":{"rendered":"\n<p>W Helenowie Pierwszym odby\u0142 si\u0119 pogrzeb matki oraz jej dw\u00f3ch c\u00f3rek, kt\u00f3re zgin\u0119\u0142y w tragicznych okoliczno\u015bciach.<\/p>\n\n\n\n<p>\u015aledczy zachowuj\u0105 milczenie, jednak nieoficjalnie wiadomo, \u017ce najprawdopodobniejsz\u0105 wersj\u0105 zdarze\u0144 jest to,<\/p>\n\n\n\n<p>\u017ce kobieta najpierw wrzuci\u0142a swoje dzieci do szamba, a nast\u0119pnie sama odebra\u0142a sobie \u017cycie, do\u0142\u0105czaj\u0105c do c\u00f3rek. Mieszka\u0144cy wsi s\u0105 wstrz\u0105\u015bni\u0119ci, bo Karolina M. uchodzi\u0142a za wzorow\u0105 matk\u0119 i \u017con\u0119.<\/p>\n\n\n\n<h2 class=\"wp-block-heading\">Szokuj\u0105cy przebieg tragedii<\/h2>\n\n\n\n<p>Do zdarzenia dosz\u0142o podczas nieobecno\u015bci ojca dziewczynek, kt\u00f3ry w niedziel\u0119, 31 sierpnia, wyszed\u0142 do apteki na pro\u015bb\u0119 \u017cony. Po powrocie Mateusz M. nie zasta\u0142 w domu ani Karoliny, ani c\u00f3rek, Gabrysi i Antosi. Na zewn\u0105trz zauwa\u017cy\u0142 odkryt\u0105 pokryw\u0119 szamba oraz \u015blady krwi. Wezwa\u0142 s\u0142u\u017cby ratunkowe, kt\u00f3re odkry\u0142y tragedi\u0119 \u2013 kobieta by\u0142a martwa, a u dziewczynek nie stwierdzono funkcji \u017cyciowych. Mimo walki lekarzy, siostrzyczki zmar\u0142y w szpitalu w Koninie na skutek g\u0142\u0119bokiej hipotermii.<\/p>\n\n\n\n<figure class=\"wp-block-image\"><img decoding=\"async\" src=\"https:\/\/www.bystryjanusz.pl\/wp-content\/uploads\/2025\/09\/1413.jpg\" alt=\"\" class=\"wp-image-18081\"\/><\/figure>\n\n\n\n<h2 class=\"wp-block-heading\">Pogrzeb w atmosferze \u017ca\u0142oby<\/h2>\n\n\n\n<p>W pierwszy weekend wrze\u015bnia bliscy oraz mieszka\u0144cy wsparli rodzin\u0119, uczestnicz\u0105c w pogrzebie ca\u0142ej tr\u00f3jki. Rodzina by\u0142a bardzo szanowana, a miejscowi nie potrafili uwierzy\u0107 w tak\u0105 tragedi\u0119. Mogi\u0142y matki i c\u00f3rek spocz\u0119\u0142y obok siebie, przykryte ogromn\u0105 ilo\u015bci\u0105 kwiat\u00f3w i maskotek. Na tabliczkach widnia\u0142y wzruszaj\u0105ce napisy: na grobie Karoliny \u201espoczywaj w pokoju\u201d, a na krzy\u017cach dziewczynek \u2013 \u201e\u015bpij Anio\u0142ku\u201d.<\/p>\n\n\n\n<h2 class=\"wp-block-heading\">Wzruszaj\u0105cy napis na szarfie<\/h2>\n\n\n\n<p>Szczeg\u00f3ln\u0105 uwag\u0119 przyku\u0142a szarfa na grobach, kt\u00f3r\u0105 pozostawi\u0142 Mateusz M., m\u0105\u017c Karoliny i ojciec c\u00f3rek. Rozpoczyna si\u0119 i ko\u0144czy czerwonym serduszkiem, a na niej mo\u017cna przeczyta\u0107: \u201eNajukocha\u0144szym c\u00f3rkom \u2013 tatu\u015b\u201d oraz \u201eWspania\u0142ej \u017conie \u2013 m\u0105\u017c\u201d. Ten ostatni wpis pokazuje ogrom mi\u0142o\u015bci ma\u0142\u017ce\u0144stwa, kt\u00f3r\u0105 nie zniszczy\u0142 nawet tak dramatyczny fina\u0142.<\/p>\n\n\n\n<h2 class=\"wp-block-heading\">Aktualne dochodzenie w sprawie tragedii<\/h2>\n\n\n\n<p>Post\u0119powanie w sprawie \u015bmierci matki i c\u00f3rek jest w toku, a prokuratura nie ujawnia szczeg\u00f3\u0142\u00f3w \u015bledztwa. Prokurator Aleksandra Mara\u0144da z Prokuratury Rejonowej w Koninie informuje, \u017ce po otrzymaniu wynik\u00f3w bada\u0144 histopatologicznych i toksykologicznych b\u0119dzie mo\u017cna wypowiedzie\u0107 si\u0119 dok\u0142adniej na temat przebiegu wydarze\u0144. Nieoficjalnie wiadomo, \u017ce \u015bledczy nie \u0142\u0105cz\u0105 nikogo innego z tragedi\u0105 poza matk\u0105. Mieszka\u0144cy wsi wci\u0105\u017c prze\u017cywaj\u0105 strat\u0119 \u2013 cz\u0119sto odwiedzaj\u0105 gr\u00f3b, zatrzymuj\u0105 si\u0119 w zadumie i modl\u0105.<\/p>\n\n\n\n<h2 class=\"wp-block-heading\">Po\u017cegnanie ofiar \u2013 morze kwiat\u00f3w i czu\u0142ych symboli<\/h2>\n\n\n\n<p>Na grobach Karoliny i jej c\u00f3rek znajduje si\u0119 wiele zniczy, kwiat\u00f3w oraz zdj\u0119\u0107, kt\u00f3re podkre\u015blaj\u0105 g\u0142\u0119bi\u0119 \u017calu i pami\u0119ci. Niekt\u00f3re znicze posiadaj\u0105 kszta\u0142t anio\u0142k\u00f3w, a wieniec od rodzic\u00f3w Karoliny podkre\u015bla wsparcie ze strony rodziny, mimo niewyobra\u017calnego b\u00f3lu. Gr\u00f3b zlokalizowany jest tu\u017c przy alejce cmentarza, co sprawia, \u017ce wiele os\u00f3b zatrzymuje si\u0119 tam na chwil\u0119 zadumy.<\/p>\n\n\n\n<h2 class=\"wp-block-heading\">Reakcje mieszka\u0144c\u00f3w i dalsze losy \u015bledztwa<\/h2>\n\n\n\n<p>Dla lokalnej spo\u0142eczno\u015bci by\u0142 to ogromny szok \u2013 nikt nie przypuszcza\u0142, \u017ce kobieta, uwa\u017cana za wzorow\u0105 matk\u0119, mog\u0142a dopu\u015bci\u0107 si\u0119 takiej tragedii. Rodzina i mieszka\u0144cy staraj\u0105 si\u0119 znale\u017a\u0107 wsp\u00f3lne si\u0142y, by poradzi\u0107 sobie z \u017ca\u0142ob\u0105. Prokuratura apeluje o cierpliwo\u015b\u0107 i zapewnia, \u017ce w razie nowych informacji poinformuje opini\u0119 publiczn\u0105. P\u00f3ki co sprawa pozostaje w fazie wyja\u015bnie\u0144.<\/p>\n\n\n\n<blockquote class=\"wp-block-quote is-layout-flow wp-block-quote-is-layout-flow\">\n<p>\u201eWi\u0119cej b\u0119dziemy mogli powiedzie\u0107 po tym, jak dostaniemy wyniki bada\u0144 histopatologicznych i toksykologicznych. Mamy nadziej\u0119, \u017ce przyjd\u0105 one szybko.\u201d \u2013 m\u00f3wi prok. Aleksandra Mara\u0144da z Prokuratury Rejonowej w Koninie.<\/p>\n<\/blockquote>\n","protected":false},"excerpt":{"rendered":"W Helenowie Pierwszym odby\u0142 si\u0119 pogrzeb matki oraz jej dw\u00f3ch c\u00f3rek, kt\u00f3re zgin\u0119\u0142y w tragicznych okoliczno\u015bciach. \u015aledczy zachowuj\u0105 milczenie, jednak nieoficjalnie wiadomo, \u017ce \n<a class=\"moretag\" href=\"https:\/\/swiat24.pl.ua\/?p=20495\"> [...]<\/a>","protected":false},"author":1,"featured_media":20496,"comment_status":"open","ping_status":"open","sticky":false,"template":"","format":"standard","meta":{"footnotes":""},"categories":[1],"tags":[],"class_list":["post-20495","post","type-post","status-publish","format-standard","has-post-thumbnail","hentry","category-blog"],"_links":{"self":[{"href":"https:\/\/swiat24.pl.ua\/index.php?rest_route=\/wp\/v2\/posts\/20495","targetHints":{"allow":["GET"]}}],"collection":[{"href":"https:\/\/swiat24.pl.ua\/index.php?rest_route=\/wp\/v2\/posts"}],"about":[{"href":"https:\/\/swiat24.pl.ua\/index.php?rest_route=\/wp\/v2\/types\/post"}],"author":[{"embeddable":true,"href":"https:\/\/swiat24.pl.ua\/index.php?rest_route=\/wp\/v2\/users\/1"}],"replies":[{"embeddable":true,"href":"https:\/\/swiat24.pl.ua\/index.php?rest_route=%2Fwp%2Fv2%2Fcomments&post=20495"}],"version-history":[{"count":1,"href":"https:\/\/swiat24.pl.ua\/index.php?rest_route=\/wp\/v2\/posts\/20495\/revisions"}],"predecessor-version":[{"id":20497,"href":"https:\/\/swiat24.pl.ua\/index.php?rest_route=\/wp\/v2\/posts\/20495\/revisions\/20497"}],"wp:featuredmedia":[{"embeddable":true,"href":"https:\/\/swiat24.pl.ua\/index.php?rest_route=\/wp\/v2\/media\/20496"}],"wp:attachment":[{"href":"https:\/\/swiat24.pl.ua\/index.php?rest_route=%2Fwp%2Fv2%2Fmedia&parent=20495"}],"wp:term":[{"taxonomy":"category","embeddable":true,"href":"https:\/\/swiat24.pl.ua\/index.php?rest_route=%2Fwp%2Fv2%2Fcategories&post=20495"},{"taxonomy":"post_tag","embeddable":true,"href":"https:\/\/swiat24.pl.ua\/index.php?rest_route=%2Fwp%2Fv2%2Ftags&post=20495"}],"curies":[{"name":"wp","href":"https:\/\/api.w.org\/{rel}","templated":true}]}}