{"id":20492,"date":"2026-01-06T20:59:54","date_gmt":"2026-01-06T20:59:54","guid":{"rendered":"https:\/\/swiat24.pl.ua\/?p=20492"},"modified":"2026-01-06T20:59:54","modified_gmt":"2026-01-06T20:59:54","slug":"nie-zyje-znany-polski-milioner-smutne-wiesci-obiegly-kraj-jego-firme-zna-niemal-kazdy-polak-2","status":"publish","type":"post","link":"https:\/\/swiat24.pl.ua\/?p=20492","title":{"rendered":"Nie \u017cyje znany polski milioner, smutne wie\u015bci obieg\u0142y kraj. Jego firm\u0119 zna niemal ka\u017cdy Polak"},"content":{"rendered":"\n<p>Tragiczne informacje przekaza\u0142 w ostatnich dniach burmistrz Ustronia. Nie \u017cyje ceniony filantrop i za\u0142o\u017cyciel przedsi\u0119biorstwa znanego niemal w ca\u0142ej Polsce.<\/p>\n\n\n\n<p>Jego \u015bmier\u0107 to du\u017cy cios dla lokalnej spo\u0142eczno\u015bci. Poinformowano o szczeg\u00f3\u0142ach dotycz\u0105cych pogrzebu.<\/p>\n\n\n\n<p>Nie \u017cyje ceniony filantrop i biznesmen. Mia\u0142 78 lat.<br>Kolejna smutna wiadomo\u015b\u0107 \u2013 tak sw\u00f3j wpis w mediach spo\u0142eczno\u015bciowych rozpocz\u0105\u0142 burmistrz Ustronia Pawe\u0142 Sztefek.<\/p>\n\n\n\n<p>Nie \u017cyje ceniony filantrop z Ustronia i tw\u00f3rca s\u0142ynnych Zak\u0142ad\u00f3w Mi\u0119snych Henryk Kania. Zmar\u0142 w wieku 78 lat.&nbsp;<\/p>\n\n\n\n<p>Wyj\u0105tkowy filantrop, szczeg\u00f3lnie wspieraj\u0105cy Fundacj\u0119 im. \u015bw. Antoniego w Ustroniu. Cze\u015b\u0107 Jego Pami\u0119ci! Rodzinie i Bliskim sk\u0142adam wyrazy wsp\u00f3\u0142czucia \u2013 napisa\u0142 burmistrz w mediach spo\u0142eczno\u015bciowych.<\/p>\n\n\n\n<p>Henryk Kania nie \u017cyje. Wiadomo, kiedy odb\u0119dzie si\u0119 pogrzeb<br>Henryk Kania regularnie wspiera\u0142 m.in. Fundacj\u0119 im. \u015bw. Antoniego w Ustroniu. Mieszka\u0144cy miejscowo\u015bci wspominaj\u0105 go jako cz\u0142owieka ciep\u0142ego, zawsze gotowego do pomocy. Kania znany by\u0142 ze swojej dzia\u0142alno\u015bci charytatywnej.&nbsp;<\/p>\n\n\n\n<p>Pogrzeb Henryka Kani odb\u0119dzie si\u0119 w najbli\u017cszy wtorek 26 listopada w Kaplicy Ko\u015bcio\u0142a Katolickiego \u015bw. Klemensa w Ustroniu. Uroczysto\u015bci \u017ca\u0142obne rozpoczn\u0105 si\u0119 o godzinie 11.00.<\/p>\n","protected":false},"excerpt":{"rendered":"Tragiczne informacje przekaza\u0142 w ostatnich dniach burmistrz Ustronia. Nie \u017cyje ceniony filantrop i za\u0142o\u017cyciel przedsi\u0119biorstwa znanego niemal w ca\u0142ej Polsce. Jego \u015bmier\u0107 to \n<a class=\"moretag\" href=\"https:\/\/swiat24.pl.ua\/?p=20492\"> [...]<\/a>","protected":false},"author":1,"featured_media":20493,"comment_status":"open","ping_status":"open","sticky":false,"template":"","format":"standard","meta":{"footnotes":""},"categories":[1],"tags":[],"class_list":["post-20492","post","type-post","status-publish","format-standard","has-post-thumbnail","hentry","category-blog"],"_links":{"self":[{"href":"https:\/\/swiat24.pl.ua\/index.php?rest_route=\/wp\/v2\/posts\/20492","targetHints":{"allow":["GET"]}}],"collection":[{"href":"https:\/\/swiat24.pl.ua\/index.php?rest_route=\/wp\/v2\/posts"}],"about":[{"href":"https:\/\/swiat24.pl.ua\/index.php?rest_route=\/wp\/v2\/types\/post"}],"author":[{"embeddable":true,"href":"https:\/\/swiat24.pl.ua\/index.php?rest_route=\/wp\/v2\/users\/1"}],"replies":[{"embeddable":true,"href":"https:\/\/swiat24.pl.ua\/index.php?rest_route=%2Fwp%2Fv2%2Fcomments&post=20492"}],"version-history":[{"count":1,"href":"https:\/\/swiat24.pl.ua\/index.php?rest_route=\/wp\/v2\/posts\/20492\/revisions"}],"predecessor-version":[{"id":20494,"href":"https:\/\/swiat24.pl.ua\/index.php?rest_route=\/wp\/v2\/posts\/20492\/revisions\/20494"}],"wp:featuredmedia":[{"embeddable":true,"href":"https:\/\/swiat24.pl.ua\/index.php?rest_route=\/wp\/v2\/media\/20493"}],"wp:attachment":[{"href":"https:\/\/swiat24.pl.ua\/index.php?rest_route=%2Fwp%2Fv2%2Fmedia&parent=20492"}],"wp:term":[{"taxonomy":"category","embeddable":true,"href":"https:\/\/swiat24.pl.ua\/index.php?rest_route=%2Fwp%2Fv2%2Fcategories&post=20492"},{"taxonomy":"post_tag","embeddable":true,"href":"https:\/\/swiat24.pl.ua\/index.php?rest_route=%2Fwp%2Fv2%2Ftags&post=20492"}],"curies":[{"name":"wp","href":"https:\/\/api.w.org\/{rel}","templated":true}]}}