{"id":20467,"date":"2026-01-06T20:14:27","date_gmt":"2026-01-06T20:14:27","guid":{"rendered":"https:\/\/swiat24.pl.ua\/?p=20467"},"modified":"2026-01-06T20:14:27","modified_gmt":"2026-01-06T20:14:27","slug":"dwoje-dzieci-w-wieku-dwoch-i-czterech-lat-stracilo-rodzicow-w-strasznym-wypadku-drogowym-3","status":"publish","type":"post","link":"https:\/\/swiat24.pl.ua\/?p=20467","title":{"rendered":"Dwoje dzieci w wieku dw\u00f3ch i czterech lat straci\u0142o rodzic\u00f3w w strasznym wypadku drogowym"},"content":{"rendered":"\n<p><em>Nowa tragedia nawiedzi\u0142a francuskie drogi.<\/em><\/p>\n\n\n\n<p><em>W sobot\u0119 rano w powa\u017cnym wypadku na drodze krajowej nr 7 w Dr\u00f4me zgin\u0119\u0142a m\u0142oda para, a cztery inne osoby, w tym dwoje dzieci, zosta\u0142y ranne.<\/em><\/p>\n\n\n\n<p><em>Trzeci kierowca, kt\u00f3ry bra\u0142 udzia\u0142 w tragedii, uciek\u0142 z miejsca zdarzenia, zanim zosta\u0142 aresztowany.<\/em><\/p>\n\n\n\n<figure class=\"wp-block-image\"><img decoding=\"async\" src=\"https:\/\/etreheureux.net\/wp-content\/uploads\/2025\/07\/Capture-decran-2025-07-28-222913.png\" alt=\"Zrzut ekranu 2025 07 28 222913\" class=\"wp-image-476105\" title=\"Dwoje dzieci w wieku dw\u00f3ch i czterech lat straci\u0142o rodzic\u00f3w w strasznym wypadku drogowym 2 Dwoje dzieci w wieku dw\u00f3ch i czterech lat straci\u0142o rodzic\u00f3w w strasznym wypadku drogowym\"\/><\/figure>\n\n\n\n<p><strong>Oko\u0142o godziny 5:30 rano w sobot\u0119 27 lipca dosz\u0142o do tragedii na drodze krajowej nr 7 w pobli\u017cu Gervans (Dr\u00f4me).<\/strong>&nbsp;Z niewyja\u015bnionych przyczyn&nbsp;<strong>dwa pojazdy \u2013 Peugeot i Citro\u00ebn \u2013 zderzy\u0142y si\u0119 czo\u0142owo<\/strong>&nbsp;na prostym, trzypasmowym odcinku drogi.&nbsp;<strong>Zderzenie by\u0142o niezwykle gwa\u0142towne.<\/strong><\/p>\n\n\n\n<p><strong>W Peugeocie znajdowa\u0142a si\u0119 m\u0142oda para z Ard\u00e8che, kt\u00f3ra zgin\u0119\u0142a na miejscu.<\/strong>&nbsp;Ich dwoje dzieci, w wieku zaledwie dw\u00f3ch i czterech lat, siedzia\u0142o na tylnym siedzeniu.&nbsp;<strong>Zostali oni wyprowadzeni z pojazdu i przewiezieni do szpitala.<\/strong>&nbsp;Ich rokowania nie zagra\u017caj\u0105 \u017cyciu, ale uraz jest powa\u017cny.<\/p>\n\n\n\n<p><strong>Para po pi\u0119\u0107dziesi\u0105tce z regionu Lyonu r\u00f3wnie\u017c zosta\u0142a ranna<\/strong>&nbsp;w wypadku Citro\u00ebna&nbsp;i przewieziona do szpitala. W\u0142adze nie poda\u0142y jeszcze szczeg\u00f3\u0142\u00f3w ich stanu.<\/p>\n\n\n\n<h3 class=\"wp-block-heading\">Trzeci samoch\u00f3d bior\u0105cy udzia\u0142 w zdarzeniu\u2026 i kierowca, kt\u00f3ry uciek\u0142 z miejsca zdarzenia<\/h3>\n\n\n\n<h3 class=\"wp-block-heading\"><img loading=\"lazy\" decoding=\"async\" src=\"https:\/\/etreheureux.net\/wp-content\/uploads\/2025\/07\/Capture-decran-2025-07-28-222919.png\" alt=\"Zrzut ekranu 2025 07 28 222919\" width=\"983\" height=\"675\" srcset=\"https:\/\/etreheureux.net\/wp-content\/uploads\/2025\/07\/Capture-decran-2025-07-28-222919.png 983w, https:\/\/etreheureux.net\/wp-content\/uploads\/2025\/07\/Capture-decran-2025-07-28-222919-400x275.png 400w, https:\/\/etreheureux.net\/wp-content\/uploads\/2025\/07\/Capture-decran-2025-07-28-222919-768x527.png 768w, https:\/\/etreheureux.net\/wp-content\/uploads\/2025\/07\/Capture-decran-2025-07-28-222919-750x515.png 750w\"><\/h3>\n\n\n\n<p><strong>Ale to nie wszystko: trzeci samoch\u00f3d, Audi, uderzy\u0142 w Peugeota po pierwszym zderzeniu.<\/strong>&nbsp;Jego kierowca, zamiast si\u0119 zatrzyma\u0107,&nbsp;<strong>uciek\u0142<\/strong>&nbsp;z miejsca tragedii.&nbsp;<strong>Zosta\u0142 zatrzymany przez policj\u0119 kilka godzin p\u00f3\u017aniej i aresztowany<\/strong>&nbsp;. Nadal przebywa\u0142 tam w poniedzia\u0142ek, jak donosi \u201e&nbsp;<em>Le Dauphin\u00e9 Lib\u00e9r\u00e9\u201d<\/em>&nbsp;, kt\u00f3re ujawni\u0142o t\u0119 histori\u0119.<\/p>\n\n\n\n<p><strong>Dok\u0142adne okoliczno\u015bci wypadku<\/strong>&nbsp;, w tym rola trzeciego samochodu, wci\u0105\u017c nie zosta\u0142y ustalone.&nbsp;<strong>\u015aledczy nie wykluczaj\u0105 \u017cadnej hipotezy<\/strong>&nbsp;, a trwaj\u0105 oceny ekspert\u00f3w w celu ustalenia odpowiedzialno\u015bci.<\/p>\n\n\n\n<h3 class=\"wp-block-heading\">Rozpocz\u0119to \u015bledztwo, rozbita rodzina<\/h3>\n\n\n\n<figure class=\"wp-block-image\"><img decoding=\"async\" src=\"https:\/\/etreheureux.net\/wp-content\/uploads\/2025\/07\/Capture-decran-2025-07-28-222931.png\" alt=\"Zrzut ekranu 2025 07 28 222931\" class=\"wp-image-476102\" title=\"Dwoje dzieci w wieku dw\u00f3ch i czterech lat straci\u0142o rodzic\u00f3w w strasznym wypadku drogowym 4 Dwoje dzieci w wieku dw\u00f3ch i czterech lat straci\u0142o rodzic\u00f3w w strasznym wypadku drogowym\"\/><\/figure>\n\n\n\n<p>Prokuratura wszcz\u0119\u0142a \u015bledztwo w sprawie&nbsp;<strong>zab\u00f3jstwa ze szczeg\u00f3lnym okrucie\u0144stwem<\/strong>&nbsp;i&nbsp;<strong>ucieczki z miejsca zdarzenia<\/strong>&nbsp;; zarzuty mog\u0105 zosta\u0107 zmienione w zale\u017cno\u015bci od wniosk\u00f3w wst\u0119pnej analizy technicznej i przes\u0142ucha\u0144.<\/p>\n\n\n\n<p><strong>Ta tragedia ukazuje bolesn\u0105 \u015bwiadomo\u015b\u0107 ci\u0105g\u0142ych zagro\u017ce\u0144 na drogach<\/strong>&nbsp;, pomimo prowadzonych kampanii prewencyjnych. W ci\u0105gu kilku sekund&nbsp;<strong>rodzina zosta\u0142a unicestwiona<\/strong>&nbsp;, a dwoje dzieci zosta\u0142o sierotami w tragicznych okoliczno\u015bciach.<\/p>\n","protected":false},"excerpt":{"rendered":"Nowa tragedia nawiedzi\u0142a francuskie drogi. W sobot\u0119 rano w powa\u017cnym wypadku na drodze krajowej nr 7 w Dr\u00f4me zgin\u0119\u0142a m\u0142oda para, a cztery \n<a class=\"moretag\" href=\"https:\/\/swiat24.pl.ua\/?p=20467\"> [...]<\/a>","protected":false},"author":1,"featured_media":20468,"comment_status":"open","ping_status":"open","sticky":false,"template":"","format":"standard","meta":{"footnotes":""},"categories":[1],"tags":[],"class_list":["post-20467","post","type-post","status-publish","format-standard","has-post-thumbnail","hentry","category-blog"],"_links":{"self":[{"href":"https:\/\/swiat24.pl.ua\/index.php?rest_route=\/wp\/v2\/posts\/20467","targetHints":{"allow":["GET"]}}],"collection":[{"href":"https:\/\/swiat24.pl.ua\/index.php?rest_route=\/wp\/v2\/posts"}],"about":[{"href":"https:\/\/swiat24.pl.ua\/index.php?rest_route=\/wp\/v2\/types\/post"}],"author":[{"embeddable":true,"href":"https:\/\/swiat24.pl.ua\/index.php?rest_route=\/wp\/v2\/users\/1"}],"replies":[{"embeddable":true,"href":"https:\/\/swiat24.pl.ua\/index.php?rest_route=%2Fwp%2Fv2%2Fcomments&post=20467"}],"version-history":[{"count":1,"href":"https:\/\/swiat24.pl.ua\/index.php?rest_route=\/wp\/v2\/posts\/20467\/revisions"}],"predecessor-version":[{"id":20469,"href":"https:\/\/swiat24.pl.ua\/index.php?rest_route=\/wp\/v2\/posts\/20467\/revisions\/20469"}],"wp:featuredmedia":[{"embeddable":true,"href":"https:\/\/swiat24.pl.ua\/index.php?rest_route=\/wp\/v2\/media\/20468"}],"wp:attachment":[{"href":"https:\/\/swiat24.pl.ua\/index.php?rest_route=%2Fwp%2Fv2%2Fmedia&parent=20467"}],"wp:term":[{"taxonomy":"category","embeddable":true,"href":"https:\/\/swiat24.pl.ua\/index.php?rest_route=%2Fwp%2Fv2%2Fcategories&post=20467"},{"taxonomy":"post_tag","embeddable":true,"href":"https:\/\/swiat24.pl.ua\/index.php?rest_route=%2Fwp%2Fv2%2Ftags&post=20467"}],"curies":[{"name":"wp","href":"https:\/\/api.w.org\/{rel}","templated":true}]}}