{"id":20185,"date":"2025-12-30T10:36:14","date_gmt":"2025-12-30T10:36:14","guid":{"rendered":"https:\/\/swiat24.pl.ua\/?p=20185"},"modified":"2025-12-30T10:36:14","modified_gmt":"2025-12-30T10:36:14","slug":"nie-zyje-kolejny-aktor-ze-swiata-wedlug-kiepskich-mial-79-lat-6","status":"publish","type":"post","link":"https:\/\/swiat24.pl.ua\/?p=20185","title":{"rendered":"Nie \u017cyje kolejny aktor ze \u201c\u015awiata Wed\u0142ug Kiepskich\u201d. Mia\u0142 79 lat"},"content":{"rendered":"\n<p>Smutne wie\u015bci obieg\u0142y media w sobot\u0119 6 lipca. Teatr im. Juliusza S\u0142owackiego w Krakowie poinformowa\u0142 o \u015bmierci Feliksa Szajnerta, aktora filmowego i teatralnego, przez lata zwi\u0105zanego w\u0142a\u015bnie z deskami krakowskiego teatru. Szajnert zmar\u0142 w wieku 79 lat.<\/p>\n\n\n\n<p>Nie \u017cyje Feliks Szajnert, ceniony polski aktor<br>Nie \u017cyje Feliks Szajnert \u2013 polski aktor filmowy i teatralny, od 1974 roku zwi\u0105zany z Teatrem im. Juliusza S\u0142owackiego w Krakowie. Artysta w ostatnim czasie walczy\u0142 z chorob\u0105. W 2022 r. przeszed\u0142 udar m\u00f3zgu. Zosta\u0142 po\u017cegnany w mediach spo\u0142eczno\u015bciowych przez koleg\u00f3w z krakowskiego teatru.<\/p>\n\n\n\n<p>Jego si\u0142a, witalno\u015b\u0107, kreatywno\u015b\u0107 i dowcip sprawia\u0142y, \u017ce my\u015bleli\u015bmy, \u017ce b\u0119dzie z nami zawsze, \u017ce jest nie\u015bmiertelny. Dzisiaj okaza\u0142o si\u0119, \u017ce nie jest \u2013 czytamy na profilu Teatru im. Juliusza S\u0142owackiego.<\/p>\n\n\n\n<p>Najpi\u0119kniejsza Polka wed\u0142ug Macieja Musia\u0142a? A co s\u0105dzi o Dodzie?<br>To watch this video please disable your adblock.<br>Feliks Szajnert zmar\u0142 w wieku 79 lat<br>Feliks Szajnert zmar\u0142 w sobot\u0119 6 lipca 2024 roku. Informacj\u0119 o \u015bmierci jako pierwszy przekaza\u0142 krakowski oddzia\u0142 ZASP, kt\u00f3rego aktor by\u0142 wieloletnim cz\u0142onkiem.<\/p>\n\n\n\n<p>Z ogromnym \u017calem i smutkiem zawiadamiamy, \u017ce odszed\u0142 od nas wspania\u0142y aktor Teatru im. Juliusza S\u0142owackiego w Krakowie, cz\u0142onek krakowskiego Oddzia\u0142u ZASP \u2013 Feliks Szajnert \u2013 czytamy w komunikacie.<\/p>\n\n\n\n<p>Feliks Szajnert urodzi\u0142 si\u0119 5 listopada 1944 w Czarsku. Swoj\u0105 aktorsk\u0105 karier\u0119 rozpocz\u0105\u0142 w latach 60. By\u0142 absolwentem Wydzia\u0142u Aktorskiego PWSTiF w \u0141odzi.<\/p>\n\n\n\n<p>Szajnert wyst\u0119powa\u0142 zar\u00f3wno na deskach teatr\u00f3w, jak i w wielu produkcjach telewizyjnych. Zagra\u0142 m.in. w \u201cAmatorze\u201d, \u201cPier\u015bcieniu i r\u00f3\u017cy\u201d czy \u201cJohnnym\u201d. Wyst\u0119powa\u0142 r\u00f3wnie\u017c epizodycznie w takich serialach jak \u201c\u015awiat wed\u0142ug Kiepskich\u201d, \u201cLekarze\u201d, czy \u201cKryminalni\u201d.&nbsp;<\/p>\n\n\n\n<p>Ksi\u0119\u017cna Kate wyda\u0142a o\u015bwiadczenie. Postanowi\u0142a odda\u0107 ho\u0142d legendzie<br>Czytaj dalej<br>Krakowski Teatr w poruszaj\u0105cych s\u0142owach po\u017cegna\u0142 Feliksa Szajnerta<br>Feliks Szajnert od 1974 r. zwi\u0105zany by\u0142 z Teatrem im. J. S\u0142owackiego w Krakowie. Gra\u0142 m.in. rol\u0119 Gu\u015blarza \u201cDziadach\u201d w re\u017c. Mai Kleczewskiej. Za sw\u00f3j dorobek artystyczny zosta\u0142 odznaczony br\u0105zowym Medalem \u201cZas\u0142u\u017cony Kulturze Gloria Artis\u201d. W mediach spo\u0142eczno\u015bciowych w poruszaj\u0105cych s\u0142owach Feliksa Szajnerta \u017cegnaj\u0105 koledzy z teatru.<\/p>\n\n\n\n<p>Sk\u0142adamy najszczersze kondolencje najbli\u017cszym Feliksa.<br>Sami pogr\u0105\u017ceni w b\u00f3lu, smutku i z\u0142o\u015bci.<br>Bo to za wcze\u015bnie.<br>Bo to nie tak mia\u0142o by\u0107\u2026<br>Reszta jest milczeniem.<\/p>\n\n\n\n<p>Rosyjskie drony \u201cpodziurawi\u0142y\u201d niebo nad Polsk\u0105. Prezydent Karol Nawrocki zabra\u0142 g\u0142os<\/p>\n","protected":false},"excerpt":{"rendered":"Smutne wie\u015bci obieg\u0142y media w sobot\u0119 6 lipca. Teatr im. Juliusza S\u0142owackiego w Krakowie poinformowa\u0142 o \u015bmierci Feliksa Szajnerta, aktora filmowego i teatralnego, \n<a class=\"moretag\" href=\"https:\/\/swiat24.pl.ua\/?p=20185\"> [...]<\/a>","protected":false},"author":1,"featured_media":20186,"comment_status":"open","ping_status":"open","sticky":false,"template":"","format":"standard","meta":{"footnotes":""},"categories":[1],"tags":[],"class_list":["post-20185","post","type-post","status-publish","format-standard","has-post-thumbnail","hentry","category-blog"],"_links":{"self":[{"href":"https:\/\/swiat24.pl.ua\/index.php?rest_route=\/wp\/v2\/posts\/20185","targetHints":{"allow":["GET"]}}],"collection":[{"href":"https:\/\/swiat24.pl.ua\/index.php?rest_route=\/wp\/v2\/posts"}],"about":[{"href":"https:\/\/swiat24.pl.ua\/index.php?rest_route=\/wp\/v2\/types\/post"}],"author":[{"embeddable":true,"href":"https:\/\/swiat24.pl.ua\/index.php?rest_route=\/wp\/v2\/users\/1"}],"replies":[{"embeddable":true,"href":"https:\/\/swiat24.pl.ua\/index.php?rest_route=%2Fwp%2Fv2%2Fcomments&post=20185"}],"version-history":[{"count":1,"href":"https:\/\/swiat24.pl.ua\/index.php?rest_route=\/wp\/v2\/posts\/20185\/revisions"}],"predecessor-version":[{"id":20187,"href":"https:\/\/swiat24.pl.ua\/index.php?rest_route=\/wp\/v2\/posts\/20185\/revisions\/20187"}],"wp:featuredmedia":[{"embeddable":true,"href":"https:\/\/swiat24.pl.ua\/index.php?rest_route=\/wp\/v2\/media\/20186"}],"wp:attachment":[{"href":"https:\/\/swiat24.pl.ua\/index.php?rest_route=%2Fwp%2Fv2%2Fmedia&parent=20185"}],"wp:term":[{"taxonomy":"category","embeddable":true,"href":"https:\/\/swiat24.pl.ua\/index.php?rest_route=%2Fwp%2Fv2%2Fcategories&post=20185"},{"taxonomy":"post_tag","embeddable":true,"href":"https:\/\/swiat24.pl.ua\/index.php?rest_route=%2Fwp%2Fv2%2Ftags&post=20185"}],"curies":[{"name":"wp","href":"https:\/\/api.w.org\/{rel}","templated":true}]}}