{"id":20131,"date":"2025-12-30T09:58:01","date_gmt":"2025-12-30T09:58:01","guid":{"rendered":"https:\/\/swiat24.pl.ua\/?p=20131"},"modified":"2025-12-30T09:58:01","modified_gmt":"2025-12-30T09:58:01","slug":"maly-chlopiec-na-tym-zdjeciu-jest-teraz-najslynniejszy-4","status":"publish","type":"post","link":"https:\/\/swiat24.pl.ua\/?p=20131","title":{"rendered":"Ma\u0142y ch\u0142opiec na tym zdj\u0119ciu jest teraz najs\u0142ynniejszy"},"content":{"rendered":"\n<p><strong>Ma\u0142y ch\u0142opiec na tym zdj\u0119ciu jest obecnie jedn\u0105 z najs\u0142awniejszych os\u00f3b na&nbsp;&nbsp;<a href=\"https:\/\/igvofficial.com\/category\/news\/world-news\/\">\u015bwiecie<\/a>&nbsp;&nbsp;\u2013 ale ma\u0142o kto go rozpoznaje.<\/strong><\/p>\n\n\n\n<p>Na pierwszy rzut oka zdj\u0119cie wygl\u0105da jak klasyczny portret z dzieci\u0144stwa: blondw\u0142osy ch\u0142opiec, niewiele starszy od niemowl\u0119cia, siedzi ze spokojnym wyrazem twarzy, szeroko otwartymi oczami wpatrzonymi w dal.<\/p>\n\n\n\n<p>Dla wi\u0119kszo\u015bci os\u00f3b zdj\u0119cie to nie wyr\u00f3\u017cnia si\u0119 niczym szczeg\u00f3lnym \u2013 przedstawia jedynie cherubinkowe dziecko zastyg\u0142e w niewinnej bezruchu.<\/p>\n\n\n\n<p>Ale szokuj\u0105ce nie jest samo zdj\u0119cie\u2026 Szokuj\u0105ce jest to, kim ch\u0142opiec sta\u0142 si\u0119, gdy wyr\u00f3s\u0142.<\/p>\n\n\n\n<p>Sekcja komentarzy pod tym&nbsp;&nbsp;<a href=\"https:\/\/igvofficial.com\/category\/viral\/\">popularnym<\/a>&nbsp;&nbsp;postem na&nbsp;&nbsp;<a href=\"https:\/\/igvofficial.com\/category\/viral\/instagram\/\">Instagramie<\/a>&nbsp;&nbsp;to pole walki emocji, rozdarte mi\u0119dzy podziwem a gniewem.<\/p>\n\n\n\n<p>\u201eOch, s\u0142odko\u201d \u2013 napisa\u0142 jeden z u\u017cytkownik\u00f3w, a inny doda\u0142: \u201eNie potw\u00f3r. Jestem z tob\u0105\u201d.<\/p>\n\n\n\n<p>Kto\u015b inny da\u0142 upust swojej z\u0142o\u015bci: \u201eJaki\u017c to wstyd, \u017ce ch\u0142opiec na tym zdj\u0119ciu wyr\u00f3s\u0142 na niepoprawnego, amoralnego potwora\u201d.<\/p>\n\n\n\n<p>Drugi, zgadzaj\u0105c si\u0119, skomentowa\u0142: \u201eSta\u0142e\u015b si\u0119 najwi\u0119kszym potworem, jakiego ten kraj kiedykolwiek widzia\u0142\u201d.<\/p>\n\n\n\n<p>Ale w jaki spos\u00f3b to pozornie zwyczajne dziecko wywo\u0142a\u0142o tak skrajne reakcje?<\/p>\n\n\n\n<figure class=\"wp-block-image\"><img decoding=\"async\" src=\"https:\/\/igvofficial.com\/wp-content\/uploads\/2025\/05\/military-1-1024x678.jpeg\" alt=\"Wojskowy\" class=\"wp-image-99068\"\/><figcaption class=\"wp-element-caption\">W wieku 13 lat kontrowersyjna posta\u0107 zosta\u0142a wys\u0142ana do akademii wojskowej, poniewa\u017c sta\u0142a si\u0119 niesforna w domu. \u0179r\u00f3d\u0142o: Adobe Stock<\/figcaption><\/figure>\n\n\n\n<p><a href=\"https:\/\/www.pbs.org\/wgbh\/frontline\/article\/trump-the-bully-how-childhood-military-school-shaped-the-future-president\/\" target=\"_blank\" rel=\"noreferrer noopener\">Wed\u0142ug stacji PBS<\/a>&nbsp;, korzenie m\u0119\u017cczyzny, kt\u00f3rym si\u0119 sta\u0142, si\u0119gaj\u0105 jego wychowania&nbsp;&nbsp;.<\/p>\n\n\n\n<p>Wychowywa\u0142 si\u0119 w rygorystycznej rodzinie, wi\u0119c od najm\u0142odszych lat nauczono go, \u017ce w&nbsp;&nbsp;<a href=\"https:\/\/igvofficial.com\/category\/life\/\">\u017cyciu<\/a>&nbsp;s\u0105 tylko dwa rodzaje ludzi &nbsp;\u2013 zwyci\u0119zcy i przegrani.<\/p>\n\n\n\n<p>T\u0119 filozofi\u0119 odziedziczy\u0142 po ojcu, surowej i wymagaj\u0105cej postaci, kt\u00f3ra chwali\u0142a agresj\u0119 i ignorowa\u0142a wra\u017cliwo\u015b\u0107.<\/p>\n\n\n\n<p>Lekcja by\u0142a prosta, ale brutalna: dominuj albo b\u0105d\u017a zdominowany.<\/p>\n\n\n\n<p>W wieku 13 lat zosta\u0142 wys\u0142any do akademii wojskowej, poniewa\u017c sta\u0142 si\u0119 niesforny w domu. Tam dyscyplin\u0119 egzekwowano nie tylko za pomoc\u0105 zasad, ale tak\u017ce poprzez fizyczn\u0105 konfrontacj\u0119.<\/p>\n\n\n\n<p>Koledzy z klasy wspominaj\u0105, \u017ce panowa\u0142a w niej kultura zn\u0119cania si\u0119, w kt\u00f3rej ch\u0142opiec szybko nauczy\u0142 si\u0119 funkcjonowa\u0107.<\/p>\n\n\n\n<p>\u201eKrzycza\u0142 na swoich r\u00f3wie\u015bnik\u00f3w, rz\u0105dzi\u0142 akademikiem \u017celazn\u0105 r\u0119k\u0105\u201d \u2013 zauwa\u017cy\u0142 jeden z biograf\u00f3w.<\/p>\n\n\n\n<p>Inni pami\u0119tali, jak by\u0142 agresywnie nastawiony, cz\u0119sto nielubiany, ale nigdy nie zniech\u0119cany. To do\u015bwiadczenie nie by\u0142o dla niego traumatyczne \u2013 wr\u0119cz przeciwnie, doda\u0142o mu si\u0142y.<\/p>\n\n\n\n<p>Cho\u0107 ojciec ukszta\u0142towa\u0142 go na wojownika, jego relacje z matk\u0105 by\u0142y bardziej z\u0142o\u017cone.<\/p>\n\n\n\n<p>W pierwszych latach jego \u017cycia powa\u017cnie zachorowa\u0142a, co spowodowa\u0142o pustk\u0119 w postaci braku matczynej obecno\u015bci w chwili, gdy najbardziej jej potrzebowa\u0142.<\/p>\n\n\n\n<p>Ta nieobecno\u015b\u0107 mog\u0142a go jeszcze bardziej zahartowa\u0107, zbli\u017caj\u0105c go do emocjonalnie oderwanego od \u015bwiata \u015bwiatopogl\u0105du jego ojca.<\/p>\n\n\n\n<p>Dopiero w ostatnim akapicie ujawniamy to, co wi\u0119kszo\u015b\u0107 czytelnik\u00f3w prawdopodobnie ju\u017c podejrzewa: ch\u0142opiec na zdj\u0119ciu to prezydent&nbsp;&nbsp;<a href=\"https:\/\/igvofficial.com\/tag\/donald-trump\/\">Donald J. Trump<\/a>&nbsp;.<\/p>\n\n\n\n<p>Kilka dziesi\u0119cioleci po wykonaniu tego niewinnego portretu sta\u0142 si\u0119 jedn\u0105 z najbardziej kontrowersyjnych postaci w historii nowo\u017cytnej \u2013 podziwian\u0105 przez miliony i znienawidzon\u0105 przez miliony kolejnych.<\/p>\n\n\n\n<p>Niezale\u017cnie od tego, czy postrzegano go jako symbol&nbsp;&nbsp;<a href=\"https:\/\/igvofficial.com\/category\/news\/us-news\/\">ameryka\u0144skiej<\/a>&nbsp;&nbsp;si\u0142y, czy te\u017c przestrog\u0119 przed nieokie\u0142znanym ego, ten ma\u0142y ch\u0142opiec sta\u0142 si\u0119 m\u0119\u017cczyzn\u0105, kt\u00f3ry pozostawi\u0142 po sobie niezatarty \u015blad na \u015bwiecie.<\/p>\n\n\n\n<figure class=\"wp-block-image\"><img decoding=\"async\" src=\"https:\/\/igvofficial.com\/wp-content\/uploads\/2025\/05\/donald-trump-child.png\" alt=\"Donald Trump\" class=\"wp-image-99060\"\/><figcaption class=\"wp-element-caption\">To zdj\u0119cie m\u0142odego Donalda Trumpa. \u0179r\u00f3d\u0142o: @realdonaldtrump\/Instagram<\/figcaption><\/figure>\n","protected":false},"excerpt":{"rendered":"Ma\u0142y ch\u0142opiec na tym zdj\u0119ciu jest obecnie jedn\u0105 z najs\u0142awniejszych os\u00f3b na&nbsp;&nbsp;\u015bwiecie&nbsp;&nbsp;\u2013 ale ma\u0142o kto go rozpoznaje. Na pierwszy rzut oka zdj\u0119cie wygl\u0105da \n<a class=\"moretag\" href=\"https:\/\/swiat24.pl.ua\/?p=20131\"> [...]<\/a>","protected":false},"author":1,"featured_media":20132,"comment_status":"open","ping_status":"open","sticky":false,"template":"","format":"standard","meta":{"footnotes":""},"categories":[1],"tags":[],"class_list":["post-20131","post","type-post","status-publish","format-standard","has-post-thumbnail","hentry","category-blog"],"_links":{"self":[{"href":"https:\/\/swiat24.pl.ua\/index.php?rest_route=\/wp\/v2\/posts\/20131","targetHints":{"allow":["GET"]}}],"collection":[{"href":"https:\/\/swiat24.pl.ua\/index.php?rest_route=\/wp\/v2\/posts"}],"about":[{"href":"https:\/\/swiat24.pl.ua\/index.php?rest_route=\/wp\/v2\/types\/post"}],"author":[{"embeddable":true,"href":"https:\/\/swiat24.pl.ua\/index.php?rest_route=\/wp\/v2\/users\/1"}],"replies":[{"embeddable":true,"href":"https:\/\/swiat24.pl.ua\/index.php?rest_route=%2Fwp%2Fv2%2Fcomments&post=20131"}],"version-history":[{"count":1,"href":"https:\/\/swiat24.pl.ua\/index.php?rest_route=\/wp\/v2\/posts\/20131\/revisions"}],"predecessor-version":[{"id":20133,"href":"https:\/\/swiat24.pl.ua\/index.php?rest_route=\/wp\/v2\/posts\/20131\/revisions\/20133"}],"wp:featuredmedia":[{"embeddable":true,"href":"https:\/\/swiat24.pl.ua\/index.php?rest_route=\/wp\/v2\/media\/20132"}],"wp:attachment":[{"href":"https:\/\/swiat24.pl.ua\/index.php?rest_route=%2Fwp%2Fv2%2Fmedia&parent=20131"}],"wp:term":[{"taxonomy":"category","embeddable":true,"href":"https:\/\/swiat24.pl.ua\/index.php?rest_route=%2Fwp%2Fv2%2Fcategories&post=20131"},{"taxonomy":"post_tag","embeddable":true,"href":"https:\/\/swiat24.pl.ua\/index.php?rest_route=%2Fwp%2Fv2%2Ftags&post=20131"}],"curies":[{"name":"wp","href":"https:\/\/api.w.org\/{rel}","templated":true}]}}