{"id":20092,"date":"2025-12-30T09:34:56","date_gmt":"2025-12-30T09:34:56","guid":{"rendered":"https:\/\/swiat24.pl.ua\/?p=20092"},"modified":"2025-12-30T09:34:56","modified_gmt":"2025-12-30T09:34:56","slug":"bardzo-smutne-70-minut-temu-w-chicago-americas-got-talent-simon-cowell-zostal-potwierdzony-jako","status":"publish","type":"post","link":"https:\/\/swiat24.pl.ua\/?p=20092","title":{"rendered":"BARDZO SMUTNE, 70 minut temu w Chicago, \u201eAmerica\u2019s Got Talent\u201d Simon Cowell, zosta\u0142 potwierdzony jako\u2026"},"content":{"rendered":"\n<p><strong>Amanda Holden prawie przegapi\u0142a wyst\u0119p w \u201eBritain\u2019s Got Talent\u201d<\/strong><\/p>\n\n\n\n<p>Prowadzony przez Anta McPartlina i Declana Donnelly\u2019ego, d\u0142ugoletni talent show ITV,&nbsp;&nbsp;<strong>Britain\u2019s Got Talent<\/strong>&nbsp;, powraca w tym tygodniu z&nbsp;&nbsp;<strong>18.<\/strong><\/p>\n\n\n\n<p><strong>edycj\u0105<\/strong>&nbsp;. W jury zasiadaj\u0105 by\u0142y&nbsp; juror&nbsp;<strong>X Factora<\/strong>&nbsp;&nbsp;, Simon Cowell, a tak\u017ce&nbsp;&nbsp;<strong>Amanda Holden<\/strong>&nbsp;,&nbsp;&nbsp;<strong>Alesha Dixon<\/strong>&nbsp;i gwiazda YouTube\u2019a&nbsp;&nbsp;<strong>, KSI<\/strong>&nbsp;.<\/p>\n\n\n\n<p>Holden by\u0142a ulubienic\u0105 fan\u00f3w od czasu debiutu programu, co zaowocowa\u0142o pieszczotliwym tytu\u0142em \u201ekr\u00f3lowej Britain\u2019s Got Talent\u201d. Jednak prawie nigdy nie do\u0142\u0105czy\u0142a do serialu.<\/p>\n\n\n\n<p>Simon Cowell ujawni\u0142, \u017ce rola zosta\u0142a&nbsp;&nbsp;<strong>pierwotnie zaproponowana Cheryl Cole<\/strong>&nbsp;, znanej w\u00f3wczas z kariery muzycznej.<\/p>\n\n\n\n<p>\u201eTydzie\u0144 przed rozpocz\u0119ciem zdj\u0119\u0107 zadzwoni\u0142a do mnie i powiedzia\u0142a: \u00bbPo prostu nie dam rady\u00ab, nie podaj\u0105c mi \u017cadnego powodu\u201d \u2013 wspomina\u0142. Na szcz\u0119\u015bcie dla widz\u00f3w, Holden wkroczy\u0142a do akcji i od tamtej pory jest filarem komisji.<\/p>\n","protected":false},"excerpt":{"rendered":"Amanda Holden prawie przegapi\u0142a wyst\u0119p w \u201eBritain\u2019s Got Talent\u201d Prowadzony przez Anta McPartlina i Declana Donnelly\u2019ego, d\u0142ugoletni talent show ITV,&nbsp;&nbsp;Britain\u2019s Got Talent&nbsp;, powraca \n<a class=\"moretag\" href=\"https:\/\/swiat24.pl.ua\/?p=20092\"> [...]<\/a>","protected":false},"author":1,"featured_media":20093,"comment_status":"open","ping_status":"open","sticky":false,"template":"","format":"standard","meta":{"footnotes":""},"categories":[1],"tags":[],"class_list":["post-20092","post","type-post","status-publish","format-standard","has-post-thumbnail","hentry","category-blog"],"_links":{"self":[{"href":"https:\/\/swiat24.pl.ua\/index.php?rest_route=\/wp\/v2\/posts\/20092","targetHints":{"allow":["GET"]}}],"collection":[{"href":"https:\/\/swiat24.pl.ua\/index.php?rest_route=\/wp\/v2\/posts"}],"about":[{"href":"https:\/\/swiat24.pl.ua\/index.php?rest_route=\/wp\/v2\/types\/post"}],"author":[{"embeddable":true,"href":"https:\/\/swiat24.pl.ua\/index.php?rest_route=\/wp\/v2\/users\/1"}],"replies":[{"embeddable":true,"href":"https:\/\/swiat24.pl.ua\/index.php?rest_route=%2Fwp%2Fv2%2Fcomments&post=20092"}],"version-history":[{"count":1,"href":"https:\/\/swiat24.pl.ua\/index.php?rest_route=\/wp\/v2\/posts\/20092\/revisions"}],"predecessor-version":[{"id":20094,"href":"https:\/\/swiat24.pl.ua\/index.php?rest_route=\/wp\/v2\/posts\/20092\/revisions\/20094"}],"wp:featuredmedia":[{"embeddable":true,"href":"https:\/\/swiat24.pl.ua\/index.php?rest_route=\/wp\/v2\/media\/20093"}],"wp:attachment":[{"href":"https:\/\/swiat24.pl.ua\/index.php?rest_route=%2Fwp%2Fv2%2Fmedia&parent=20092"}],"wp:term":[{"taxonomy":"category","embeddable":true,"href":"https:\/\/swiat24.pl.ua\/index.php?rest_route=%2Fwp%2Fv2%2Fcategories&post=20092"},{"taxonomy":"post_tag","embeddable":true,"href":"https:\/\/swiat24.pl.ua\/index.php?rest_route=%2Fwp%2Fv2%2Ftags&post=20092"}],"curies":[{"name":"wp","href":"https:\/\/api.w.org\/{rel}","templated":true}]}}