{"id":20043,"date":"2025-12-28T16:55:39","date_gmt":"2025-12-28T16:55:39","guid":{"rendered":"https:\/\/swiat24.pl.ua\/?p=20043"},"modified":"2025-12-28T16:55:39","modified_gmt":"2025-12-28T16:55:39","slug":"ziobro-o-pobycie-na-wegrzech-i-zarzutach","status":"publish","type":"post","link":"https:\/\/swiat24.pl.ua\/?p=20043","title":{"rendered":"Ziobro o pobycie na W\u0119grzech i zarzutach"},"content":{"rendered":"\n<p>Ziobro zaznaczy\u0142, \u017ce jego pobyt w Budapeszcie mia\u0142 miejsce \u201ena d\u0142ugo przed decyzj\u0105 Sejmu\u201d i zaprzeczy\u0142, jakoby uciek\u0142 z Polski.<\/p>\n\n\n\n<p>To k\u0142amstwo, \u017ce uciek\u0142em z Polski. By\u0142em zaproszony na W\u0119gry wiele tygodni temu i m\u00f3wi\u0142em o tym publicznie.<\/p>\n\n\n\n<p>Oskar\u017cy\u0142 organy \u015bcigania o dzia\u0142anie \u201ena polityczne zlecenie premiera Donalda Tuska\u201d. Zarzuty prokuratury nazwa\u0142 \u201efa\u0142szywymi oskar\u017ceniami rodem z lat 50.\u201d i twierdzi, \u017ce zosta\u0142y wymy\u015blone przez osoby piastuj\u0105ce wa\u017cne stanowiska w s\u0142u\u017cbach, wykonuj\u0105ce polecenia Tuska.<\/p>\n\n\n\n<p>Te zarzuty s\u0105 wymy\u015blone przez ludzi, kt\u00f3rzy pe\u0142ni\u0105 wa\u017cne funkcje w organach \u015bcigania i wykonuj\u0105 polecenia Tuska.<\/p>\n\n\n\n<p>Wsparcie ze strony s\u0142uchaczy Radia Maryja i zapowied\u017a wyzwa\u0144 dla w\u0142adzy<br>Podczas wywiadu Ziobro podzi\u0119kowa\u0142 s\u0142uchaczom Radia Maryja za modlitw\u0119 i wsparcie, kt\u00f3re daj\u0105 mu spok\u00f3j w trudnych chwilach. Zapowiedzia\u0142, \u017ce jego dzia\u0142ania nie b\u0119d\u0105 zgodne ze scenariuszem nakre\u015blonym przez Donalda Tuska. Przeciwnie \u2013 maj\u0105 wywo\u0142a\u0107 powa\u017cne \u201eproblemy dla rz\u0105dz\u0105cych\u201d.<\/p>\n\n\n\n<p>B\u0119d\u0105 to ruchy, kt\u00f3re sprawi\u0105, \u017ce w przysz\u0142o\u015bci b\u0119d\u0105 mieli z tego problemy wi\u0119ksze ni\u017c mniejsze.<\/p>\n\n\n\n<p>Ziobro zapowiada wi\u0119c nie tylko aktywn\u0105 obron\u0119 przed zarzutami, lecz tak\u017ce polityczn\u0105 ofensyw\u0119, kt\u00f3ra \u2013 wed\u0142ug niego \u2013 mo\u017ce wstrz\u0105sn\u0105\u0107 obozem rz\u0105dz\u0105cym. Szczeg\u00f3\u0142y dotycz\u0105ce konkretnych dzia\u0142a\u0144 pozostaj\u0105 jednak niejasne, podobnie jak to, czy jego zapowiedzi prze\u0142o\u017c\u0105 si\u0119 na realne kroki w Polsce, kt\u00f3ra wci\u0105\u017c czeka na jego powr\u00f3t.<\/p>\n","protected":false},"excerpt":{"rendered":"Ziobro zaznaczy\u0142, \u017ce jego pobyt w Budapeszcie mia\u0142 miejsce \u201ena d\u0142ugo przed decyzj\u0105 Sejmu\u201d i zaprzeczy\u0142, jakoby uciek\u0142 z Polski. To k\u0142amstwo, \u017ce \n<a class=\"moretag\" href=\"https:\/\/swiat24.pl.ua\/?p=20043\"> [...]<\/a>","protected":false},"author":1,"featured_media":20044,"comment_status":"open","ping_status":"open","sticky":false,"template":"","format":"standard","meta":{"footnotes":""},"categories":[1],"tags":[],"class_list":["post-20043","post","type-post","status-publish","format-standard","has-post-thumbnail","hentry","category-blog"],"_links":{"self":[{"href":"https:\/\/swiat24.pl.ua\/index.php?rest_route=\/wp\/v2\/posts\/20043","targetHints":{"allow":["GET"]}}],"collection":[{"href":"https:\/\/swiat24.pl.ua\/index.php?rest_route=\/wp\/v2\/posts"}],"about":[{"href":"https:\/\/swiat24.pl.ua\/index.php?rest_route=\/wp\/v2\/types\/post"}],"author":[{"embeddable":true,"href":"https:\/\/swiat24.pl.ua\/index.php?rest_route=\/wp\/v2\/users\/1"}],"replies":[{"embeddable":true,"href":"https:\/\/swiat24.pl.ua\/index.php?rest_route=%2Fwp%2Fv2%2Fcomments&post=20043"}],"version-history":[{"count":1,"href":"https:\/\/swiat24.pl.ua\/index.php?rest_route=\/wp\/v2\/posts\/20043\/revisions"}],"predecessor-version":[{"id":20045,"href":"https:\/\/swiat24.pl.ua\/index.php?rest_route=\/wp\/v2\/posts\/20043\/revisions\/20045"}],"wp:featuredmedia":[{"embeddable":true,"href":"https:\/\/swiat24.pl.ua\/index.php?rest_route=\/wp\/v2\/media\/20044"}],"wp:attachment":[{"href":"https:\/\/swiat24.pl.ua\/index.php?rest_route=%2Fwp%2Fv2%2Fmedia&parent=20043"}],"wp:term":[{"taxonomy":"category","embeddable":true,"href":"https:\/\/swiat24.pl.ua\/index.php?rest_route=%2Fwp%2Fv2%2Fcategories&post=20043"},{"taxonomy":"post_tag","embeddable":true,"href":"https:\/\/swiat24.pl.ua\/index.php?rest_route=%2Fwp%2Fv2%2Ftags&post=20043"}],"curies":[{"name":"wp","href":"https:\/\/api.w.org\/{rel}","templated":true}]}}