{"id":19982,"date":"2025-12-27T13:49:44","date_gmt":"2025-12-27T13:49:44","guid":{"rendered":"https:\/\/swiat24.pl.ua\/?p=19982"},"modified":"2025-12-27T13:49:44","modified_gmt":"2025-12-27T13:49:44","slug":"telewizja-zegna-wielkiego-aktora-gwiazda-rodzinki-pl-we-lzach-gral-z-najwybitniejszymi-2","status":"publish","type":"post","link":"https:\/\/swiat24.pl.ua\/?p=19982","title":{"rendered":"Telewizja \u017cegna \u201ewielkiego\u201d aktora. Gwiazda Rodzinki.pl we \u0142zach. Gra\u0142 z najwybitniejszymi"},"content":{"rendered":"\n<p>Nikodem Marecki, utalentowany m\u0142ody aktor, kt\u00f3rego kariera zapowiada\u0142a si\u0119 niezwykle obiecuj\u0105co, zgin\u0105\u0142 tragicznie 27 listopada 2025 roku. Wychodz\u0105c z autobusu szkolnego, wbieg\u0142 na jezdni\u0119 i zosta\u0142 potr\u0105cony przez samoch\u00f3d dostawczy.<\/p>\n\n\n\n<p> Pomimo natychmiastowej pomocy medycznej, \u017cycia ch\u0142opca nie uda\u0142o si\u0119 uratowa\u0107, co wstrz\u0105sn\u0119\u0142o rodzin\u0105, przyjaci\u00f3\u0142mi oraz ca\u0142ym \u015brodowiskiem filmowym.<\/p>\n\n\n\n<h2 class=\"wp-block-heading\">Tragiczny wypadek podczas drogi do szko\u0142y<\/h2>\n\n\n\n<p>Do nieszcz\u0119\u015bliwego zdarzenia dosz\u0142o niedaleko miejscowo\u015bci Szczepanowice w wojew\u00f3dztwie ma\u0142opolskim. Nikodem, maj\u0105c zaledwie 11 lat, wysiad\u0142 z autobusu szkolnego i w chwili, gdy wbieg\u0142 na jezdni\u0119, zosta\u0142 potr\u0105cony przez samoch\u00f3d dostawczy. Mimo szybkiej reakcji ratownik\u00f3w i u\u017cycia \u015bmig\u0142owca Lotniczego Pogotowia Ratunkowego, ch\u0142opca nie uda\u0142o si\u0119 uratowa\u0107.<\/p>\n\n\n\n<p>Szko\u0142a Podstawowa im. Tadeusza Ko\u015bciuszki w Nied\u017awiedziu, do kt\u00f3rej ucz\u0119szcza\u0142, potwierdzi\u0142a tragiczn\u0105 wiadomo\u015b\u0107. Pogrzeb Nikodema zaplanowano na 3 grudnia 2025 roku. Lokalna spo\u0142eczno\u015b\u0107 pozostaje w g\u0142\u0119bokiej \u017ca\u0142obie, a pusta \u0142awka w klasie symbolizuje niewyobra\u017caln\u0105 strat\u0119 dla koleg\u00f3w i nauczycieli.<\/p>\n\n\n\n<figure class=\"wp-block-image\"><img decoding=\"async\" src=\"https:\/\/bystryjanusz.pl\/wp-content\/uploads\/2025\/12\/2314.jpg\" alt=\"obrazek\"\/><\/figure>\n\n\n\n<h2 class=\"wp-block-heading\">Wybitny m\u0142ody talent na polskiej scenie filmowej<\/h2>\n\n\n\n<p>Nikodem Marecki zd\u0105\u017cy\u0142 zachwyci\u0107 widz\u00f3w swoimi rolami w kilku wa\u017cnych produkcjach. Debiutowa\u0142 w filmie&nbsp;<em>Bia\u0142a odwaga<\/em>, gdzie zagra\u0142 syna g\u0142\u00f3wnej bohaterki, Bronki. Widzowie znaj\u0105 go tak\u017ce z serialu&nbsp;<em>Szpital \u015bw. Anny<\/em>&nbsp;oraz filmu&nbsp;<em>Zo\u0142za<\/em>, w kt\u00f3rym wyst\u0105pi\u0142 u boku Ma\u0142gorzaty Ko\u017cuchowskiej. Jego naturalno\u015b\u0107 i szczero\u015b\u0107 na ekranie przynios\u0142y mu uznanie i nadziej\u0119 na dalszy rozw\u00f3j kariery aktorskiej.<\/p>\n\n\n\n<p>M\u0142ody aktor by\u0142 postrzegany jako jedna z obiecuj\u0105cych postaci polskiego kina m\u0142odego pokolenia. Tragiczna \u015bmier\u0107 przerwa\u0142a jego rozw\u00f3j artystyczny, pozostawiaj\u0105c po sobie niezapomniane role oraz wielki \u017cal w\u015br\u00f3d rodziny, przyjaci\u00f3\u0142 i wsp\u00f3\u0142pracownik\u00f3w.<\/p>\n\n\n\n<h2 class=\"wp-block-heading\">Cisza po g\u0142o\u015bnym pocz\u0105tku kariery<\/h2>\n\n\n\n<blockquote class=\"wp-block-quote is-layout-flow wp-block-quote-is-layout-flow\">\n<p><strong>\u201eNag\u0142a \u015bmier\u0107 Nikodema Mareckiego przypomina nam, jak kruche jest \u017cycie\u201d<\/strong>. Jedna chwila mo\u017ce zdusi\u0107 marzenia i u\u015bmierci\u0107 potencja\u0142. To ogromna strata dla \u015bwiata filmu \u2013 m\u0142odego aktora, kt\u00f3ry m\u00f3g\u0142 osi\u0105gn\u0105\u0107 wiele, graj\u0105c u boku wybitnych artyst\u00f3w.<\/p>\n<\/blockquote>\n\n\n\n<p>Pozostaj\u0105 po nim wspomnienia, fotografie i role, kt\u00f3re na zawsze zapisz\u0105 si\u0119 w historii polskiej kinematografii. Cho\u0107 strata jest nieodwracalna, wa\u017cne jest, aby pami\u0119ta\u0107 o warto\u015bci ka\u017cdej chwili, docenia\u0107 \u017cycie i piel\u0119gnowa\u0107 pami\u0119\u0107 o tak utalentowanym m\u0142odym cz\u0142owieku.<\/p>\n","protected":false},"excerpt":{"rendered":"Nikodem Marecki, utalentowany m\u0142ody aktor, kt\u00f3rego kariera zapowiada\u0142a si\u0119 niezwykle obiecuj\u0105co, zgin\u0105\u0142 tragicznie 27 listopada 2025 roku. Wychodz\u0105c z autobusu szkolnego, wbieg\u0142 na \n<a class=\"moretag\" href=\"https:\/\/swiat24.pl.ua\/?p=19982\"> [...]<\/a>","protected":false},"author":1,"featured_media":19983,"comment_status":"open","ping_status":"open","sticky":false,"template":"","format":"standard","meta":{"footnotes":""},"categories":[1],"tags":[],"class_list":["post-19982","post","type-post","status-publish","format-standard","has-post-thumbnail","hentry","category-blog"],"_links":{"self":[{"href":"https:\/\/swiat24.pl.ua\/index.php?rest_route=\/wp\/v2\/posts\/19982","targetHints":{"allow":["GET"]}}],"collection":[{"href":"https:\/\/swiat24.pl.ua\/index.php?rest_route=\/wp\/v2\/posts"}],"about":[{"href":"https:\/\/swiat24.pl.ua\/index.php?rest_route=\/wp\/v2\/types\/post"}],"author":[{"embeddable":true,"href":"https:\/\/swiat24.pl.ua\/index.php?rest_route=\/wp\/v2\/users\/1"}],"replies":[{"embeddable":true,"href":"https:\/\/swiat24.pl.ua\/index.php?rest_route=%2Fwp%2Fv2%2Fcomments&post=19982"}],"version-history":[{"count":1,"href":"https:\/\/swiat24.pl.ua\/index.php?rest_route=\/wp\/v2\/posts\/19982\/revisions"}],"predecessor-version":[{"id":19984,"href":"https:\/\/swiat24.pl.ua\/index.php?rest_route=\/wp\/v2\/posts\/19982\/revisions\/19984"}],"wp:featuredmedia":[{"embeddable":true,"href":"https:\/\/swiat24.pl.ua\/index.php?rest_route=\/wp\/v2\/media\/19983"}],"wp:attachment":[{"href":"https:\/\/swiat24.pl.ua\/index.php?rest_route=%2Fwp%2Fv2%2Fmedia&parent=19982"}],"wp:term":[{"taxonomy":"category","embeddable":true,"href":"https:\/\/swiat24.pl.ua\/index.php?rest_route=%2Fwp%2Fv2%2Fcategories&post=19982"},{"taxonomy":"post_tag","embeddable":true,"href":"https:\/\/swiat24.pl.ua\/index.php?rest_route=%2Fwp%2Fv2%2Ftags&post=19982"}],"curies":[{"name":"wp","href":"https:\/\/api.w.org\/{rel}","templated":true}]}}