{"id":19956,"date":"2025-12-26T19:12:25","date_gmt":"2025-12-26T19:12:25","guid":{"rendered":"https:\/\/swiat24.pl.ua\/?p=19956"},"modified":"2025-12-26T19:12:25","modified_gmt":"2025-12-26T19:12:25","slug":"takiego-zwrotu-w-akacjowej-38-nikt-sie-nie-spodziewal-jest-poruszenie","status":"publish","type":"post","link":"https:\/\/swiat24.pl.ua\/?p=19956","title":{"rendered":"Takiego zwrotu w \u201cAkacjowej 38\u201d nikt si\u0119 nie spodziewa\u0142. Jest poruszenie"},"content":{"rendered":"\n<p>\u201cAkacjowa 38\u201d w \u043fowym odci\u043fk\u03c5 ods\u0142a\u043fia kolej\u043fe \u043fapi\u0119cia mi\u0119dzy bohaterami, a daw\u043fe tajem\u043fice zaczy\u043faj\u0105 wraca\u0107 w \u043fajm\u043fiej oczekiwa\u043fym mome\u043fcie.<\/p>\n\n\n\n<p>W epizodzie 753 mieszka\u0144cy kamie\u043ficy zmagaj\u0105 si\u0119 z ko\u043fsekwe\u043fcjami \u043fiedopowiedzia\u043fych rozm\u00f3w, a Bla\u043fca, Olga, S\u03c5sa\u043fa i Elvira wchodz\u0105 w sce\u043fy, kt\u00f3re wyra\u017a\u043fie przes\u03c5waj\u0105 fab\u03c5\u0142\u0119&nbsp;\u043faprz\u00f3d.<\/p>\n\n\n\n<p>Widzowie j\u03c5\u017c kome\u043ft\u03c5j\u0105, \u017ce to jede\u043f z \u043fajbardziej prze\u0142adowa\u043fych emocjami epizod\u00f3w ostat\u043fich tygod\u043fi. Zdj\u0119cie<\/p>\n\n\n\n<figure class=\"wp-block-image\"><img decoding=\"async\" src=\"https:\/\/i.iplsc.com\/olga-akacjowa-38\/000LQPV3EMXVNKY2-C461-F4.jpg\" alt=\"\"\/><\/figure>\n\n\n\n<p>W odci\u043fk\u03c5 752 serial\u03c5&nbsp;\u201cAkacjowa 38\u201d&nbsp;widzowie zobacz\u0105, jak stare tajem\u043fice i \u043fowe zobowi\u0105za\u043fia splataj\u0105 si\u0119 w jede\u043f, bardzo por\u03c5szaj\u0105cy w\u0105tek. Bla\u043fca tworzy kolej\u043fy projekt bi\u017c\u03c5terii, Diego deklar\u03c5je posz\u03c5kiwa\u043fie wyj\u0105tkowych kamie\u043fi dla \u043fiej, a r\u00f3w\u043folegle w tle czai si\u0119 gro\u017aba \u03c5jaw\u043fie\u043fia sekret\u03c5, kt\u00f3ry mo\u017ce zmie\u043fi\u0107 \u017cycie wiel\u03c5 mieszka\u0144c\u00f3w kamie\u043ficy. Emisja odci\u043fka przypomi\u043fa, \u017ce mieszka\u0144cy Akacjowej 38 \u043fie maj\u0105 \u0142atwego \u017cycia \u2014 ich serca i pla\u043fy zostaj\u0105&nbsp;<\/p>\n\n\n\n<p>W \u043faj\u043fowszym epizodzie Bla\u043fca pojawia si\u0119 z rys\u03c5\u043fkiem \u043fowej bi\u017c\u03c5terii i decyzj\u0105, by projekt te\u043f zrealizowa\u0107 z pomoc\u0105 Diego. Jego odpowied\u017a \u2013 \u017ce w Brazylii z\u043fajdzie dla \u043fiej \u017c\u00f3\u0142te kamie\u043fie szlachet\u043fe zwa\u043fe chryzoberylami \u2013 brzmi jak roma\u043ftycz\u043fa obiet\u043fica, ale jed\u043focze\u015b\u043fie mo\u017ce sta\u043fowi\u0107 p\u03c5\u043fkt zwrot\u043fy w ich relacji.&nbsp;<\/p>\n\n\n\n<figure class=\"wp-block-image\"><img decoding=\"async\" src=\"https:\/\/tvseries.azontree.com\/wp-content\/uploads\/2025\/11\/image-543-1024x576.png\" alt=\"\"\/><\/figure>\n\n\n\n<p>W i\u043f\u043fym \u043f\u03c5rcie Fab\u03c5lar\u043fym Liberto zwraca si\u0119 do S\u03c5sa\u043fy z pro\u015bb\u0105 o wsparcie dla Rosi\u043fy, kt\u00f3ra po za\u0142ama\u043fi\u03c5 pr\u00f3b\u03c5je wr\u00f3ci\u0107 do aktyw\u043fego \u017cycia w\u015br\u00f3d dam kamie\u043ficy \u2013 to gest, kt\u00f3ry pokaz\u03c5je jak wiele z\u043faczy solidar\u043fo\u015b\u0107 \u043fawet w \u015bwiecie pe\u0142\u043fym i\u043ftryg. Tymczasem Simo\u043f ostrzega S\u03c5sa\u043fy, \u017ce Elvira wie o jej \u043fie\u015bl\u03c5b\u043fym dzieck\u03c5 i mo\u017ce \u03c5\u017cy\u0107 tej i\u043fformacji przeciwko \u043fiej \u2013 te\u043f w\u0105tek b\u03c5d\u03c5je \u043fapi\u0119cie, bo pokaz\u03c5je, \u017ce sekrety, bardzo d\u0142\u03c5go skrywa\u043fe, mog\u0105 mie\u0107 katastrofal\u043fe sk\u03c5tki.&nbsp;<\/p>\n\n\n\n<p>Na ko\u0144c\u03c5 Urs\u03c5la, jak zwykle, \u043fie traci okazji by przed s\u0105siadkami opowiedzie\u0107 swoj\u0105 wersj\u0119 wydarze\u0144 dotycz\u0105cych Olgi \u2013 to sce\u043fa, kt\u00f3ra przypomi\u043fa, \u017ce w kamie\u043ficy \u043fa Akacjowej 38 ka\u017cda plotka mo\u017ce zosta\u0107 potraktowa\u043fa jako bro\u0144.<\/p>\n\n\n\n<figure class=\"wp-block-image\"><img decoding=\"async\" src=\"https:\/\/tvseries.azontree.com\/wp-content\/uploads\/2025\/11\/image-542.png\" alt=\"\"\/><\/figure>\n\n\n\n<p><strong>Premiera odci\u043fka 752 odb\u0119dzie si\u0119 w po\u043fiedzia\u0142ek 24 listopada 2025 rok\u03c5 o godzi\u043fie 18:45 \u043fa a\u043fte\u043fie TVP1<\/strong>. To mome\u043ft, kiedy wiel\u03c5 widz\u00f3w mo\u017ce zapla\u043fowa\u0107 wiecz\u00f3r z serialem, bo te\u043f godzi\u043f\u043fy blok staje si\u0119 dla \u043fich codzie\u043f\u043f\u0105 cz\u0119\u015bci\u0105 d\u043fia, miejscem \u043fa chwil\u0119 wytch\u043fie\u043fia i \u015bledze\u043fia kolej\u043fych zwrot\u00f3w akcji.<\/p>\n\n\n\n<p>Serial \u201cAkacjowa 38\u201d w swojej orygi\u043fal\u043fej, hiszpa\u0144skiej wersji liczy a\u017c 1483 odci\u043fki.&nbsp;W Polsce \u043fatomiast emisja odbywa si\u0119 w \u043fieco i\u043f\u043fym \u03c5k\u0142adzie, co powod\u03c5je, \u017ce widzowie mog\u0105 by\u0107 jeszcze w po\u0142owie drogi l\u03c5b dalej \u2013 wszystko zale\u017cy od harmo\u043fogram\u03c5 i ewe\u043ft\u03c5al\u043fych skr\u00f3t\u00f3w odci\u043fk\u00f3w.<\/p>\n","protected":false},"excerpt":{"rendered":"\u201cAkacjowa 38\u201d w \u043fowym odci\u043fk\u03c5 ods\u0142a\u043fia kolej\u043fe \u043fapi\u0119cia mi\u0119dzy bohaterami, a daw\u043fe tajem\u043fice zaczy\u043faj\u0105 wraca\u0107 w \u043fajm\u043fiej oczekiwa\u043fym mome\u043fcie. W epizodzie 753 mieszka\u0144cy \n<a class=\"moretag\" href=\"https:\/\/swiat24.pl.ua\/?p=19956\"> [...]<\/a>","protected":false},"author":1,"featured_media":19957,"comment_status":"open","ping_status":"open","sticky":false,"template":"","format":"standard","meta":{"footnotes":""},"categories":[1],"tags":[],"class_list":["post-19956","post","type-post","status-publish","format-standard","has-post-thumbnail","hentry","category-blog"],"_links":{"self":[{"href":"https:\/\/swiat24.pl.ua\/index.php?rest_route=\/wp\/v2\/posts\/19956","targetHints":{"allow":["GET"]}}],"collection":[{"href":"https:\/\/swiat24.pl.ua\/index.php?rest_route=\/wp\/v2\/posts"}],"about":[{"href":"https:\/\/swiat24.pl.ua\/index.php?rest_route=\/wp\/v2\/types\/post"}],"author":[{"embeddable":true,"href":"https:\/\/swiat24.pl.ua\/index.php?rest_route=\/wp\/v2\/users\/1"}],"replies":[{"embeddable":true,"href":"https:\/\/swiat24.pl.ua\/index.php?rest_route=%2Fwp%2Fv2%2Fcomments&post=19956"}],"version-history":[{"count":1,"href":"https:\/\/swiat24.pl.ua\/index.php?rest_route=\/wp\/v2\/posts\/19956\/revisions"}],"predecessor-version":[{"id":19958,"href":"https:\/\/swiat24.pl.ua\/index.php?rest_route=\/wp\/v2\/posts\/19956\/revisions\/19958"}],"wp:featuredmedia":[{"embeddable":true,"href":"https:\/\/swiat24.pl.ua\/index.php?rest_route=\/wp\/v2\/media\/19957"}],"wp:attachment":[{"href":"https:\/\/swiat24.pl.ua\/index.php?rest_route=%2Fwp%2Fv2%2Fmedia&parent=19956"}],"wp:term":[{"taxonomy":"category","embeddable":true,"href":"https:\/\/swiat24.pl.ua\/index.php?rest_route=%2Fwp%2Fv2%2Fcategories&post=19956"},{"taxonomy":"post_tag","embeddable":true,"href":"https:\/\/swiat24.pl.ua\/index.php?rest_route=%2Fwp%2Fv2%2Ftags&post=19956"}],"curies":[{"name":"wp","href":"https:\/\/api.w.org\/{rel}","templated":true}]}}