{"id":19942,"date":"2025-12-26T17:23:44","date_gmt":"2025-12-26T17:23:44","guid":{"rendered":"https:\/\/swiat24.pl.ua\/?p=19942"},"modified":"2025-12-26T17:23:44","modified_gmt":"2025-12-26T17:23:44","slug":"donald-tusk-zlozyl-zaskakujace-zaproszenie-aktorom-stranger-things-zobacz-co-powiedzial-publicznie","status":"publish","type":"post","link":"https:\/\/swiat24.pl.ua\/?p=19942","title":{"rendered":"Donald Tusk z\u0142o\u017cy\u0142 zaskakuj\u0105ce zaproszenie aktorom \u201eStranger Things\u201d. Zobacz, co powiedzia\u0142 publicznie"},"content":{"rendered":"\n<p>Premier Donald Tusk postanowi\u0142 publicznie zwr\u00f3ci\u0107 si\u0119 do gwiazd kultowego ameryka\u0144skiego serialu \u201eStranger Things\u201d. Za po\u015brednictwem medi\u00f3w spo\u0142eczicznych polityk zaskoczy\u0142 internaut\u00f3w nietuzinkow\u0105 propozycj\u0105 skierowan\u0105 do m\u0142odych aktor\u00f3w znanych z tej produkcji.[1][2]<\/p>\n\n\n\n<h2 class=\"wp-block-heading\">Pozytywne s\u0142owa aktor\u00f3w o Polsce nie umkn\u0119\u0142y uwadze premiera<\/h2>\n\n\n\n<p>W niedziel\u0119, 30 listopada, premier skomentowa\u0142 entuzjastyczne opinie aktor\u00f3w serialu na temat Polski. Finn Wolfhard, kt\u00f3ry ju\u017c wcze\u015bniej odwiedzi\u0142 Gda\u0144sk w 2019 roku w zwi\u0105zku z promocj\u0105 trzeciego sezonu, opisa\u0142 to miasto jako \u201enaprawd\u0119 pi\u0119kne miejsce\u201d, chwal\u0105c urokliwe brukowane uliczki oraz \u017cyczliwo\u015b\u0107 mieszka\u0144c\u00f3w.[3][7] Doda\u0142 przy tym, \u017ce chcia\u0142by pojecha\u0107 do Warszawy i zobaczy\u0107 Krak\u00f3w. Z kolei Gaten Matarazzo wspomnia\u0142, \u017ce zawsze chcia\u0142 pojecha\u0107 do Gda\u0144ska.[2][4]<\/p>\n\n\n\n<p>Po takich ciep\u0142ych s\u0142owach sam premier wzi\u0105\u0142 g\u0142os, potwierdzaj\u0105c pi\u0119kno Gda\u0144ska i z dum\u0105 podkre\u015blaj\u0105c osi\u0105gni\u0119cia naszego kraju na arenie mi\u0119dzynarodowej. Tusk zwr\u00f3ci\u0142 uwag\u0119 na fakt, \u017ce bez wzgl\u0119du na to, gdzie si\u0119 na map\u0119 Polski spojrzy, wsz\u0119dzie czeka turyst\u00f3w co\u015b wyj\u0105tkowego.[3][4]<\/p>\n\n\n\n<figure class=\"wp-block-image\"><img decoding=\"async\" src=\"https:\/\/bystryjanusz.pl\/wp-content\/uploads\/2025\/12\/2315.jpg\" alt=\"obrazek\"\/><\/figure>\n\n\n\n<blockquote class=\"wp-block-quote is-layout-flow wp-block-quote-is-layout-flow\">\n<p><strong>\u201ePolska wsz\u0119dzie zachwyca i widzi to ca\u0142y \u015bwiat. Drodzy bohaterowie Hawkins, jak tylko pokonacie Demogorgona i Vecn\u0119 zapraszam was do Polski\u201d<\/strong><\/p>\n<\/blockquote>\n\n\n\n<h2 class=\"wp-block-heading\">Zabawne zaproszenie zainspirowane fabu\u0142\u0105 serialu<\/h2>\n\n\n\n<p>Najwa\u017cniejszym elementem wyst\u0105pienia premiera by\u0142o oficjalne, cho\u0107 utrzymane w \u017cartobliwym tonie, zaproszenie dla aktor\u00f3w do odwiedzenia Polski.[1] Odwo\u0142uj\u0105c si\u0119 do atmosfery i tematyki \u201eStranger Things\u201d, Tusk zwr\u00f3ci\u0142 si\u0119 do \u201eDrogich bohater\u00f3w Hawkins\u201d, stawiaj\u0105c przy tym warunek, kt\u00f3ry musieliby spe\u0142ni\u0107, by skorzysta\u0107 z jego go\u015bcinno\u015bci.[4]<\/p>\n\n\n\n<p>To pomys\u0142owe nawi\u0105zanie do \u015bwiata serialu jest form\u0105 uznania dla pozytywnych opinii o naszym kraju, a jednocze\u015bnie podkre\u015bleniem, \u017ce po uratowaniu fikcyjnego miasta Hawkins Polska serdecznie na nich czeka \u2013 zw\u0142aszcza, aby mogli podziwia\u0107 miejsca, takie jak Warszawa i Krak\u00f3w, kt\u00f3re wymienili w swoich wypowiedziach.[2]<\/p>\n\n\n\n<h2 class=\"wp-block-heading\">Donald Tusk i serial \u201eStranger Things\u201d \u2013 fenomen globalny<\/h2>\n\n\n\n<p>Pi\u0105ty sezon serialu \u201eStranger Things\u201d, kt\u00f3ry ukazuje si\u0119 na platformie Netflix, jest rozpoznawalnym na ca\u0142ym \u015bwiecie hitem produkcyjnym. Serial opowiada histori\u0119 grupy dzieci i m\u0142odych doros\u0142ych walcz\u0105cych z nadprzyrodzonymi si\u0142ami w fikcyjnym mie\u015bcie Hawkins.[5] Seria zdoby\u0142a mi\u0119dzynarodow\u0105 s\u0142aw\u0119 dzi\u0119ki doskona\u0142emu doborowi obsady, anga\u017cuj\u0105cej fabule i po\u0142\u0105czeniu nostalgii z nowoczesnym storytelllingiem.<\/p>\n\n\n\n<p>Wysoka jako\u015b\u0107 produkcji oraz wyj\u0105tkowe kreacje aktorskie spowodowa\u0142y, \u017ce serial zyska\u0142 szerokie grono fan\u00f3w na ca\u0142ym \u015bwiecie. Netflix w pe\u0142ni wykorzysta\u0142 potencja\u0142 produkcji, rozwijaj\u0105c bogat\u0105 kampani\u0119 marketingow\u0105 i wsp\u00f3\u0142pracuj\u0105c z mediami z r\u00f3\u017cnych kraj\u00f3w.[1]<\/p>\n\n\n\n<h2 class=\"wp-block-heading\">Zaproszenie premiera Tuska \u2013 strategia promocji Polski<\/h2>\n\n\n\n<p>Donald Tusk swoim oryginalnym apelem skierowanym do aktor\u00f3w serialu wywo\u0142a\u0142 pozytywne komentarze w mediach oraz w\u015br\u00f3d fan\u00f3w. To niecodzienny i kreatywny spos\u00f3b promocji Polski jako atrakcyjnego kierunku turystycznego w\u015br\u00f3d m\u0142odzie\u017cy i mi\u0142o\u015bnik\u00f3w popkultury. Zaproszenie premiera brzmi jak naturalny element rosn\u0105cej globalnej popularno\u015bci naszego kraju w\u015br\u00f3d mi\u0119dzynarodowych gwiazd filmowych i telewizyjnych.<\/p>\n","protected":false},"excerpt":{"rendered":"Premier Donald Tusk postanowi\u0142 publicznie zwr\u00f3ci\u0107 si\u0119 do gwiazd kultowego ameryka\u0144skiego serialu \u201eStranger Things\u201d. Za po\u015brednictwem medi\u00f3w spo\u0142eczicznych polityk zaskoczy\u0142 internaut\u00f3w nietuzinkow\u0105 propozycj\u0105 \n<a class=\"moretag\" href=\"https:\/\/swiat24.pl.ua\/?p=19942\"> [...]<\/a>","protected":false},"author":1,"featured_media":19943,"comment_status":"open","ping_status":"open","sticky":false,"template":"","format":"standard","meta":{"footnotes":""},"categories":[1],"tags":[],"class_list":["post-19942","post","type-post","status-publish","format-standard","has-post-thumbnail","hentry","category-blog"],"_links":{"self":[{"href":"https:\/\/swiat24.pl.ua\/index.php?rest_route=\/wp\/v2\/posts\/19942","targetHints":{"allow":["GET"]}}],"collection":[{"href":"https:\/\/swiat24.pl.ua\/index.php?rest_route=\/wp\/v2\/posts"}],"about":[{"href":"https:\/\/swiat24.pl.ua\/index.php?rest_route=\/wp\/v2\/types\/post"}],"author":[{"embeddable":true,"href":"https:\/\/swiat24.pl.ua\/index.php?rest_route=\/wp\/v2\/users\/1"}],"replies":[{"embeddable":true,"href":"https:\/\/swiat24.pl.ua\/index.php?rest_route=%2Fwp%2Fv2%2Fcomments&post=19942"}],"version-history":[{"count":1,"href":"https:\/\/swiat24.pl.ua\/index.php?rest_route=\/wp\/v2\/posts\/19942\/revisions"}],"predecessor-version":[{"id":19944,"href":"https:\/\/swiat24.pl.ua\/index.php?rest_route=\/wp\/v2\/posts\/19942\/revisions\/19944"}],"wp:featuredmedia":[{"embeddable":true,"href":"https:\/\/swiat24.pl.ua\/index.php?rest_route=\/wp\/v2\/media\/19943"}],"wp:attachment":[{"href":"https:\/\/swiat24.pl.ua\/index.php?rest_route=%2Fwp%2Fv2%2Fmedia&parent=19942"}],"wp:term":[{"taxonomy":"category","embeddable":true,"href":"https:\/\/swiat24.pl.ua\/index.php?rest_route=%2Fwp%2Fv2%2Fcategories&post=19942"},{"taxonomy":"post_tag","embeddable":true,"href":"https:\/\/swiat24.pl.ua\/index.php?rest_route=%2Fwp%2Fv2%2Ftags&post=19942"}],"curies":[{"name":"wp","href":"https:\/\/api.w.org\/{rel}","templated":true}]}}