{"id":19933,"date":"2025-12-26T13:44:59","date_gmt":"2025-12-26T13:44:59","guid":{"rendered":"https:\/\/swiat24.pl.ua\/?p=19933"},"modified":"2025-12-26T13:44:59","modified_gmt":"2025-12-26T13:44:59","slug":"zwykla-zlosliwosc-dorota-loboda-z-ko-krytycznie-o-wetach-karola-nawrockiego","status":"publish","type":"post","link":"https:\/\/swiat24.pl.ua\/?p=19933","title":{"rendered":"\u201eZwyk\u0142a z\u0142o\u015bliwo\u015b\u0107\u201d. Dorota \u0141oboda z KO krytycznie o wetach Karola Nawrockiego"},"content":{"rendered":"\n<p>Rzeczniczka klubu Koalicji Obywatelskiej, Dorota \u0141oboda, nie ma w\u0105tpliwo\u015bci, \u017ce\u00a0<strong>prezydent Karol Nawrocki nie poprawia ustaw, lecz je torpeduje<\/strong>. <\/p>\n\n\n\n<p>W wywiadzie dla \u201eRozmowy Go\u0144ca\u201d ostro skrytykowa\u0142a spos\u00f3b pe\u0142nienia przez niego urz\u0119du, wskazuj\u0105c na powtarzaj\u0105ce si\u0119 weta oraz kontrowersyjne wypowiedzi dotycz\u0105ce jego do\u015bwiadczenia i polityki zagranicznej wobec Ukrainy oraz Stan\u00f3w Zjednoczonych.<\/p>\n\n\n\n<h2 class=\"wp-block-heading\">Weta jako narz\u0119dzie politycznej obstrukcji<\/h2>\n\n\n\n<p>\u0141oboda ocenia, \u017ce&nbsp;<strong>Karol Nawrocki nadu\u017cywa konstytucyjnego prawa weta<\/strong>, u\u017cywaj\u0105c go g\u0142\u00f3wnie jako narz\u0119dzia politycznych blokad. Zwraca uwag\u0119, \u017ce problemem nie jest samo prawo weta, lecz motywacje stoj\u0105ce za jego u\u017cyciem.<\/p>\n\n\n\n<blockquote class=\"wp-block-quote is-layout-flow wp-block-quote-is-layout-flow\">\n<p>\u2013 To, co robi prezydent Nawrocki, to jakie\u015b szale\u0144stwo \u2013 m\u00f3wi rzeczniczka KO. \u2013 Wetuje ustawy, a nast\u0119pnie sk\u0142ada w\u0142asne, bardzo podobne, cz\u0119sto w 90% przepisane z tych, kt\u00f3re zawetowa\u0142, dodaje niewielk\u0105 zmian\u0119 i w ten spos\u00f3b usi\u0142uje ro\u015bci\u0107 sobie prawo do bycia tak\u017ce w\u0142adz\u0105 ustawodawcz\u0105.<\/p>\n<\/blockquote>\n\n\n\n<p>Wed\u0142ug niej nie chodzi o merytoryczn\u0105 krytyk\u0119, lecz o czyst\u0105 kalkulacj\u0119 polityczn\u0105, kt\u00f3r\u0105 cz\u0119sto okre\u015bla jako&nbsp;<strong>zwyk\u0142\u0105 z\u0142o\u015bliwo\u015b\u0107<\/strong>. Przyk\u0142ady takich dzia\u0142a\u0144 to m.in. weto wobec ustawy tworz\u0105cej nowy park narodowy, blokada przywr\u00f3cenia g\u0142osowania korespondencyjnego dla Polonii oraz sprzeciw wobec tzw. ustawy \u0142a\u0144cuchowej, maj\u0105cej poprawi\u0107 dobrostan zwierz\u0105t.<\/p>\n\n\n\n<blockquote class=\"wp-block-quote is-layout-flow wp-block-quote-is-layout-flow\">\n<p>\u2013 Pan prezydent podejmuje bezsensowne ruchy, sk\u0142ada projekty ustaw, kt\u00f3re moim zdaniem go o\u015bmieszaj\u0105 \u2013 dodaje \u0141oboda.<\/p>\n<\/blockquote>\n\n\n\n<h2 class=\"wp-block-heading\">Ostry sp\u00f3r z Rados\u0142awem Sikorskim<\/h2>\n\n\n\n<p>Du\u017ce emocje wywo\u0142a\u0142 konflikt mi\u0119dzy Karolem Nawrockim a ministrem spraw zagranicznych Rados\u0142awem Sikorskim. Prezydent pr\u00f3bowa\u0142 por\u00f3wnywa\u0107 w\u0142asne \u201erycerskie do\u015bwiadczenia\u201d z realnym do\u015bwiadczeniem wojennym by\u0142ego szefa MSZ, co \u0141oboda uznaje za nieadekwatne i \u017cenuj\u0105ce.<\/p>\n\n\n\n<blockquote class=\"wp-block-quote is-layout-flow wp-block-quote-is-layout-flow\">\n<p>\u2013 \u017benuj\u0105ce jest por\u00f3wnywanie ustawek pseudokibic\u00f3w w lesie z do\u015bwiadczeniem wojennym Rados\u0142awa Sikorskiego \u2013 twierdzi rzeczniczka KO.<\/p>\n<\/blockquote>\n\n\n\n<p>Jej zdaniem taka narracja \u015bwiadczy o zatrzymaniu si\u0119 prezydenckiego \u015bwiatopogl\u0105du na poziomie przemocy stadionowej.<\/p>\n\n\n\n<blockquote class=\"wp-block-quote is-layout-flow wp-block-quote-is-layout-flow\">\n<p>\u2013 To pokazuje, \u017ce \u015bwiat Karola Nawrockiego zatrzyma\u0142 si\u0119 na dzia\u0142aniach pseudokibic\u00f3w \u2013 komentuje w rozmowie z Go\u0144cem.<\/p>\n<\/blockquote>\n\n\n\n<p>\u0141oboda podkre\u015bla, \u017ce w czasie wojny politycy powinni m\u00f3wi\u0107 jednym g\u0142osem o bezpiecze\u0144stwie kraju, zamiast licytowa\u0107 si\u0119 na do\u015bwiadczenia czy zas\u0142ugi.<\/p>\n\n\n\n<figure class=\"wp-block-image\"><img decoding=\"async\" src=\"https:\/\/www.bystragrazyna.pl\/wp-content\/uploads\/2025\/12\/2462.jpg\" alt=\"\" class=\"wp-image-24895\"\/><\/figure>\n\n\n\n<h2 class=\"wp-block-heading\">Polityka zagraniczna \u201epod dyktando Trumpa\u201d<\/h2>\n\n\n\n<p>Najpowa\u017cniejsza krytyka dotyczy polityki zagranicznej prezydenta. \u0141oboda zarzuca Karolowi Nawrockiemu prowadzenie niesp\u00f3jnej, w\u0142asnej dyplomacji z nadmiern\u0105 orientacj\u0105 na Donalda Trumpa.<\/p>\n\n\n\n<blockquote class=\"wp-block-quote is-layout-flow wp-block-quote-is-layout-flow\">\n<p>\u2013 Nawrocki wyra\u017anie kieruje si\u0119 na Stany Zjednoczone i chce, by polskie strategie bezpiecze\u0144stwa by\u0142y pisane pod dyktando Donalda Trumpa \u2013 wskazuje rzeczniczka KO.<\/p>\n<\/blockquote>\n\n\n\n<p>Cho\u0107 znaczenie sojuszu z USA jest niezaprzeczalne, wed\u0142ug niej podporz\u0105dkowywanie interes\u00f3w Polski strategii innego pa\u0144stwa jest skrajnie nieodpowiedzialne.<\/p>\n\n\n\n<blockquote class=\"wp-block-quote is-layout-flow wp-block-quote-is-layout-flow\">\n<p>\u2013 M\u00f3wienie o dopasowywaniu si\u0119 do strategii innego kraju jest ca\u0142kowicie nieodpowiedzialne. Niestety, tak\u0105 polityk\u0119 prowadzi Karol Nawrocki.<\/p>\n<\/blockquote>\n\n\n\n<p>Dodatkowo niepok\u00f3j budz\u0105 doniesienia kancelarii prezydenta o rzekomych rozmowach z Trumpem, kt\u00f3rych brakuje istotne szczeg\u00f3\u0142y i efekty.<\/p>\n\n\n\n<h2 class=\"wp-block-heading\">Kontrowersje wok\u00f3\u0142 relacji z Wo\u0142odymyrem Ze\u0142enskim<\/h2>\n\n\n\n<p>Krytyka obejmuje tak\u017ce relacje polskiego prezydenta z Ukrain\u0105. Chocia\u017c \u0141oboda pozytywnie ocenia spotkanie Nawrockiego z Wo\u0142odymyrem Ze\u0142enskim, przypomina mniej pochlebne zachowania z przesz\u0142o\u015bci.<\/p>\n\n\n\n<blockquote class=\"wp-block-quote is-layout-flow wp-block-quote-is-layout-flow\">\n<p>\u2013 \u017benuj\u0105ca by\u0142a przepychanka i ma\u0142ostkowo\u015b\u0107 prezydenta, kt\u00f3ry licytowa\u0142 si\u0119 i m\u00f3wi\u0142, \u017ce to nie on pojedzie na Ukrain\u0119, ale \u017ce to Ze\u0142enski powinien przyjecha\u0107 do Polski.<\/p>\n<\/blockquote>\n\n\n\n<p>Wypowiedzi prezydenta sugeruj\u0105ce warunkowe wsparcie dla walcz\u0105cego kraju wywo\u0142uj\u0105 jeszcze wi\u0119kszy niepok\u00f3j.<\/p>\n\n\n\n<blockquote class=\"wp-block-quote is-layout-flow wp-block-quote-is-layout-flow\">\n<p>\u2013 Nawrocki stara si\u0119 zatuszowa\u0107 wra\u017cenie, \u017ce solidarno\u015b\u0107 z walcz\u0105cym krajem nic dla niego nie znaczy, \u017ce liczy si\u0119 tylko transakcyjno\u015b\u0107 \u2013 m\u00f3wi \u0141oboda.<\/p>\n<\/blockquote>\n\n\n\n<p>Podkre\u015bla, \u017ce&nbsp;<strong>dba\u0142o\u015b\u0107 o bezpiecze\u0144stwo Polski<\/strong>&nbsp;nie stoi w sprzeczno\u015bci z empati\u0105 i solidarno\u015bci\u0105 z narodem ukrai\u0144skim.<\/p>\n\n\n\n<blockquote class=\"wp-block-quote is-layout-flow wp-block-quote-is-layout-flow\">\n<p>\u2013 Powinni\u015bmy chroni\u0107 bezpiecze\u0144stwo Polski, ale to nie wyklucza solidarno\u015bci i empatii wobec os\u00f3b, kt\u00f3re tam gin\u0105 \u2013 ko\u0144czy rzeczniczka klubu Koalicji Obywatelskiej.<\/p>\n<\/blockquote>\n","protected":false},"excerpt":{"rendered":"Rzeczniczka klubu Koalicji Obywatelskiej, Dorota \u0141oboda, nie ma w\u0105tpliwo\u015bci, \u017ce\u00a0prezydent Karol Nawrocki nie poprawia ustaw, lecz je torpeduje. W wywiadzie dla \u201eRozmowy Go\u0144ca\u201d \n<a class=\"moretag\" href=\"https:\/\/swiat24.pl.ua\/?p=19933\"> [...]<\/a>","protected":false},"author":1,"featured_media":19934,"comment_status":"open","ping_status":"open","sticky":false,"template":"","format":"standard","meta":{"footnotes":""},"categories":[1],"tags":[],"class_list":["post-19933","post","type-post","status-publish","format-standard","has-post-thumbnail","hentry","category-blog"],"_links":{"self":[{"href":"https:\/\/swiat24.pl.ua\/index.php?rest_route=\/wp\/v2\/posts\/19933","targetHints":{"allow":["GET"]}}],"collection":[{"href":"https:\/\/swiat24.pl.ua\/index.php?rest_route=\/wp\/v2\/posts"}],"about":[{"href":"https:\/\/swiat24.pl.ua\/index.php?rest_route=\/wp\/v2\/types\/post"}],"author":[{"embeddable":true,"href":"https:\/\/swiat24.pl.ua\/index.php?rest_route=\/wp\/v2\/users\/1"}],"replies":[{"embeddable":true,"href":"https:\/\/swiat24.pl.ua\/index.php?rest_route=%2Fwp%2Fv2%2Fcomments&post=19933"}],"version-history":[{"count":1,"href":"https:\/\/swiat24.pl.ua\/index.php?rest_route=\/wp\/v2\/posts\/19933\/revisions"}],"predecessor-version":[{"id":19935,"href":"https:\/\/swiat24.pl.ua\/index.php?rest_route=\/wp\/v2\/posts\/19933\/revisions\/19935"}],"wp:featuredmedia":[{"embeddable":true,"href":"https:\/\/swiat24.pl.ua\/index.php?rest_route=\/wp\/v2\/media\/19934"}],"wp:attachment":[{"href":"https:\/\/swiat24.pl.ua\/index.php?rest_route=%2Fwp%2Fv2%2Fmedia&parent=19933"}],"wp:term":[{"taxonomy":"category","embeddable":true,"href":"https:\/\/swiat24.pl.ua\/index.php?rest_route=%2Fwp%2Fv2%2Fcategories&post=19933"},{"taxonomy":"post_tag","embeddable":true,"href":"https:\/\/swiat24.pl.ua\/index.php?rest_route=%2Fwp%2Fv2%2Ftags&post=19933"}],"curies":[{"name":"wp","href":"https:\/\/api.w.org\/{rel}","templated":true}]}}