{"id":19929,"date":"2025-12-26T12:40:28","date_gmt":"2025-12-26T12:40:28","guid":{"rendered":"https:\/\/swiat24.pl.ua\/?p=19929"},"modified":"2025-12-26T12:40:28","modified_gmt":"2025-12-26T12:40:28","slug":"brigitte-bardot-po-raz-drugi-trafila-do-szpitala-w-tulonie-co-wiemy","status":"publish","type":"post","link":"https:\/\/swiat24.pl.ua\/?p=19929","title":{"rendered":"Brigitte Bardot po raz drugi trafi\u0142a do szpitala w Tulonie: co wiemy"},"content":{"rendered":"\n<p>Wed\u0142ug informacji&nbsp;<em>Var-Matin<\/em>&nbsp;i&nbsp;<em>ICI<\/em>&nbsp;, Brigitte Bardot trafi\u0142a do szpitala po raz drugi tej jesieni z powodu problem\u00f3w zdrowotnych. Dowiedz si\u0119, co o tym wiemy\u2026<a href=\"https:\/\/actu.gala.fr\/l_actu\/news_de_stars\/brigitte-bardot-hospitalisee-pour-la-2e-fois-a-toulon-ce-que-l-on-sait-20251125?utm_source=facebook&amp;utm_medium=loc&amp;utm_campaign=pmo_tgp#fig-a11y-skip-main-pave_atf\">Pomi\u0144 reklam\u0119<\/a><\/p>\n\n\n\n<p>Wed\u0142ug informacji opublikowanych przez&nbsp;&nbsp;<a href=\"https:\/\/www.nicematin.com\/faits-divers\/exclusif-brigitte-bardot-a-nouveau-hospitalisee-a-toulon-10657972\" target=\"_blank\" rel=\"noreferrer noopener\"><em>Var-Matin<\/em><\/a>&nbsp;&nbsp;i&nbsp;<a href=\"https:\/\/www.francebleu.fr\/infos\/medias-people\/brigitte-bardot-est-une-nouvelle-fois-hospitalisee-a-toulon-depuis-plusieurs-jours-6767535\" target=\"_blank\" rel=\"noreferrer noopener\"><em>ICI Provence<\/em><\/a>&nbsp;&nbsp;w poniedzia\u0142ek, 24 listopada, Brigitte Bardot przebywa od oko\u0142o dziesi\u0119ciu dni w szpitalu Saint-Jean w Tulonie z powod\u00f3w zdrowotnych.<\/p>\n\n\n\n<p>Rodzina 91-letniej aktywistki nie skomentowa\u0142a jeszcze sprawy i nie poda\u0142a \u017cadnych dalszych informacji na temat przyczyn&nbsp;&nbsp;<a href=\"https:\/\/actu.gala.fr\/l_actu\/news_de_stars\/brigitte-bardot-hospitalisee-depuis-trois-semaines-ce-que-l-on-sait-sur-son-etat-de-sante-20251016\" target=\"_blank\" rel=\"noreferrer noopener\">jej drugiej hospitalizacji w ci\u0105gu zaledwie kilku tygodni<\/a>&nbsp;.<\/p>\n\n\n\n<p>Przypominamy, \u017ce aktywistka na rzecz praw zwierz\u0105t martwi\u0142a swoich fan\u00f3w w pa\u017adzierniku ubieg\u0142ego roku&nbsp;&nbsp;<a href=\"https:\/\/actu.gala.fr\/l_actu\/news_de_stars\/brigitte-bardot-sortie-de-l-hopital-elle-donne-de-ses-nouvelles-et-coupe-court-aux-rumeurs-20251017\" target=\"_blank\" rel=\"noreferrer noopener\">podczas swojej pierwszej hospitalizacji<\/a>&nbsp;&nbsp;w zwi\u0105zku z&nbsp;<em>\u201edrobn\u0105 operacj\u0105, kt\u00f3ra przebieg\u0142a wyj\u0105tkowo pomy\u015blnie<\/em>&nbsp;\u201d, jak twierdzi jej rodzina.<\/p>\n\n\n\n<p>Po kilku tygodniach obserwacji&nbsp;&nbsp;<a href=\"https:\/\/actu.gala.fr\/l_actu\/news_de_stars\/brigitte-bardot-hospitalisee-depuis-3-semaines-elle-se-remet-doucement-et-se-repose-20251017\" target=\"_blank\" rel=\"noreferrer noopener\">Brigitte Bardot wr\u00f3ci\u0142a do swojej posiad\u0142o\u015bci La Madrague<\/a>&nbsp;w Saint-Tropez, gdzie&nbsp;<em>\u201eodpoczywa\u0142a i powoli wraca\u0142a do zdrowia<\/em>&nbsp;\u201d .&nbsp;&nbsp;<a href=\"https:\/\/actu.gala.fr\/l_actu\/news_de_stars\/brigitte-bardot-encore-ciblee-par-une-fake-news-non-elle-n-a-pas-desherite-sa-famille-20251028\" target=\"_blank\" rel=\"noreferrer noopener\">By\u0142a aktorka sta\u0142a si\u0119 w\u00f3wczas obiektem plotek w mediach spo\u0142eczno\u015bciowych,<\/a>&nbsp;&nbsp;og\u0142aszaj\u0105c swoj\u0105 \u015bmier\u0107, co wywo\u0142a\u0142o reakcje niekt\u00f3rych jej bliskich,&nbsp;&nbsp;<a href=\"https:\/\/actu.gala.fr\/l_actu\/news_de_stars\/brigitte-bardot-sa-sante-au-coeur-d-alarmantes-rumeurs-un-ex-compagnon-brise-le-silence-20251114\" target=\"_blank\" rel=\"noreferrer noopener\">kt\u00f3rzy nast\u0119pnie przekazali informacje o jej stanie zdrowia<\/a>&nbsp;.&nbsp;<em>\u201e<\/em>&nbsp;Wci\u0105\u017c jestem&nbsp;<em>z ni\u0105 w kontakcie. Mog\u0119 powiedzie\u0107, \u017ce czuje si\u0119 lepiej po trudnym czasie<\/em>&nbsp;\u201d \u2013 o\u015bwiadczy\u0142 jej by\u0142y partner, Allain Bougrain-Dubourg, w programie \u201e&nbsp;<em>La Terre au carr\u00e9<\/em>&nbsp;\u201d 14 listopada. Henry-Jean Servat ze swojej strony&nbsp;&nbsp;<a href=\"https:\/\/actu.gala.fr\/l_actu\/news_de_stars\/brigitte-bardot-annoncee-morte-son-ami-henry-jean-servat-monte-au-creneau-foutez-lui-donc-la-paix-20251023\" target=\"_blank\" rel=\"noreferrer noopener\">postanowi\u0142 wyja\u015bni\u0107 spraw\u0119<\/a>&nbsp;.&nbsp;<em>\u201eZostawcie Brigitte Bardot w spokoju<\/em>&nbsp;\u201d \u2013 wykrzykn\u0105\u0142, zanim oczywi\u015bcie sprecyzowa\u0142, \u017ce by\u0142a aktorka \u017cyje i&nbsp;<em>\u201ema si\u0119 tak dobrze, jak mo\u017cna si\u0119 spodziewa\u0107<\/em>&nbsp;\u201d .<a href=\"https:\/\/photo.gala.fr\/les-hommes-de-brigitte-bardot-21182\"><\/a><\/p>\n\n\n\n<h2 class=\"wp-block-heading\" id=\"subhead-774ad3d4-fd6b-48b0-ab6b-d7d92c0f6866\">Og\u0142oszono \u015bmier\u0107 Brigitte Bardot, kt\u00f3ra zdementowa\u0142a fa\u0142szywe plotki.<\/h2>\n\n\n\n<p>W \u015brod\u0119, 22 pa\u017adziernika, Brigitte Bardot sta\u0142a si\u0119 obiektem plotek o jej \u015bmierci. \u201e&nbsp;<em>Wed\u0142ug moich ekskluzywnych informacji, Brigitte Bardot podobno zmar\u0142a dzisiaj. Jej trumn\u0119 zam\u00f3wiono w Saint-Paul-de-Jarrat w departamencie Ari\u00e8ge (09). Odesz\u0142a ikona, pozostawiaj\u0105c po sobie niezapomniane dziedzictwo i wieczny \u015blad w sercach Francuz\u00f3w<\/em>&nbsp;\u201d \u2013 zauwa\u017cy\u0142a blogerka Aqababe na X i Instagramie. Ten wpis wywo\u0142a\u0142 poruszenie w\u015br\u00f3d fan\u00f3w by\u0142ej aktorki, a tak\u017ce&nbsp;&nbsp;<a href=\"https:\/\/actu.gala.fr\/l_actu\/news_de_stars\/brigitte-bardot-annoncee-morte-sur-le-net-elle-sort-du-silence-et-s-agace-je-n-ai-pas-l-intention-de-tirer-ma-reverence-20251022\" target=\"_blank\" rel=\"noreferrer noopener\">samej Bardot, kt\u00f3ra szybko zaprzeczy\u0142a<\/a>&nbsp;. \u201e&nbsp;<em>Nie wiem, kt\u00f3ry idiota rozpu\u015bci\u0142 dzi\u015b wieczorem t\u0119 fa\u0142szyw\u0105 wiadomo\u015b\u0107 o mojej \u015bmierci, ale wiedzcie, \u017ce nic mi nie jest i nie zamierzam si\u0119 wycofywa\u0107. S\u0142owo dla m\u0105drych<\/em>&nbsp;\u201d \u2013 napisa\u0142a na swoim koncie na X.<\/p>\n","protected":false},"excerpt":{"rendered":"Wed\u0142ug informacji&nbsp;Var-Matin&nbsp;i&nbsp;ICI&nbsp;, Brigitte Bardot trafi\u0142a do szpitala po raz drugi tej jesieni z powodu problem\u00f3w zdrowotnych. Dowiedz si\u0119, co o tym wiemy\u2026Pomi\u0144 reklam\u0119 \n<a class=\"moretag\" href=\"https:\/\/swiat24.pl.ua\/?p=19929\"> [...]<\/a>","protected":false},"author":1,"featured_media":0,"comment_status":"open","ping_status":"open","sticky":false,"template":"","format":"standard","meta":{"footnotes":""},"categories":[1],"tags":[],"class_list":["post-19929","post","type-post","status-publish","format-standard","hentry","category-blog"],"_links":{"self":[{"href":"https:\/\/swiat24.pl.ua\/index.php?rest_route=\/wp\/v2\/posts\/19929","targetHints":{"allow":["GET"]}}],"collection":[{"href":"https:\/\/swiat24.pl.ua\/index.php?rest_route=\/wp\/v2\/posts"}],"about":[{"href":"https:\/\/swiat24.pl.ua\/index.php?rest_route=\/wp\/v2\/types\/post"}],"author":[{"embeddable":true,"href":"https:\/\/swiat24.pl.ua\/index.php?rest_route=\/wp\/v2\/users\/1"}],"replies":[{"embeddable":true,"href":"https:\/\/swiat24.pl.ua\/index.php?rest_route=%2Fwp%2Fv2%2Fcomments&post=19929"}],"version-history":[{"count":1,"href":"https:\/\/swiat24.pl.ua\/index.php?rest_route=\/wp\/v2\/posts\/19929\/revisions"}],"predecessor-version":[{"id":19932,"href":"https:\/\/swiat24.pl.ua\/index.php?rest_route=\/wp\/v2\/posts\/19929\/revisions\/19932"}],"wp:attachment":[{"href":"https:\/\/swiat24.pl.ua\/index.php?rest_route=%2Fwp%2Fv2%2Fmedia&parent=19929"}],"wp:term":[{"taxonomy":"category","embeddable":true,"href":"https:\/\/swiat24.pl.ua\/index.php?rest_route=%2Fwp%2Fv2%2Fcategories&post=19929"},{"taxonomy":"post_tag","embeddable":true,"href":"https:\/\/swiat24.pl.ua\/index.php?rest_route=%2Fwp%2Fv2%2Ftags&post=19929"}],"curies":[{"name":"wp","href":"https:\/\/api.w.org\/{rel}","templated":true}]}}