{"id":19886,"date":"2025-12-25T14:35:38","date_gmt":"2025-12-25T14:35:38","guid":{"rendered":"https:\/\/swiat24.pl.ua\/?p=19886"},"modified":"2025-12-25T14:35:38","modified_gmt":"2025-12-25T14:35:38","slug":"w-cotes-darmor-znaleziono-cialo-21-letniej-kobiety-zostanie-przeprowadzona-sekcja-zwlok","status":"publish","type":"post","link":"https:\/\/swiat24.pl.ua\/?p=19886","title":{"rendered":"W C\u00f4tes-d\u2019Armor znaleziono cia\u0142o 21-letniej kobiety. Zostanie przeprowadzona sekcja zw\u0142ok."},"content":{"rendered":"\n<p>We wtorek, 28 pa\u017adziernika 2025 roku, w Saint-Donan , niedaleko Saint-Brieuc, dosz\u0142o do tragedii.<\/p>\n\n\n\n<p>Podczas przeszukania terenu przez mieszka\u0144c\u00f3w, odnaleziono cia\u0142o 21-letniej kobiety.<\/p>\n\n\n\n<p>Funkcjonariusze szybko zabezpieczyli teren i wszcz\u0119li dochodzenie.<\/p>\n\n\n\n<p><strong>W najbli\u017cszych dniach przeprowadzona zostanie sekcja zw\u0142ok, aby ustali\u0107 dok\u0142adn\u0105 przyczyn\u0119 zgonu.<\/strong><\/p>\n\n\n\n<p>S\u0105siedzi natychmiast si\u0119 zmobilizowali.&nbsp;<strong>Co wi\u0119cej<\/strong>&nbsp;, ich zaanga\u017cowanie pozwoli\u0142o na szybkie odnalezienie cia\u0142a.&nbsp;<strong>Zatem<\/strong>&nbsp;mobilizacja spo\u0142eczno\u015bci odegra\u0142a w tym przypadku kluczow\u0105 rol\u0119.<\/p>\n\n\n\n<h2 class=\"wp-block-heading\" id=\"toc-title-1\">Obywatelska grupa poszukiwawcza w centrum akcji<\/h2>\n\n\n\n<p>Mieszka\u0144cy zebrali si\u0119 natychmiast po zg\u0142oszeniu zagini\u0119cia.&nbsp;<strong>Zorganizowali<\/strong>&nbsp;poszukiwania w lasach i na polach wok\u00f3\u0142 Saint-Donan.&nbsp;<strong>Codziennie<\/strong>&nbsp;zg\u0142aszano policji tropy. Dzi\u0119ki tej zbiorowej czujno\u015bci m\u0142oda kobieta zosta\u0142a znaleziona martwa,&nbsp;<strong>ale wkr\u00f3tce<\/strong>&nbsp;po zagini\u0119ciu.<\/p>\n\n\n\n<p><strong>Ponadto<\/strong>&nbsp;wolontariusze pomogli zabezpieczy\u0107 teren i wesprze\u0107 organy \u015bcigania.&nbsp;<strong>W rezultacie<\/strong>&nbsp;ta solidarno\u015b\u0107 u\u0142atwi\u0142a prac\u0119 \u015bledczym i wzmocni\u0142a wi\u0119zi ze spo\u0142eczno\u015bci\u0105.&nbsp;<strong>Dlatego<\/strong>&nbsp;w tego typu sytuacjach liczy si\u0119 ka\u017cdy gest.<\/p>\n\n\n\n<h2 class=\"wp-block-heading\" id=\"toc-title-2\">\u015aledztwo s\u0105dowe i sekcja zw\u0142ok<\/h2>\n\n\n\n<p>\u015aledczy pr\u00f3buj\u0105 teraz odtworzy\u0107&nbsp;<strong>ostatnie godziny \u017cycia<\/strong>&nbsp;m\u0142odej kobiety .&nbsp;<strong>W tym celu<\/strong>&nbsp;przes\u0142uchuj\u0105 jej rodzin\u0119, przyjaci\u00f3\u0142 i \u015bwiadk\u00f3w obecnych podczas poszukiwa\u0144.&nbsp;<strong>Co wi\u0119cej<\/strong>&nbsp;, ka\u017cdy szczeg\u00f3\u0142 mo\u017ce by\u0107 pomocny w \u015bledztwie.<\/p>\n\n\n\n<p><strong>Sekcja zw\u0142ok dostarczy kluczowych odpowiedzi. Eksperci zbadaj\u0105 cia\u0142o ,<\/strong>&nbsp;aby ustali\u0107 dok\u0142adn\u0105 przyczyn\u0119 \u015bmierci. Wyniki&nbsp;pokieruj\u0105 dalszymi dzia\u0142aniami \u015bledztwa.&nbsp;<strong>Tymczasem<\/strong>&nbsp;policja apeluje do opinii publicznej o zachowanie ostro\u017cno\u015bci i powstrzymanie si\u0119 od rozpowszechniania plotek, kt\u00f3re mog\u0142yby utrudni\u0107 prac\u0119 \u015bledczych.<strong><\/strong><\/p>\n\n\n\n<p>Lokalna spo\u0142eczno\u015b\u0107 pozostaje w szoku.&nbsp;<strong>Jednak<\/strong>&nbsp;ta mobilizacja pokazuje, \u017ce solidarno\u015b\u0107 mo\u017ce ratowa\u0107 \u017cycie i przyspiesza\u0107 \u015bledztwa. Mieszka\u0144cy maj\u0105 nadziej\u0119, \u017ce sekcja zw\u0142ok dostarczy jednoznacznych odpowiedzi. Pragn\u0105&nbsp;<strong>r\u00f3wnie\u017c<\/strong>&nbsp;, aby rodzina ofiary znalaz\u0142a ukojenie i aby sprawiedliwo\u015b\u0107 szybko zosta\u0142a wymierzona.<\/p>\n\n\n\n<p>Ta tragedia przypomina, \u017ce \u200b\u200bzaanga\u017cowanie ka\u017cdego ma znaczenie.&nbsp;<strong>Co wi\u0119cej<\/strong>&nbsp;, wolontariusze i organy \u015bcigania \u015bci\u015ble wsp\u00f3\u0142pracowali, aby odkry\u0107 prawd\u0119. Czujno\u015b\u0107 obywateli pozostaje kluczowym filarem bezpiecze\u0144stwa i ochrony ludno\u015bci.<\/p>\n","protected":false},"excerpt":{"rendered":"We wtorek, 28 pa\u017adziernika 2025 roku, w Saint-Donan , niedaleko Saint-Brieuc, dosz\u0142o do tragedii. Podczas przeszukania terenu przez mieszka\u0144c\u00f3w, odnaleziono cia\u0142o 21-letniej kobiety. \n<a class=\"moretag\" href=\"https:\/\/swiat24.pl.ua\/?p=19886\"> [...]<\/a>","protected":false},"author":1,"featured_media":19887,"comment_status":"open","ping_status":"open","sticky":false,"template":"","format":"standard","meta":{"footnotes":""},"categories":[1],"tags":[],"class_list":["post-19886","post","type-post","status-publish","format-standard","has-post-thumbnail","hentry","category-blog"],"_links":{"self":[{"href":"https:\/\/swiat24.pl.ua\/index.php?rest_route=\/wp\/v2\/posts\/19886","targetHints":{"allow":["GET"]}}],"collection":[{"href":"https:\/\/swiat24.pl.ua\/index.php?rest_route=\/wp\/v2\/posts"}],"about":[{"href":"https:\/\/swiat24.pl.ua\/index.php?rest_route=\/wp\/v2\/types\/post"}],"author":[{"embeddable":true,"href":"https:\/\/swiat24.pl.ua\/index.php?rest_route=\/wp\/v2\/users\/1"}],"replies":[{"embeddable":true,"href":"https:\/\/swiat24.pl.ua\/index.php?rest_route=%2Fwp%2Fv2%2Fcomments&post=19886"}],"version-history":[{"count":1,"href":"https:\/\/swiat24.pl.ua\/index.php?rest_route=\/wp\/v2\/posts\/19886\/revisions"}],"predecessor-version":[{"id":19888,"href":"https:\/\/swiat24.pl.ua\/index.php?rest_route=\/wp\/v2\/posts\/19886\/revisions\/19888"}],"wp:featuredmedia":[{"embeddable":true,"href":"https:\/\/swiat24.pl.ua\/index.php?rest_route=\/wp\/v2\/media\/19887"}],"wp:attachment":[{"href":"https:\/\/swiat24.pl.ua\/index.php?rest_route=%2Fwp%2Fv2%2Fmedia&parent=19886"}],"wp:term":[{"taxonomy":"category","embeddable":true,"href":"https:\/\/swiat24.pl.ua\/index.php?rest_route=%2Fwp%2Fv2%2Fcategories&post=19886"},{"taxonomy":"post_tag","embeddable":true,"href":"https:\/\/swiat24.pl.ua\/index.php?rest_route=%2Fwp%2Fv2%2Ftags&post=19886"}],"curies":[{"name":"wp","href":"https:\/\/api.w.org\/{rel}","templated":true}]}}