{"id":19883,"date":"2025-12-25T14:32:49","date_gmt":"2025-12-25T14:32:49","guid":{"rendered":"https:\/\/swiat24.pl.ua\/?p=19883"},"modified":"2025-12-25T14:32:49","modified_gmt":"2025-12-25T14:32:49","slug":"jacques-pradel-mezczyzna-rzucil-sie-na-samochod-przed-nim-i-zginal-na-miejscu","status":"publish","type":"post","link":"https:\/\/swiat24.pl.ua\/?p=19883","title":{"rendered":"Jacques Pradel: m\u0119\u017cczyzna rzuci\u0142 si\u0119 na samoch\u00f3d przed nim i zgin\u0105\u0142 na miejscu."},"content":{"rendered":"\n<p>W podca\u015bcie&nbsp;<em>\u201eTwarz\u0105 w twarz z s\u0119dzi\u0105 Gruwezem\u201d<\/em>&nbsp;Jacques Pradel opowiedzia\u0142 o g\u0142\u0119boko poruszaj\u0105cym wydarzeniu ze swojego \u017cycia: dniu, w kt\u00f3rym starszy m\u0119\u017cczyzna rzuci\u0142 si\u0119 na jego samoch\u00f3d podczas jazdy. Zgin\u0105\u0142 na miejscu.<\/p>\n\n\n\n<p>Wspomnienie, kt\u00f3re wci\u0105\u017c go prze\u015bladuje\u2026<\/p>\n\n\n\n<p>W podca\u015bcie&nbsp;<em><strong>\u201eFace \u00e0 la juge Gruwez\u201d (<\/strong><\/em>&nbsp;W obliczu s\u0119dziego Gruweza ), zaprezentowanym przez&nbsp;<a href=\"https:\/\/www.public.fr\/jacques-pradel-bouleverse-un-homme-se-jette-sur-sa-voiture-et-meurt-sous-ses-yeux\"><em>magazyn Public<\/em><\/a>&nbsp;, Jacques Pradel opowiedzia\u0142 o tragedii, kt\u00f3ra zniszczy\u0142a jego \u017cycie: strasznym wypadku samochodowym, do kt\u00f3rego dosz\u0142o prawie trzydzie\u015bci lat temu.<\/p>\n\n\n\n<p>\u201e&nbsp;<em>Jedna z rzeczy, kt\u00f3ra najbardziej mnie naznaczy\u0142a, kt\u00f3ra pozosta\u0142a ze mn\u0105 przez lata: pewnego dnia mia\u0142em wypadek samochodowy<\/em>&nbsp;\u201d \u2013 wyzna\u0142, wci\u0105\u017c poruszony wspomnieniem.<\/p>\n\n\n\n<p>W tym czasie, niedaleko Pontoise,&nbsp;<strong>jego samoch\u00f3d zosta\u0142 uderzony przez samoch\u00f3d starszego rolnika, kt\u00f3ry nie ust\u0105pi\u0142 pierwsze\u0144stwa przejazdu.<\/strong><\/p>\n\n\n\n<p>Uderzenie by\u0142o nieuniknione i tragiczne: \u201e&nbsp;<em><strong>Kto\u015b przypadkowo rzuci\u0142 si\u0119 na m\u00f3j samoch\u00f3d\u2026 ta osoba zgin\u0119\u0142a<\/strong><\/em>&nbsp;\u201d. Chocia\u017c nie odni\u00f3s\u0142 obra\u017ce\u0144 fizycznych,&nbsp;<a href=\"https:\/\/actu.voici.fr\/faits-divers\/a-ma-connaissance-au-moins-une-fois-par-mois-jacques-pradel-fait-une-revelation-sur-jean-marie-villemin-le-pere-du-petit-gregory-804153\">prezenter<\/a>&nbsp;na zawsze pozostanie naznaczony tym nie do zniesienia widokiem: \u201e&nbsp;<em>Zobaczy\u0142em cia\u0142o tego m\u0119\u017cczyzny\u2026 i wstrz\u0105sn\u0119\u0142o mn\u0105 tak g\u0142\u0119boko, \u017ce by\u0142em zaskoczony, i\u017c moja pami\u0119\u0107 nie wymaza\u0142a tego zdarzenia<\/em>&nbsp;\u201d. Nawet po tylu latach tragedia pozostaje stale obecna: \u201e&nbsp;<em><strong>Wci\u0105\u017c o tym my\u015bl\u0119<\/strong><\/em>&nbsp;\u201d \u2013 wyzna\u0142 znany dziennikarz \u015bledczy.<\/p>\n\n\n\n<h2 class=\"wp-block-heading\" id=\"dmscn\">Jacques Pradel oskar\u017cony o \u201ezarabianie na nieszcz\u0119\u015bciu innych\u201d \u2013 jego bezpo\u015brednia odpowied\u017a<\/h2>\n\n\n\n<p>W tym samym wywiadzie&nbsp;<strong>Jacques Pradel wspomina\u0142 r\u00f3wnie\u017c o swojej s\u0142awie.<\/strong>&nbsp;Od program\u00f3w \u201e&nbsp;<em>Comprendre<\/em>&nbsp;\u201d po&nbsp;<em>\u201eCaf\u00e9 Crimes<\/em>&nbsp;\u201d, w tym&nbsp;<strong><em>\u201eL\u2019heure du crime\u201d<\/em><\/strong>&nbsp;na kanale RTL i ksi\u0105\u017cki \u201e&nbsp;<strong><em>Disparues de l\u2019Yonne: la huit victime\u201d<\/em><\/strong><em>&nbsp;<\/em>o sprawie Emile\u2019a Louisa,&nbsp;<a href=\"https:\/\/actu.voici.fr\/television\/jacques-pradel-explique-les-raisons-de-son-depart-de-rtl-681001\">Jacques Pradel zas\u0142yn\u0105\u0142 z popularyzacji prawdziwych zbrodni, czyni\u0105c je przyst\u0119pnymi i zrozumia\u0142ymi dla ka\u017cdego.<\/a>&nbsp;Od 1990 roku sta\u0142 si\u0119 kluczow\u0105 postaci\u0105 w TF1, prowadz\u0105c dwa popularne programy: \u201e&nbsp;<strong><em>Perdu de vue<\/em><\/strong>&nbsp;\u201d (1990-1997) u boku Jean-Marie Perthuisa oraz&nbsp;<strong><em>\u201eT\u00e9moin num\u00e9ro 1<\/em><\/strong><strong>&nbsp;<\/strong>\u201d (1993-1996) z Patrickiem Meneyem. Transmisje na \u017cywo te programy urzeka\u0142y publiczno\u015b\u0107, przyci\u0105gaj\u0105c od 7 do 10 milion\u00f3w widz\u00f3w na ka\u017cd\u0105 emisj\u0119.<\/p>\n\n\n\n<p>Jednak koncepcja ta budzi kontrowersje:&nbsp;<strong>niekt\u00f3rzy krytykuj\u0105 jej sensacyjny ton, podczas gdy inni chwal\u0105 jej u\u017cyteczno\u015b\u0107 spo\u0142eczn\u0105, zw\u0142aszcza w pomaganiu rodzinom w odnalezieniu zaginionych bliskich.<\/strong>&nbsp;Programy s\u0105 nawet oskar\u017cane o wkraczanie na terytorium policji i wymiaru sprawiedliwo\u015bci. W programie \u201eTwarz\u0105 w twarz z s\u0119dzi\u0105 Gruwezem\u201d dziennikarz poczu\u0142 si\u0119 zobowi\u0105zany do wyra\u017cenia swoich my\u015bli na temat krytyk\u00f3w: \u201e&nbsp;<strong><em>Odkry\u0142em, \u017ce niekt\u00f3rzy twierdz\u0105, \u017ce czerpi\u0119 zyski z ludzkiego nieszcz\u0119\u015bcia. To nie odzwierciedla tego, kim jestem. Nie musz\u0119 si\u0119 usprawiedliwia\u0107; nic mnie to nie obchodzi<\/em><\/strong>&nbsp;\u201d. Szczere i nieupi\u0119kszone \u015bwiadectwo cz\u0142owieka, kt\u00f3ry wci\u0105\u017c nosi blizny po bolesnej przesz\u0142o\u015bci.<\/p>\n\n\n\n<h2 class=\"wp-block-heading\" id=\"4765h\">Specjalizuj\u0105c si\u0119 w sztuce przest\u0119pczej, Jacques Pradel odpowiada na Aqababe i jego ob\u0142aw\u0119 na Xaviera Duponta de Ligonn\u00e8sa<\/h2>\n\n\n\n<p>W maju 2025 roku&nbsp;<a href=\"https:\/\/actu.voici.fr\/faits-divers\/faux-acte-notarie-un-streamer-harcele-les-dessous-inquietants-de-l-enquete-lancee-par-aqababe-pour-retrouver-xavier-dupont-de-ligonnes-804028\">influencerka Aqababe postanowi\u0142a wznowi\u0107 poszukiwania Xaviera Duponta de Ligonn\u00e8sa<\/a>&nbsp;na Instagramie. W obliczu tego internetowego polowania, Jacques Pradel postanowi\u0142 zabra\u0107 g\u0142os na planie Buzz TV. Dziennikarz nie przebiera\u0142 w s\u0142owach: \u201e&nbsp;<em><strong>Jak ten idiotyczny influencer<\/strong><\/em><em>&nbsp;\u2013 i m\u00f3wi\u0119 to ca\u0142kiem powa\u017cnie \u2013 kt\u00f3ry chwali si\u0119 polowaniem na niego w mediach spo\u0142eczno\u015bciowych,&nbsp;<\/em><em><strong>mo\u017ce my\u015ble\u0107, \u017ce znajdzie Duponta de Ligonn\u00e8sa dzi\u0119ki swoim obserwatorom?<\/strong><\/em>&nbsp;\u201d. Wyra\u017any wybuch gniewu\u2026 kt\u00f3ry podsumowa\u0142 og\u00f3lne zdenerwowanie.<\/p>\n","protected":false},"excerpt":{"rendered":"W podca\u015bcie&nbsp;\u201eTwarz\u0105 w twarz z s\u0119dzi\u0105 Gruwezem\u201d&nbsp;Jacques Pradel opowiedzia\u0142 o g\u0142\u0119boko poruszaj\u0105cym wydarzeniu ze swojego \u017cycia: dniu, w kt\u00f3rym starszy m\u0119\u017cczyzna rzuci\u0142 si\u0119 \n<a class=\"moretag\" href=\"https:\/\/swiat24.pl.ua\/?p=19883\"> [...]<\/a>","protected":false},"author":1,"featured_media":19884,"comment_status":"open","ping_status":"open","sticky":false,"template":"","format":"standard","meta":{"footnotes":""},"categories":[1],"tags":[],"class_list":["post-19883","post","type-post","status-publish","format-standard","has-post-thumbnail","hentry","category-blog"],"_links":{"self":[{"href":"https:\/\/swiat24.pl.ua\/index.php?rest_route=\/wp\/v2\/posts\/19883","targetHints":{"allow":["GET"]}}],"collection":[{"href":"https:\/\/swiat24.pl.ua\/index.php?rest_route=\/wp\/v2\/posts"}],"about":[{"href":"https:\/\/swiat24.pl.ua\/index.php?rest_route=\/wp\/v2\/types\/post"}],"author":[{"embeddable":true,"href":"https:\/\/swiat24.pl.ua\/index.php?rest_route=\/wp\/v2\/users\/1"}],"replies":[{"embeddable":true,"href":"https:\/\/swiat24.pl.ua\/index.php?rest_route=%2Fwp%2Fv2%2Fcomments&post=19883"}],"version-history":[{"count":1,"href":"https:\/\/swiat24.pl.ua\/index.php?rest_route=\/wp\/v2\/posts\/19883\/revisions"}],"predecessor-version":[{"id":19885,"href":"https:\/\/swiat24.pl.ua\/index.php?rest_route=\/wp\/v2\/posts\/19883\/revisions\/19885"}],"wp:featuredmedia":[{"embeddable":true,"href":"https:\/\/swiat24.pl.ua\/index.php?rest_route=\/wp\/v2\/media\/19884"}],"wp:attachment":[{"href":"https:\/\/swiat24.pl.ua\/index.php?rest_route=%2Fwp%2Fv2%2Fmedia&parent=19883"}],"wp:term":[{"taxonomy":"category","embeddable":true,"href":"https:\/\/swiat24.pl.ua\/index.php?rest_route=%2Fwp%2Fv2%2Fcategories&post=19883"},{"taxonomy":"post_tag","embeddable":true,"href":"https:\/\/swiat24.pl.ua\/index.php?rest_route=%2Fwp%2Fv2%2Ftags&post=19883"}],"curies":[{"name":"wp","href":"https:\/\/api.w.org\/{rel}","templated":true}]}}