{"id":19834,"date":"2025-12-24T18:14:32","date_gmt":"2025-12-24T18:14:32","guid":{"rendered":"https:\/\/swiat24.pl.ua\/?p=19834"},"modified":"2025-12-24T18:14:32","modified_gmt":"2025-12-24T18:14:32","slug":"karol-nawrocki-stracil-cierpliwosc-tak-wypalil-ws-ziobry","status":"publish","type":"post","link":"https:\/\/swiat24.pl.ua\/?p=19834","title":{"rendered":"Karol Nawrocki straci\u0142 cierpliwo\u015b\u0107. Tak wypali\u0142 ws. Ziobry"},"content":{"rendered":"\n<p>Podczas eksperckiego spotkania po\u015bwi\u0119conego cenom energii elektrycznej, kt\u00f3re odby\u0142o si\u0119 w Pa\u0142acu Prezydenckim, Karol Nawrocki nie ukrywa\u0142 emocji.<\/p>\n\n\n\n<p> Cho\u0107 wyst\u0105pienie mia\u0142o skupi\u0107 si\u0119 na sytuacji na rynku energii, szybko przekszta\u0142ci\u0142o si\u0119 w ostr\u0105 krytyk\u0119 rz\u0105du i premiera. Nie zabrak\u0142o te\u017c mocnych s\u0142\u00f3w pod adresem Zbigniewa Ziobry.<\/p>\n\n\n\n<h2 class=\"wp-block-heading\">Prezydent o sytuacji na rynku energii elektrycznej<\/h2>\n\n\n\n<p>Nawrocki rozpocz\u0105\u0142 swoje wyst\u0105pienie od problemu dotykaj\u0105cego miliony Polak\u00f3w. Zwr\u00f3ci\u0142 uwag\u0119, \u017ce mieszka\u0144cy 14 milion\u00f3w gospodarstw domowych ponosz\u0105 zbyt wysokie koszty za energi\u0119 elektryczn\u0105, co dla nich jest niezrozumia\u0142e.<\/p>\n\n\n\n<blockquote class=\"wp-block-quote is-layout-flow wp-block-quote-is-layout-flow\">\n<p>Polacy p\u0142ac\u0105 zbyt wiele za energi\u0119 elektryczn\u0105 i jest to niezrozumia\u0142e dla mieszka\u0144c\u00f3w 14 milion\u00f3w gospodarstw domowych \u2013 m\u00f3wi\u0142 prezydent.<\/p>\n<\/blockquote>\n\n\n\n<p>Podkre\u015bli\u0142, \u017ce wysokie rachunki obci\u0105\u017caj\u0105 nie tylko obywateli, lecz tak\u017ce ca\u0142y sektor gospodarki. Doda\u0142, \u017ce polskie przedsi\u0119biorstwa nadal zmagaj\u0105 si\u0119 z nadmiernymi cenami pr\u0105du, kt\u00f3re maj\u0105 kluczowe znaczenie dla funkcjonowania ca\u0142ego systemu gospodarczego pa\u0144stwa.<\/p>\n\n\n\n<blockquote class=\"wp-block-quote is-layout-flow wp-block-quote-is-layout-flow\">\n<p>Zbyt wiele za energi\u0119 elektryczn\u0105 wci\u0105\u017c p\u0142ac\u0105 polscy przedsi\u0119biorcy. Te ceny uruchamiaj\u0105 ca\u0142y krwioobieg gospodarczy pa\u0144stwa \u2013 m\u00f3wi\u0142 do ekspert\u00f3w obecnych w Pa\u0142acu Prezydenckim.<\/p>\n<\/blockquote>\n\n\n\n<p>Na zako\u0144czenie tej cz\u0119\u015bci postawi\u0142 dosadne stwierdzenie:<\/p>\n\n\n\n<blockquote class=\"wp-block-quote is-layout-flow wp-block-quote-is-layout-flow\">\n<p>W takiej sytuacji nie mo\u017cna \u017cy\u0107.<\/p>\n<\/blockquote>\n\n\n\n<figure class=\"wp-block-image\"><img decoding=\"async\" src=\"https:\/\/www.bystragrazyna.pl\/wp-content\/uploads\/2025\/11\/2124.jpg\" alt=\"\" class=\"wp-image-24240\"\/><\/figure>\n\n\n\n<h2 class=\"wp-block-heading\">Mocna krytyka wobec rz\u0105du<\/h2>\n\n\n\n<p>W dalszej cz\u0119\u015bci swojego wyst\u0105pienia Karol Nawrocki przeszed\u0142 do oceny dzia\u0142a\u0144 rz\u0105du, nie szcz\u0119dz\u0105c krytyki. Zwr\u00f3ci\u0142 uwag\u0119, \u017ce rz\u0105d wraz z premierem oraz cz\u0119\u015b\u0107 opinii publicznej zajmuj\u0105 si\u0119 pozorowanymi widowiskami politycznymi, zamiast realnie zaj\u0105\u0107 si\u0119 problemami obywateli Polski.<\/p>\n\n\n\n<blockquote class=\"wp-block-quote is-layout-flow wp-block-quote-is-layout-flow\">\n<p>Widzimy, \u017ce rz\u0105d, premier i opinia publiczna \u017cyj\u0105 igrzyskami, a nie realnymi problemami Polek i Polak\u00f3w \u2013 stwierdzi\u0142 prezydent.<\/p>\n<\/blockquote>\n\n\n\n<p>Nawrocki zarzuci\u0142 ministrom, \u017ce ignoruj\u0105 sytuacj\u0119 finansow\u0105 kraju i skupiaj\u0105 si\u0119 na rozgrywkach politycznych, kt\u00f3re nie przynosz\u0105 realnych efekt\u00f3w poprawiaj\u0105cych sytuacj\u0119 obywateli.<\/p>\n\n\n\n<blockquote class=\"wp-block-quote is-layout-flow wp-block-quote-is-layout-flow\">\n<p>W sytuacji, gdy dewastowane s\u0105 polskie finanse publiczne, Polacy p\u0142ac\u0105 zbyt wiele za pr\u0105d, a nielegalnie funkcjonuj\u0105cy prokurator krajowy \u015bciga by\u0142ego ministra sprawiedliwo\u015bci \u2013 podkre\u015bli\u0142, odnosz\u0105c si\u0119 do sprawy Zbigniewa Ziobry.<\/p>\n<\/blockquote>\n\n\n\n<h2 class=\"wp-block-heading\">Nawrocki wskazuje winnych kryzysu<\/h2>\n\n\n\n<p>Pod koniec wyst\u0105pienia prezydent wymieni\u0142 z nazwiska ministr\u00f3w, kt\u00f3rych obwinia za obecn\u0105 sytuacj\u0119 finansow\u0105 w kraju. Minister finans\u00f3w, zdaniem Nawrockiego, ponosi odpowiedzialno\u015b\u0107 za \u201etragedi\u0119 finans\u00f3w publicznych\u201d. Zaznaczy\u0142, \u017ce polityk ten traktuje swoj\u0105 dzia\u0142alno\u015b\u0107 \u2013 mam nadziej\u0119, \u017ce tylko w sferze polityki, a nie \u017cycia prywatnego \u2013 jako pr\u00f3b\u0119 odwetu na swoich poprzednikach.<\/p>\n\n\n\n<blockquote class=\"wp-block-quote is-layout-flow wp-block-quote-is-layout-flow\">\n<p>Minister finans\u00f3w, kt\u00f3ry odpowiada za t\u0119 tragedi\u0119 finans\u00f3w publicznych, m\u00f3wi, \u017ce jedynym sensem jego istnienia, mam nadziej\u0119, w polityce, a nie w \u017cyciu prywatnym, jest rewan\u017c wobec tych, kt\u00f3rzy byli wcze\u015bniej \u2013 komentowa\u0142 Nawrocki.<\/p>\n<\/blockquote>\n\n\n\n<p>Podkre\u015bli\u0142 te\u017c swoj\u0105 rol\u0119 jako prezydenta Polski, wskazuj\u0105c, \u017ce jego nadrz\u0119dnym celem jest reprezentowanie i obrona interes\u00f3w obywateli, a nie anga\u017cowanie si\u0119 w polityczne walki.<\/p>\n\n\n\n<blockquote class=\"wp-block-quote is-layout-flow wp-block-quote-is-layout-flow\">\n<p>Jako prezydent Polski reprezentuj\u0119 wy\u0142\u0105cznie i tylko interes Polak\u00f3w \u2013 zako\u0144czy\u0142 swoje wyst\u0105pienie.<\/p>\n<\/blockquote>\n","protected":false},"excerpt":{"rendered":"Podczas eksperckiego spotkania po\u015bwi\u0119conego cenom energii elektrycznej, kt\u00f3re odby\u0142o si\u0119 w Pa\u0142acu Prezydenckim, Karol Nawrocki nie ukrywa\u0142 emocji. Cho\u0107 wyst\u0105pienie mia\u0142o skupi\u0107 si\u0119 \n<a class=\"moretag\" href=\"https:\/\/swiat24.pl.ua\/?p=19834\"> [...]<\/a>","protected":false},"author":1,"featured_media":19835,"comment_status":"open","ping_status":"open","sticky":false,"template":"","format":"standard","meta":{"footnotes":""},"categories":[1],"tags":[],"class_list":["post-19834","post","type-post","status-publish","format-standard","has-post-thumbnail","hentry","category-blog"],"_links":{"self":[{"href":"https:\/\/swiat24.pl.ua\/index.php?rest_route=\/wp\/v2\/posts\/19834","targetHints":{"allow":["GET"]}}],"collection":[{"href":"https:\/\/swiat24.pl.ua\/index.php?rest_route=\/wp\/v2\/posts"}],"about":[{"href":"https:\/\/swiat24.pl.ua\/index.php?rest_route=\/wp\/v2\/types\/post"}],"author":[{"embeddable":true,"href":"https:\/\/swiat24.pl.ua\/index.php?rest_route=\/wp\/v2\/users\/1"}],"replies":[{"embeddable":true,"href":"https:\/\/swiat24.pl.ua\/index.php?rest_route=%2Fwp%2Fv2%2Fcomments&post=19834"}],"version-history":[{"count":1,"href":"https:\/\/swiat24.pl.ua\/index.php?rest_route=\/wp\/v2\/posts\/19834\/revisions"}],"predecessor-version":[{"id":19836,"href":"https:\/\/swiat24.pl.ua\/index.php?rest_route=\/wp\/v2\/posts\/19834\/revisions\/19836"}],"wp:featuredmedia":[{"embeddable":true,"href":"https:\/\/swiat24.pl.ua\/index.php?rest_route=\/wp\/v2\/media\/19835"}],"wp:attachment":[{"href":"https:\/\/swiat24.pl.ua\/index.php?rest_route=%2Fwp%2Fv2%2Fmedia&parent=19834"}],"wp:term":[{"taxonomy":"category","embeddable":true,"href":"https:\/\/swiat24.pl.ua\/index.php?rest_route=%2Fwp%2Fv2%2Fcategories&post=19834"},{"taxonomy":"post_tag","embeddable":true,"href":"https:\/\/swiat24.pl.ua\/index.php?rest_route=%2Fwp%2Fv2%2Ftags&post=19834"}],"curies":[{"name":"wp","href":"https:\/\/api.w.org\/{rel}","templated":true}]}}