{"id":19831,"date":"2025-12-24T17:17:32","date_gmt":"2025-12-24T17:17:32","guid":{"rendered":"https:\/\/swiat24.pl.ua\/?p=19831"},"modified":"2025-12-24T17:17:32","modified_gmt":"2025-12-24T17:17:32","slug":"doniesienia-o-ibiszu-okazaly-sie-prawda-to-juz-koniec","status":"publish","type":"post","link":"https:\/\/swiat24.pl.ua\/?p=19831","title":{"rendered":"Doniesienia o Ibiszu okaza\u0142y si\u0119 prawd\u0105. To ju\u017c koniec"},"content":{"rendered":"\n<p>Krzysztof Ibisz w ostatnich miesi\u0105cach nie mo\u017ce narzeka\u0107 na brak propozycji zawodowych, a formaty telewizyjne z jego udzia\u0142em ciesz\u0105 si\u0119 ogromn\u0105 popularno\u015bci\u0105. Mimo to, telewizyjna dyrekcja zdecydowa\u0142a si\u0119 na radykalne kroki wobec prezentera, zapowiadaj\u0105c znacz\u0105ce zmiany w jego karierze.<\/p>\n\n\n\n<h2 class=\"wp-block-heading\">Pe\u0142ne zaanga\u017cowanie Krzysztofa Ibisza w projekty<\/h2>\n\n\n\n<p>Nieprzerwanie obecny na ekranach, Krzysztof Ibisz realizuje si\u0119 jako prowadz\u0105cy wielu program\u00f3w. Wielu widz\u00f3w nie wyobra\u017ca sobie, \u017ce mog\u0142oby zabrakn\u0105\u0107 go w ulubionych produkcjach. Niedawno zdradzi\u0142 kulisy nagrywania nowych odcink\u00f3w kultowego teleturnieju&nbsp;<strong>\u201cAwantura o kas\u0119\u201d<\/strong>, kt\u00f3ry ju\u017c wkr\u00f3tce pojawi si\u0119 na antenie w \u015bwie\u017cej ods\u0142onie.<\/p>\n\n\n\n<p>Ostatnio Ibisz poprowadzi\u0142 tak\u017ce&nbsp;<strong>Top of the Top Sopot Festival<\/strong>&nbsp;\u2013 jeden z najwa\u017cniejszych festiwali muzycznych w Polsce. Opr\u00f3cz tego, regularnie pe\u0142ni funkcj\u0119 gospodarza program\u00f3w takich jak&nbsp;<strong>\u201cHalo tu Polsat\u201d<\/strong>&nbsp;i&nbsp;<strong>\u201cTaniec z Gwiazdami\u201d<\/strong>. Wydaje si\u0119, \u017ce jego kariera rozwija si\u0119 z ka\u017cdym rokiem coraz pr\u0119\u017cniej.<\/p>\n\n\n\n<figure class=\"wp-block-image\"><img decoding=\"async\" src=\"https:\/\/www.cenneinfo.pl\/wp-content\/uploads\/2025\/10\/1979.jpg\" alt=\"\" class=\"wp-image-18556\"\/><\/figure>\n\n\n\n<h2 class=\"wp-block-heading\">Niepokoj\u0105ce sygna\u0142y wok\u00f3\u0142 \u017cycia prywatnego i zawodowego<\/h2>\n\n\n\n<p>W mediach zacz\u0119\u0142y jednak pojawia\u0107 si\u0119 alarmuj\u0105ce doniesienia dotycz\u0105ce gwiazdora, co zacz\u0119\u0142o niepokoi\u0107 jego fan\u00f3w. Kilka tygodni temu zauwa\u017cono zmian\u0119 nazwiska \u017cony Krzysztofa \u2013 Joanny Kudzbalskiej, z kt\u00f3r\u0105 jest zwi\u0105zany od 2021 roku. To wywo\u0142a\u0142o liczne spekulacje na temat ewentualnego kryzysu w ich ma\u0142\u017ce\u0144stwie.<\/p>\n\n\n\n<p>Ibisz jest ojcem dw\u00f3jki syn\u00f3w z poprzednich zwi\u0105zk\u00f3w, a z Joann\u0105 wychowuj\u0105 dw\u00f3jk\u0119 dzieci. Prezentera spotka\u0142y pytania dotycz\u0105ce zmiany nazwiska \u017cony w mediach spo\u0142eczno\u015bciowych, co skomentowa\u0142 sam Ibisz:<\/p>\n\n\n\n<blockquote class=\"wp-block-quote is-layout-flow wp-block-quote-is-layout-flow\">\n<p>Asia ostatnie lata po\u015bwi\u0119ci\u0142a przede wszystkim na realizowanie si\u0119 jako mama. Ten pi\u0119kny czas i opieka nad naszymi dzie\u0107mi nie wyczerpuj\u0105 jednak jej ambicji. Ju\u017c wkr\u00f3tce chce wr\u00f3ci\u0107 do pracy na wi\u0119kszych obrotach, czemu mocno kibicuj\u0119 i trzymam za to kciuki. Asia chce budowa\u0107 swoj\u0105 zawodow\u0105 mark\u0119 na w\u0142asnych zasadach i pod w\u0142asnym nazwiskiem, by unikn\u0105\u0107 niesprawiedliwych ocen czy komentarzy. St\u0105d te zmiany na Instagramie \u2014 wyja\u015bni\u0142 Pudelkowi Ibisz.<\/p>\n<\/blockquote>\n\n\n\n<p>Te doniesienia to jednak tylko pocz\u0105tek zaskakuj\u0105cych wiadomo\u015bci dla mi\u0142o\u015bnik\u00f3w prowadz\u0105cego.<\/p>\n\n\n\n<h2 class=\"wp-block-heading\">Zmiany w porannym programie \u201eHalo tu Polsat\u201d?<\/h2>\n\n\n\n<p>Widzowie \u015bniadaniowego formatu&nbsp;<strong>\u201cHalo tu Polsat\u201d<\/strong>&nbsp;od pewnego czasu mogli zobaczy\u0107 Krzysztofa Ibisza i Paulin\u0119 Sykut-Je\u017cyn\u0119 jako prowadz\u0105cych, kt\u00f3rych darz\u0105 sympati\u0105 i uto\u017csamiaj\u0105 ze stacj\u0105 Polsat. Niestety, coraz cz\u0119\u015bciej pojawiaj\u0105 si\u0119 przes\u0142anki, \u017ce duet ten niebawem zniknie z ram\u00f3wki.<\/p>\n\n\n\n<blockquote class=\"wp-block-quote is-layout-flow wp-block-quote-is-layout-flow\">\n<p>Przygotowania do programu trwaj\u0105 d\u0142ugo. Krzysztof jest zaj\u0119ty innymi produkcjami. Trudno mu to pogodzi\u0107. A chcia\u0142by te\u017c sp\u0119dza\u0107 czas z rodzin\u0105 \u2014 zdradzi\u0142 informator \u201cSuper Expressu\u201d.<\/p>\n<\/blockquote>\n\n\n\n<p>Co wi\u0119cej, od jakiego\u015b czasu kr\u0105\u017c\u0105 pog\u0142oski o wielkim powrocie&nbsp;<strong>Idy Nowakowskiej<\/strong>&nbsp;do Polsatu, tym razem jako prowadz\u0105cej \u015bniadaniowy program. Wed\u0142ug doniesie\u0144 prasowych jej partnerem mia\u0142by zosta\u0107&nbsp;<strong>Tomasz Wolny<\/strong>, z kt\u00f3rym wcze\u015bniej prowadzi\u0142a&nbsp;<em>\u201cPytanie na \u015aniadanie\u201d<\/em>. W efekcie to Paulina Sykut-Je\u017cyna prawdopodobnie b\u0119dzie musia\u0142a po\u017cegna\u0107 si\u0119 z programem.<\/p>\n\n\n\n<figure class=\"wp-block-image\"><img decoding=\"async\" src=\"https:\/\/images.iberion.media\/images\/origin\/KAPIF_1000pix_K1400123_F_1db1fd953c.jpg\" alt=\"Krzysztof Ibisz i Paulina Sykut-Je\u017cyna\"\/><figcaption class=\"wp-element-caption\">Krzysztof Ibisz i Paulina Sykut-Je\u017cyna, fot. KAPiF<\/figcaption><\/figure>\n","protected":false},"excerpt":{"rendered":"Krzysztof Ibisz w ostatnich miesi\u0105cach nie mo\u017ce narzeka\u0107 na brak propozycji zawodowych, a formaty telewizyjne z jego udzia\u0142em ciesz\u0105 si\u0119 ogromn\u0105 popularno\u015bci\u0105. Mimo \n<a class=\"moretag\" href=\"https:\/\/swiat24.pl.ua\/?p=19831\"> [...]<\/a>","protected":false},"author":1,"featured_media":19832,"comment_status":"open","ping_status":"open","sticky":false,"template":"","format":"standard","meta":{"footnotes":""},"categories":[1],"tags":[],"class_list":["post-19831","post","type-post","status-publish","format-standard","has-post-thumbnail","hentry","category-blog"],"_links":{"self":[{"href":"https:\/\/swiat24.pl.ua\/index.php?rest_route=\/wp\/v2\/posts\/19831","targetHints":{"allow":["GET"]}}],"collection":[{"href":"https:\/\/swiat24.pl.ua\/index.php?rest_route=\/wp\/v2\/posts"}],"about":[{"href":"https:\/\/swiat24.pl.ua\/index.php?rest_route=\/wp\/v2\/types\/post"}],"author":[{"embeddable":true,"href":"https:\/\/swiat24.pl.ua\/index.php?rest_route=\/wp\/v2\/users\/1"}],"replies":[{"embeddable":true,"href":"https:\/\/swiat24.pl.ua\/index.php?rest_route=%2Fwp%2Fv2%2Fcomments&post=19831"}],"version-history":[{"count":1,"href":"https:\/\/swiat24.pl.ua\/index.php?rest_route=\/wp\/v2\/posts\/19831\/revisions"}],"predecessor-version":[{"id":19833,"href":"https:\/\/swiat24.pl.ua\/index.php?rest_route=\/wp\/v2\/posts\/19831\/revisions\/19833"}],"wp:featuredmedia":[{"embeddable":true,"href":"https:\/\/swiat24.pl.ua\/index.php?rest_route=\/wp\/v2\/media\/19832"}],"wp:attachment":[{"href":"https:\/\/swiat24.pl.ua\/index.php?rest_route=%2Fwp%2Fv2%2Fmedia&parent=19831"}],"wp:term":[{"taxonomy":"category","embeddable":true,"href":"https:\/\/swiat24.pl.ua\/index.php?rest_route=%2Fwp%2Fv2%2Fcategories&post=19831"},{"taxonomy":"post_tag","embeddable":true,"href":"https:\/\/swiat24.pl.ua\/index.php?rest_route=%2Fwp%2Fv2%2Ftags&post=19831"}],"curies":[{"name":"wp","href":"https:\/\/api.w.org\/{rel}","templated":true}]}}