{"id":19773,"date":"2025-12-23T13:56:30","date_gmt":"2025-12-23T13:56:30","guid":{"rendered":"https:\/\/swiat24.pl.ua\/?p=19773"},"modified":"2025-12-23T13:56:30","modified_gmt":"2025-12-23T13:56:30","slug":"donald-tusk-udal-sie-na-granice-zdobyl-sie-na-wyjatkowy-gest","status":"publish","type":"post","link":"https:\/\/swiat24.pl.ua\/?p=19773","title":{"rendered":"Donald Tusk uda\u0142 si\u0119 na granic\u0119. Zdoby\u0142 si\u0119 na wyj\u0105tkowy gest"},"content":{"rendered":"\n<p>W przededniu \u015awi\u0105t Bo\u017cego Narodzenia premier Donald Tusk opublikowa\u0142 na platformie X nagranie ze swojej wizyty u funkcjonariuszy i \u017co\u0142nierzy strzeg\u0105cych polskiej granicy. <\/p>\n\n\n\n<p>Cho\u0107 wpis mia\u0142 charakter koncyliacyjny i skupia\u0142 si\u0119 na podzi\u0119kowaniach za s\u0142u\u017cb\u0119, wywo\u0142a\u0142 on lawin\u0119 skrajnych reakcji internaut\u00f3w.<\/p>\n\n\n\n<p> Materia\u0142 wideo, na kt\u00f3rym szef rz\u0105du dzieli si\u0119 op\u0142atkiem z mundurowymi, sta\u0142 si\u0119 punktem wyj\u015bcia do ostrej debaty o wiarygodno\u015bci politycznej i historii konfliktu granicznego.<\/p>\n\n\n\n<p>Premier dzi\u0119kuje za \u201edobrze strze\u017con\u0105 granic\u0119\u201d<br>Powr\u00f3t dawnych spor\u00f3w w komentarzach<br>Ci\u0119\u017ckie zarzuty pod adresem szefa rz\u0105du<br>\u015awi\u0105teczne \u017cyczenia w cieniu polaryzacji<br>Premier dzi\u0119kuje za \u201edobrze strze\u017con\u0105 granic\u0119\u201d<br>W opublikowanym wideo Donald Tusk z\u0142o\u017cy\u0142 \u017co\u0142nierzom \u017cyczenia zdrowia i si\u0142y, podkre\u015blaj\u0105c wag\u0119 ich pracy dla poczucia bezpiecze\u0144stwa wszystkich Polak\u00f3w. <\/p>\n\n\n\n<p>Podczas spotkania premier bezpo\u015brednio dzi\u0119kowa\u0142 mundurowym za wytrwa\u0142o\u015b\u0107 w wymagaj\u0105cych warunkach, deklaruj\u0105c, \u017ce \u015bwiadomo\u015b\u0107 \u201ebardzo dobrze strze\u017conej granicy\u201d pozwala obywatelom spokojnie sp\u0119dzi\u0107 nadchodz\u0105ce \u015bwi\u0119ta. Przekaz ten, utrzymany w podnios\u0142ym i patriotycznym tonie, mia\u0142 na celu zademonstrowanie jedno\u015bci rz\u0105du z formacjami zbrojnymi w kluczowym dla kraju punkcie zapalnym.<br><\/p>\n\n\n\n<blockquote class=\"twitter-tweet\" data-media-max-width=\"560\"><p lang=\"pl\" dir=\"ltr\">Zdrowych i bezpiecznych \u015bwi\u0105t na granicy   <a href=\"https:\/\/t.co\/NbwRNw5hpZ\">pic.twitter.com\/NbwRNw5hpZ<\/a><\/p>&mdash; Donald Tusk (@donaldtusk) <a href=\"https:\/\/twitter.com\/donaldtusk\/status\/2003431089688502319?ref_src=twsrc%5Etfw\">December 23, 2025<\/a><\/blockquote> <script async src=\"https:\/\/platform.twitter.com\/widgets.js\" charset=\"utf-8\"><\/script>\n\n\n\n<p><\/p>\n","protected":false},"excerpt":{"rendered":"W przededniu \u015awi\u0105t Bo\u017cego Narodzenia premier Donald Tusk opublikowa\u0142 na platformie X nagranie ze swojej wizyty u funkcjonariuszy i \u017co\u0142nierzy strzeg\u0105cych polskiej granicy. \n<a class=\"moretag\" href=\"https:\/\/swiat24.pl.ua\/?p=19773\"> [...]<\/a>","protected":false},"author":1,"featured_media":19774,"comment_status":"open","ping_status":"open","sticky":false,"template":"","format":"standard","meta":{"footnotes":""},"categories":[1],"tags":[],"class_list":["post-19773","post","type-post","status-publish","format-standard","has-post-thumbnail","hentry","category-blog"],"_links":{"self":[{"href":"https:\/\/swiat24.pl.ua\/index.php?rest_route=\/wp\/v2\/posts\/19773","targetHints":{"allow":["GET"]}}],"collection":[{"href":"https:\/\/swiat24.pl.ua\/index.php?rest_route=\/wp\/v2\/posts"}],"about":[{"href":"https:\/\/swiat24.pl.ua\/index.php?rest_route=\/wp\/v2\/types\/post"}],"author":[{"embeddable":true,"href":"https:\/\/swiat24.pl.ua\/index.php?rest_route=\/wp\/v2\/users\/1"}],"replies":[{"embeddable":true,"href":"https:\/\/swiat24.pl.ua\/index.php?rest_route=%2Fwp%2Fv2%2Fcomments&post=19773"}],"version-history":[{"count":1,"href":"https:\/\/swiat24.pl.ua\/index.php?rest_route=\/wp\/v2\/posts\/19773\/revisions"}],"predecessor-version":[{"id":19775,"href":"https:\/\/swiat24.pl.ua\/index.php?rest_route=\/wp\/v2\/posts\/19773\/revisions\/19775"}],"wp:featuredmedia":[{"embeddable":true,"href":"https:\/\/swiat24.pl.ua\/index.php?rest_route=\/wp\/v2\/media\/19774"}],"wp:attachment":[{"href":"https:\/\/swiat24.pl.ua\/index.php?rest_route=%2Fwp%2Fv2%2Fmedia&parent=19773"}],"wp:term":[{"taxonomy":"category","embeddable":true,"href":"https:\/\/swiat24.pl.ua\/index.php?rest_route=%2Fwp%2Fv2%2Fcategories&post=19773"},{"taxonomy":"post_tag","embeddable":true,"href":"https:\/\/swiat24.pl.ua\/index.php?rest_route=%2Fwp%2Fv2%2Ftags&post=19773"}],"curies":[{"name":"wp","href":"https:\/\/api.w.org\/{rel}","templated":true}]}}