{"id":19767,"date":"2025-12-23T12:34:17","date_gmt":"2025-12-23T12:34:17","guid":{"rendered":"https:\/\/swiat24.pl.ua\/?p=19767"},"modified":"2025-12-23T12:34:17","modified_gmt":"2025-12-23T12:34:17","slug":"tragedia-w-kopalni-pniowek-karol-nawrocki-zabral-glos-w-sprawie","status":"publish","type":"post","link":"https:\/\/swiat24.pl.ua\/?p=19767","title":{"rendered":"Tragedia w kopalni Pni\u00f3wek. Karol Nawrocki zabra\u0142 g\u0142os w sprawie"},"content":{"rendered":"\n<p>Tu\u017c przed Wigili\u0105 Polsk\u0119 wstrz\u0105sn\u0119\u0142y tragiczne wiadomo\u015bci p\u0142yn\u0105ce z Kopalni W\u0119gla Kamiennego \u201ePni\u00f3wek\u201d w Paw\u0142owicach. <\/p>\n\n\n\n<p>Prezydent Karol Nawrocki za po\u015brednictwem medi\u00f3w spo\u0142eczno\u015bciowych przekaza\u0142 oficjalne kondolencje, informuj\u0105c o \u015bmierci dw\u00f3ch g\u00f3rnik\u00f3w. <\/p>\n\n\n\n<p>Wczesnym rankiem 23 grudnia 2025 roku jego wpis sta\u0142 si\u0119 g\u0142\u00f3wnym \u017ar\u00f3d\u0142em informacji o dramatycznym zako\u0144czeniu nocnej akcji ratowniczej, kt\u00f3re rzuci\u0142o cie\u0144 na nadchodz\u0105ce \u015bwi\u0119ta Bo\u017cego Narodzenia.<\/p>\n\n\n\n<ul class=\"wp-block-list\">\n<li>Tragiczny wypadek na g\u0142\u0119boko\u015bci 830 metr\u00f3w<\/li>\n\n\n\n<li>Prezydent Nawrocki \u0142\u0105czy si\u0119 w b\u00f3lu i modlitwie<\/li>\n\n\n\n<li>Ofiary to do\u015bwiadczeni pracownicy kopalni<\/li>\n\n\n\n<li>Wigilia sp\u0119dzona w cieniu czarnego z\u0142ota<\/li>\n<\/ul>\n\n\n\n<h2 class=\"wp-block-heading\">Tragiczny wypadek na g\u0142\u0119boko\u015bci 830 metr\u00f3w<\/h2>\n\n\n\n<p>Do wypadku dosz\u0142o wieczorem, 22 grudnia, oko\u0142o godziny 17:10, w przodku N-9 na g\u0142\u0119boko\u015bci 830 metr\u00f3w pod ziemi\u0105. Niespodziewany i gwa\u0142towny wybuch metanu wraz z mas\u0105 skaln\u0105 zagrozi\u0142 \u017cyciu dziesi\u0119ciu pracuj\u0105cych tam g\u00f3rnik\u00f3w. O\u015bmiu z nich, dzi\u0119ki szybkiej ewakuacji wywo\u0142anej alarmem czujnik\u00f3w gazu, bezpiecze\u0144stwo osi\u0105gn\u0119\u0142o na powierzchni. Niestety, dw\u00f3ch pracownik\u00f3w straci\u0142o kontakt z zespo\u0142em, co natychmiast uruchomi\u0142o wielogodzinn\u0105 i dramatyczn\u0105 akcj\u0119 poszukiwawcz\u0105, prowadzon\u0105 przez ratownik\u00f3w z Centralnej Stacji Ratownictwa G\u00f3rniczego.<\/p>\n\n\n\n<figure class=\"wp-block-image\"><img decoding=\"async\" src=\"https:\/\/www.cenneinfo.pl\/wp-content\/uploads\/2025\/12\/2502.jpg\" alt=\"\" class=\"wp-image-19044\"\/><\/figure>\n\n\n\n<h2 class=\"wp-block-heading\">Prezydent Nawrocki \u0142\u0105czy si\u0119 w b\u00f3lu i modlitwie<\/h2>\n\n\n\n<p>Ostateczne potwierdzenie najgorszego scenariusza przysz\u0142o nast\u0119pnego ranka, gdy o tragedii m\u00f3wi\u0142 Karol Nawrocki. O godz. 6:58 opublikowa\u0142 na swoim profilu w serwisie X emocjonalny wpis, w kt\u00f3rym wyrazi\u0142 g\u0142\u0119boki \u017cal z powodu \u015bmierci g\u00f3rnik\u00f3w i zaznaczy\u0142, \u017ce w tych trudnych chwilach&nbsp;<em>\u201e\u0142\u0105czy si\u0119 w b\u00f3lu i modlitwie z rodzinami oraz bliskimi zmar\u0142ych\u201d<\/em>. S\u0142owa te wznios\u0142y tragedi\u0119 do rangi narodowej \u017ca\u0142oby w przededniu \u015bwi\u0105t.<\/p>\n\n\n\n<blockquote class=\"wp-block-quote is-layout-flow wp-block-quote-is-layout-flow\">\n<p>Z ogromnym smutkiem przyj\u0105\u0142em informacj\u0119 o tragicznej \u015bmierci dw\u00f3ch g\u00f3rnik\u00f3w z Kopalni Pni\u00f3wek.<br>Sk\u0142adaj\u0105c wyrazy najszczerszego wsp\u00f3\u0142czucia \u0142\u0105cz\u0119 si\u0119 w b\u00f3lu i modlitwie z Rodzinami oraz Bliskimi zmar\u0142ych.<\/p>\n\n\n\n<p>\u2014 Karol Nawrocki (@NawrockiKn)&nbsp;<a href=\"https:\/\/twitter.com\/NawrockiKn\/status\/2003344355579531759?ref_src=twsrc%5Etfw\">23 grudnia 2025<\/a><\/p>\n<\/blockquote>\n\n\n\n<h2 class=\"wp-block-heading\">Do\u015bwiadczeni pracownicy kopalni ofiarami tragedii<\/h2>\n\n\n\n<p>Ofiary by\u0142y kluczowymi postaciami w\u015br\u00f3d za\u0142ogi Jastrz\u0119bskiej Sp\u00f3\u0142ki W\u0119glowej. Informacje przekazane przez TVP Katowice wskazuj\u0105, \u017ce zmarli to m\u0119\u017cczy\u017ani w wieku 40 i 41 lat z kilkunastoletnim sta\u017cem pracy pod ziemi\u0105. Doskonale znali specyfik\u0119 zagro\u017ce\u0144 zwi\u0105zanych z metanem; jeden z nich pe\u0142ni\u0142 nawet odpowiedzialn\u0105 funkcj\u0119 operatora kombajnu chodnikowego. Wiceprezes JSW Adam Rozmus przekaza\u0142, \u017ce rodziny zosta\u0142y ju\u017c poinformowane o odnalezieniu cia\u0142 i obj\u0119te natychmiastow\u0105 pomoc\u0105 psychologiczn\u0105 oraz wsparciem materialnym, by cho\u0107 w niewielkim stopniu \u0142agodzi\u0107 b\u00f3l po tej nag\u0142ej stracie.<\/p>\n\n\n\n<h2 class=\"wp-block-heading\">Wigilia sp\u0119dzona w cieniu czarnego z\u0142ota<\/h2>\n\n\n\n<p>Wydarzenia te nabieraj\u0105 szczeg\u00f3lnego znaczenia ze wzgl\u0119du na por\u0119 roku \u2013 dzie\u0144 przed Wigili\u0105 Bo\u017cego Narodzenia. Wiadomo\u015b\u0107 o \u015bmierci dw\u00f3ch g\u00f3rnik\u00f3w zburzy\u0142a radosn\u0105 atmosfer\u0119 oczekiwania, przynosz\u0105c \u017cal i pustk\u0119 dla ich rodzin. Tragiczny wypadek przypomina jednocze\u015bnie o cenie, jak\u0105 codziennie p\u0142ac\u0105 g\u00f3rnicy za swoj\u0105 ci\u0119\u017ck\u0105 i niebezpieczn\u0105 prac\u0119. Dla najbli\u017cszych zmar\u0142ych tegoroczne \u015bwi\u0119ta b\u0119d\u0105 pe\u0142ne \u017ca\u0142oby i pami\u0119ci o tych, kt\u00f3rzy ju\u017c nie wr\u00f3cili na powierzchni\u0119.<\/p>\n","protected":false},"excerpt":{"rendered":"Tu\u017c przed Wigili\u0105 Polsk\u0119 wstrz\u0105sn\u0119\u0142y tragiczne wiadomo\u015bci p\u0142yn\u0105ce z Kopalni W\u0119gla Kamiennego \u201ePni\u00f3wek\u201d w Paw\u0142owicach. Prezydent Karol Nawrocki za po\u015brednictwem medi\u00f3w spo\u0142eczno\u015bciowych przekaza\u0142 \n<a class=\"moretag\" href=\"https:\/\/swiat24.pl.ua\/?p=19767\"> [...]<\/a>","protected":false},"author":1,"featured_media":19768,"comment_status":"open","ping_status":"open","sticky":false,"template":"","format":"standard","meta":{"footnotes":""},"categories":[1],"tags":[],"class_list":["post-19767","post","type-post","status-publish","format-standard","has-post-thumbnail","hentry","category-blog"],"_links":{"self":[{"href":"https:\/\/swiat24.pl.ua\/index.php?rest_route=\/wp\/v2\/posts\/19767","targetHints":{"allow":["GET"]}}],"collection":[{"href":"https:\/\/swiat24.pl.ua\/index.php?rest_route=\/wp\/v2\/posts"}],"about":[{"href":"https:\/\/swiat24.pl.ua\/index.php?rest_route=\/wp\/v2\/types\/post"}],"author":[{"embeddable":true,"href":"https:\/\/swiat24.pl.ua\/index.php?rest_route=\/wp\/v2\/users\/1"}],"replies":[{"embeddable":true,"href":"https:\/\/swiat24.pl.ua\/index.php?rest_route=%2Fwp%2Fv2%2Fcomments&post=19767"}],"version-history":[{"count":1,"href":"https:\/\/swiat24.pl.ua\/index.php?rest_route=\/wp\/v2\/posts\/19767\/revisions"}],"predecessor-version":[{"id":19769,"href":"https:\/\/swiat24.pl.ua\/index.php?rest_route=\/wp\/v2\/posts\/19767\/revisions\/19769"}],"wp:featuredmedia":[{"embeddable":true,"href":"https:\/\/swiat24.pl.ua\/index.php?rest_route=\/wp\/v2\/media\/19768"}],"wp:attachment":[{"href":"https:\/\/swiat24.pl.ua\/index.php?rest_route=%2Fwp%2Fv2%2Fmedia&parent=19767"}],"wp:term":[{"taxonomy":"category","embeddable":true,"href":"https:\/\/swiat24.pl.ua\/index.php?rest_route=%2Fwp%2Fv2%2Fcategories&post=19767"},{"taxonomy":"post_tag","embeddable":true,"href":"https:\/\/swiat24.pl.ua\/index.php?rest_route=%2Fwp%2Fv2%2Ftags&post=19767"}],"curies":[{"name":"wp","href":"https:\/\/api.w.org\/{rel}","templated":true}]}}