{"id":19738,"date":"2025-12-22T17:56:21","date_gmt":"2025-12-22T17:56:21","guid":{"rendered":"https:\/\/swiat24.pl.ua\/?p=19738"},"modified":"2025-12-22T17:56:21","modified_gmt":"2025-12-22T17:56:21","slug":"wezwany-do-wypadku-drogowego-strazak-dowiaduje-sie-ze-wsrod-ofiar-jest-jego-syn","status":"publish","type":"post","link":"https:\/\/swiat24.pl.ua\/?p=19738","title":{"rendered":"Wezwany do wypadku drogowego stra\u017cak dowiaduje si\u0119, \u017ce w\u015br\u00f3d ofiar jest jego syn"},"content":{"rendered":"\n<p>W nocy 6 listopada Sardyni\u0119 dotkn\u0105\u0142 powa\u017cny wypadek drogowy.<\/p>\n\n\n\n<p>Na kr\u0119tej drodze zderzy\u0142o si\u0119 kilka pojazd\u00f3w, co doprowadzi\u0142o do tragicznego fina\u0142u.<\/p>\n\n\n\n<p>W\u015br\u00f3d ofiar \u015bmiertelnych by\u0142 25-letni m\u0119\u017cczyzna. Ten m\u0142ody m\u0119\u017cczyzna nie by\u0142 nikomu nieznany: by\u0142 synem&nbsp;<strong>stra\u017caka<\/strong>&nbsp;, kt\u00f3ry zosta\u0142 wezwany na miejsce zdarzenia.<\/p>\n\n\n\n<p>Los zada\u0142 niewyobra\u017calne okrucie\u0144stwo. Ojciec, reaguj\u0105c na wypadek, odkry\u0142, \u017ce w\u015br\u00f3d ofiar jest jego syn. Koledzy i bliscy opisali moment&nbsp;<strong>absolutnego szoku<\/strong>&nbsp;, mieszanin\u0119 \u017calu i niedowierzania.<\/p>\n\n\n\n<p>Widok by\u0142 poruszaj\u0105cy, z uszkodzonymi pojazdami i na miejscu pojawi\u0142y si\u0119 s\u0142u\u017cby ratunkowe.<\/p>\n\n\n\n<h2 class=\"wp-block-heading\" id=\"toc-title-1\">Tragiczny wypadek na Sardynii<\/h2>\n\n\n\n<p>S\u0142u\u017cby ratunkowe zareagowa\u0142y b\u0142yskawicznie. Ratownicy medyczni i stra\u017cacy zrobili wszystko, co w ich mocy, aby uratowa\u0107 rannych i zabezpieczy\u0107 teren. Liczy\u0142a si\u0119 ka\u017cda sekunda, aby ograniczy\u0107 konsekwencje. Ta tragedia dobitnie przypomina, \u017ce \u200b\u200bdroga jest bezlitosna i \u017ce jedna chwila mo\u017ce zmieni\u0107 \u017cycie na zawsze.<\/p>\n\n\n\n<p>Lokalna spo\u0142eczno\u015b\u0107 wyrazi\u0142a wsparcie rodzinie i ekipom ratunkowym. Mieszka\u0144cy zostawili kwiaty i listy, aby wyrazi\u0107&nbsp;<strong>solidarno\u015b\u0107 w obliczu tragedii<\/strong>&nbsp;. Strata m\u0142odego m\u0119\u017cczyzny w takich okoliczno\u015bciach pozostawia g\u0142\u0119bok\u0105 pustk\u0119 w sercach tych, kt\u00f3rzy go kochali.<\/p>\n\n\n\n<p>Ojciec, od lat oddany stra\u017cak, staje przed osobistym wyzwaniem, kt\u00f3rego ma\u0142o kto by sobie wyobrazi\u0142. Jego powo\u0142anie zaprowadzi\u0142o go na miejsce zdarzenia, by ratowa\u0107 ludzkie \u017cycie, a jednak odkry\u0142, \u017ce w\u015br\u00f3d ofiar jest jego&nbsp;<strong>w\u0142asna krew<\/strong>&nbsp;. Ta konfrontacja z rzeczywisto\u015bci\u0105 jest druzgoc\u0105ca i ukazuje niekiedy okrutn\u0105 stron\u0119 \u017cycia.<\/p>\n\n\n\n<p>Po wypadku lokalne w\u0142adze wszcz\u0119\u0142y dochodzenie w celu ustalenia dok\u0142adnych przyczyn kolizji. Wst\u0119pne raporty wskazuj\u0105 na po\u0142\u0105czenie nadmiernej pr\u0119dko\u015bci i trudnych warunk\u00f3w drogowych. Rodziny ofiar oczekuj\u0105 teraz na odpowiedzi, aby zrozumie\u0107, co si\u0119 sta\u0142o.<\/p>\n\n\n\n<h2 class=\"wp-block-heading\" id=\"toc-title-2\">Spo\u0142eczno\u015b\u0107 naznaczona \u017ca\u0142ob\u0105<\/h2>\n\n\n\n<p>\u017bal rodziny jest ogromny. Ojciec, wspierany przez koleg\u00f3w i przyjaci\u00f3\u0142, stara si\u0119 otrz\u0105sn\u0105\u0107 z szoku. Obecno\u015b\u0107 spo\u0142eczno\u015bci staje si\u0119&nbsp;<strong>nieodzownym filarem<\/strong>&nbsp;w tym trudnym czasie. Wszyscy staraj\u0105 si\u0119 pociesza\u0107 i dzieli\u0107 ci\u0119\u017car ich smutku.<\/p>\n\n\n\n<p>W\u0142oskie media donosz\u0105 o tym wypadku jako o szokuj\u0105cym wydarzeniu. Zdj\u0119cia z miejsca zdarzenia pokazuj\u0105 uszkodzone samochody i w\u0105sk\u0105 drog\u0119. Tragedia ta dobitnie przypomina o bezbronno\u015bci kierowc\u00f3w i znaczeniu czujno\u015bci. Ka\u017cdy wypadek uwypukla ci\u0105g\u0142e ryzyko na drogach, nawet dla s\u0142u\u017cb ratunkowych.<\/p>\n\n\n\n<p>Psychologowie podkre\u015blaj\u0105 potrzeb\u0119 wsparcia dla ojca i jego rodziny. Do\u015bwiadczanie takiego szoku, b\u0119d\u0105c jednocze\u015bnie \u015bwiadkiem tragedii i rodzicem, powoduje znaczny stres emocjonalny. Wsparcie psychologiczne staje si\u0119&nbsp;<strong>kluczowe<\/strong>&nbsp;w radzeniu sobie z tym okresem b\u00f3lu i straty.<\/p>\n\n\n\n<p>Koledzy stra\u017caka opisuj\u0105 solidarno\u015b\u0107 panuj\u0105c\u0105 w zespo\u0142ach ratowniczych. Interwencje staj\u0105 si\u0119 trudniejsze, gdy dotycz\u0105 osobi\u015bcie ratownik\u00f3w. Jednak sp\u00f3jno\u015b\u0107 i wzajemne wsparcie pozwalaj\u0105 im kontynuowa\u0107 prac\u0119, pomimo obci\u0105\u017cenia emocjonalnego.<\/p>\n\n\n\n<h2 class=\"wp-block-heading\" id=\"toc-title-3\">Ta tragedia uwypukla r\u00f3wnie\u017c krucho\u015b\u0107 \u017cycia.<\/h2>\n\n\n\n<p>Rodzina i przyjaciele przypominaj\u0105 wszystkim, \u017ce liczy si\u0119 ka\u017cda chwila i \u017ce ostro\u017cno\u015b\u0107 na drodze mo\u017ce uratowa\u0107 \u017cycie. \u015amier\u0107 tego m\u0142odego m\u0119\u017cczyzny jest dobitnym&nbsp;<strong>przypomnieniem o potrzebie zachowania czujno\u015bci<\/strong>&nbsp;, nie tylko przez kierowc\u00f3w, ale i przez ca\u0142e spo\u0142ecze\u0144stwo.<\/p>\n\n\n\n<p>Ca\u0142e W\u0142ochy, a w szczeg\u00f3lno\u015bci Sardynia, odczuwaj\u0105 skutki tego wypadku. Nap\u0142ywaj\u0105 kondolencje, a wszyscy zastanawiaj\u0105 si\u0119 nad warto\u015bci\u0105 \u017cycia i potrzeb\u0105 ochrony bliskich. Ojciec, stra\u017cak i ofiara jednocze\u015bnie, uosabia tragedi\u0119 tych, kt\u00f3rzy walcz\u0105 o ratowanie innych, trac\u0105c to, co kochaj\u0105 najbardziej.<\/p>\n\n\n\n<p>Pomimo b\u00f3lu, wsparcie spo\u0142eczno\u015bci i dalszej rodziny daje promyk nadziei. Proste gesty, s\u0142owa otuchy i sta\u0142a obecno\u015b\u0107 pozwalaj\u0105 przetrwa\u0107 \u017ca\u0142ob\u0119 z odrobin\u0105 si\u0142y i godno\u015bci. Solidarno\u015b\u0107 staje si\u0119&nbsp;<strong>\u015bwiat\u0142em w ciemno\u015bci<\/strong>&nbsp;, pozwalaj\u0105c zachowa\u0107 odwag\u0119 w obliczu niewyobra\u017calnego.<\/p>\n\n\n\n<p>W\u0142adze lokalne zintensyfikowa\u0142y dzia\u0142ania zapobiegawcze, aby zmniejszy\u0107 ryzyko przysz\u0142ych wypadk\u00f3w na tej niebezpiecznej drodze. Kampanie informacyjne, kontrole i inicjatywy na rzecz bezpiecze\u0144stwa maj\u0105 na celu przypomnienie wszystkim, \u017ce droga zawsze wymaga czujno\u015bci i ostro\u017cno\u015bci. Mieszka\u0144cy maj\u0105 nadziej\u0119, \u017ce ta tragedia b\u0119dzie przestrog\u0105 i pomo\u017ce zapobiec kolejnym wypadkom.<\/p>\n\n\n\n<p>Ten wypadek na Sardynii pokazuje, jak \u017cycie mo\u017ce si\u0119 zmieni\u0107 w ci\u0105gu kilku sekund. Stra\u017cak zobaczy\u0142, jak jego powo\u0142anie i \u017cycie osobiste tragicznie si\u0119 splataj\u0105. Spo\u0142eczno\u015b\u0107, zszokowana, ale zjednoczona, stara si\u0119 zaoferowa\u0107 wsparcie i pocieszenie tym, kt\u00f3rzy pozostali. Pami\u0119\u0107 o ofiarach i si\u0142a ocala\u0142ych pozostaj\u0105&nbsp;<strong>wzruszaj\u0105cym \u015bwiadectwem<\/strong>&nbsp;odwagi i odporno\u015bci.<\/p>\n","protected":false},"excerpt":{"rendered":"W nocy 6 listopada Sardyni\u0119 dotkn\u0105\u0142 powa\u017cny wypadek drogowy. Na kr\u0119tej drodze zderzy\u0142o si\u0119 kilka pojazd\u00f3w, co doprowadzi\u0142o do tragicznego fina\u0142u. W\u015br\u00f3d ofiar \n<a class=\"moretag\" href=\"https:\/\/swiat24.pl.ua\/?p=19738\"> [...]<\/a>","protected":false},"author":1,"featured_media":19739,"comment_status":"open","ping_status":"open","sticky":false,"template":"","format":"standard","meta":{"footnotes":""},"categories":[1],"tags":[],"class_list":["post-19738","post","type-post","status-publish","format-standard","has-post-thumbnail","hentry","category-blog"],"_links":{"self":[{"href":"https:\/\/swiat24.pl.ua\/index.php?rest_route=\/wp\/v2\/posts\/19738","targetHints":{"allow":["GET"]}}],"collection":[{"href":"https:\/\/swiat24.pl.ua\/index.php?rest_route=\/wp\/v2\/posts"}],"about":[{"href":"https:\/\/swiat24.pl.ua\/index.php?rest_route=\/wp\/v2\/types\/post"}],"author":[{"embeddable":true,"href":"https:\/\/swiat24.pl.ua\/index.php?rest_route=\/wp\/v2\/users\/1"}],"replies":[{"embeddable":true,"href":"https:\/\/swiat24.pl.ua\/index.php?rest_route=%2Fwp%2Fv2%2Fcomments&post=19738"}],"version-history":[{"count":1,"href":"https:\/\/swiat24.pl.ua\/index.php?rest_route=\/wp\/v2\/posts\/19738\/revisions"}],"predecessor-version":[{"id":19740,"href":"https:\/\/swiat24.pl.ua\/index.php?rest_route=\/wp\/v2\/posts\/19738\/revisions\/19740"}],"wp:featuredmedia":[{"embeddable":true,"href":"https:\/\/swiat24.pl.ua\/index.php?rest_route=\/wp\/v2\/media\/19739"}],"wp:attachment":[{"href":"https:\/\/swiat24.pl.ua\/index.php?rest_route=%2Fwp%2Fv2%2Fmedia&parent=19738"}],"wp:term":[{"taxonomy":"category","embeddable":true,"href":"https:\/\/swiat24.pl.ua\/index.php?rest_route=%2Fwp%2Fv2%2Fcategories&post=19738"},{"taxonomy":"post_tag","embeddable":true,"href":"https:\/\/swiat24.pl.ua\/index.php?rest_route=%2Fwp%2Fv2%2Ftags&post=19738"}],"curies":[{"name":"wp","href":"https:\/\/api.w.org\/{rel}","templated":true}]}}