{"id":19731,"date":"2025-12-22T17:52:26","date_gmt":"2025-12-22T17:52:26","guid":{"rendered":"https:\/\/swiat24.pl.ua\/?p=19731"},"modified":"2025-12-22T17:52:26","modified_gmt":"2025-12-22T17:52:26","slug":"czy-warto-przechowywac-prochy-bliskiej-osoby-w-domu-delikatne-wskazowki-dla-osob-ktore-chca-podjac-decyzje","status":"publish","type":"post","link":"https:\/\/swiat24.pl.ua\/?p=19731","title":{"rendered":"Czy warto przechowywa\u0107 prochy bliskiej osoby w domu? Delikatne wskaz\u00f3wki dla os\u00f3b, kt\u00f3re chc\u0105 podj\u0105\u0107 decyzj\u0119"},"content":{"rendered":"\n<h1 class=\"wp-block-heading\"><strong>Smutek cz\u0119sto pojawia si\u0119 niespodziewanie, subtelnie zmieniaj\u0105c nastr\u00f3j domownik\u00f3w i tempo codziennych czynno\u015bci.<\/strong><\/h1>\n\n\n\n<p>W tej cichej zmianie wiele rodzin staje przed intymnym pytaniem: czy przechowywa\u0107 prochy bliskiej osoby w domu?<\/p>\n\n\n\n<p>Wraz z rosn\u0105c\u0105 popularno\u015bci\u0105 kremacji, decyzja ta pojawia si\u0119 coraz cz\u0119\u015bciej \u2013 cz\u0119sto w pierwszych dniach po stracie, gdy emocje s\u0105 intensywne, a potrzeba pocieszenia natychmiastowa.<\/p>\n\n\n\n<p>Nie ma jednego s\u0142usznego wyboru, tylko to, co wydaje si\u0119 szczere, pe\u0142ne szacunku i emocjonalnego wsparcia w czasie, gdy jasno\u015b\u0107 umys\u0142u mo\u017ce wydawa\u0107 si\u0119 nieosi\u0105galna.<\/p>\n\n\n\n<h1 class=\"wp-block-heading\"><strong>Dla niekt\u00f3rych przechowywanie proch\u00f3w w pobli\u017cu daje poczucie spokoju i trwa\u0142ej wi\u0119zi.<\/strong><\/h1>\n\n\n\n<p>Umieszczenie urny w starannie wybranym miejscu \u2013 na przyk\u0142ad obok zdj\u0119\u0107 lub cennych przedmiot\u00f3w \u2013 mo\u017ce stworzy\u0107 subtelny, centralny punkt pami\u0119ci i mi\u0142o\u015bci. Ta opcja mo\u017ce by\u0107 szczeg\u00f3lnie koj\u0105ca dla os\u00f3b pogr\u0105\u017conych w \u017ca\u0142obie po partnerze, rodzicu lub towarzyszu \u017cycia. Inni jednak kieruj\u0105 si\u0119 warto\u015bciami kulturowymi lub duchowymi, kt\u00f3re sprzyjaj\u0105 zwr\u00f3ceniu proch\u00f3w naturze lub umieszczeniu ich w wyznaczonym miejscu pami\u0119ci. Tradycje te nie maj\u0105 na celu unikni\u0119cia \u017ca\u0142oby, lecz pomoc w jej przej\u015bciu w spos\u00f3b odzwierciedlaj\u0105cy g\u0142\u0119boko zakorzenione przekonania i drog\u0119 do akceptacji.<\/p>\n\n\n\n<figure class=\"wp-block-image\"><img decoding=\"async\" src=\"https:\/\/kaylestore.b-cdn.net\/wp-content\/uploads\/2025\/12\/Ceramic_urn_for_ashes._Blog_Article_-_Best_Ideas_for_keeping_urns_at_homee-300x200.webp\" alt=\"\" class=\"wp-image-30732\"\/><\/figure>\n\n\n\n<p>Perspektywy religijne r\u00f3wnie\u017c wp\u0142ywaj\u0105 na ten wyb\u00f3r na r\u00f3\u017cne sposoby. Wiele grup chrze\u015bcija\u0144skich uznaje obecnie kremacj\u0119 za dopuszczaln\u0105, cho\u0107 niekt\u00f3re tradycje, takie jak katolicyzm, zazwyczaj zalecaj\u0105 spoczynek proch\u00f3w w miejscu \u015bwi\u0119tym, takim jak cmentarz czy kolumbarium. Inne religie koncentruj\u0105 si\u0119 mniej na miejscu przechowywania proch\u00f3w, a bardziej na szacunku i intencji okazywanych zmar\u0142emu. Wsp\u00f3lnym mianownikiem wszystkich system\u00f3w wierze\u0144 jest godno\u015b\u0107 \u2013 pami\u0119\u0107 o zmar\u0142ym z trosk\u0105, czci\u0105 i znaczeniem wykraczaj\u0105cym poza fizyczn\u0105 blisko\u015b\u0107.<\/p>\n\n\n\n<h1 class=\"wp-block-heading\"><strong>Czynniki emocjonalne i praktyczne s\u0105 r\u00f3wnie wa\u017cne.<\/strong><\/h1>\n\n\n\n<p>Specjali\u015bci ds. \u017ca\u0142oby cz\u0119sto radz\u0105 zastanowi\u0107 si\u0119, czy posiadanie proch\u00f3w w domu przynosi ukojenie, czy te\u017c po cichu pog\u0142\u0119bia b\u00f3l z czasem. Niekt\u00f3rym pomaga w gojeniu ran; dla innych mo\u017ce z czasem wydawa\u0107 si\u0119 ci\u0119\u017carem. Istnieje wiele znacz\u0105cych alternatyw \u2013 stworzenie ogrodu pami\u0119ci, zorganizowanie ceremonii upami\u0119tniaj\u0105cej, dzielenie si\u0119 pami\u0105tkami z bliskimi lub uczczenie ich pami\u0119ci poprzez cele charytatywne. Ostatecznie w\u0142a\u015bciwa decyzja to ta, kt\u00f3ra opiera si\u0119 na wsp\u00f3\u0142czuciu i osobistym uzdrowieniu. Niezale\u017cnie od tego, jak zdecydujesz si\u0119 upami\u0119tni\u0107 kogo\u015b, kogo kochasz, najwa\u017cniejsze jest, aby wyb\u00f3r ten by\u0142 podyktowany trosk\u0105 \u2013 i aby delikatnie otworzy\u0142 drzwi do powrotu spokoju we w\u0142a\u015bciwym czasie.<\/p>\n","protected":false},"excerpt":{"rendered":"Smutek cz\u0119sto pojawia si\u0119 niespodziewanie, subtelnie zmieniaj\u0105c nastr\u00f3j domownik\u00f3w i tempo codziennych czynno\u015bci. W tej cichej zmianie wiele rodzin staje przed intymnym pytaniem: \n<a class=\"moretag\" href=\"https:\/\/swiat24.pl.ua\/?p=19731\"> [...]<\/a>","protected":false},"author":1,"featured_media":19732,"comment_status":"open","ping_status":"open","sticky":false,"template":"","format":"standard","meta":{"footnotes":""},"categories":[1],"tags":[],"class_list":["post-19731","post","type-post","status-publish","format-standard","has-post-thumbnail","hentry","category-blog"],"_links":{"self":[{"href":"https:\/\/swiat24.pl.ua\/index.php?rest_route=\/wp\/v2\/posts\/19731","targetHints":{"allow":["GET"]}}],"collection":[{"href":"https:\/\/swiat24.pl.ua\/index.php?rest_route=\/wp\/v2\/posts"}],"about":[{"href":"https:\/\/swiat24.pl.ua\/index.php?rest_route=\/wp\/v2\/types\/post"}],"author":[{"embeddable":true,"href":"https:\/\/swiat24.pl.ua\/index.php?rest_route=\/wp\/v2\/users\/1"}],"replies":[{"embeddable":true,"href":"https:\/\/swiat24.pl.ua\/index.php?rest_route=%2Fwp%2Fv2%2Fcomments&post=19731"}],"version-history":[{"count":1,"href":"https:\/\/swiat24.pl.ua\/index.php?rest_route=\/wp\/v2\/posts\/19731\/revisions"}],"predecessor-version":[{"id":19733,"href":"https:\/\/swiat24.pl.ua\/index.php?rest_route=\/wp\/v2\/posts\/19731\/revisions\/19733"}],"wp:featuredmedia":[{"embeddable":true,"href":"https:\/\/swiat24.pl.ua\/index.php?rest_route=\/wp\/v2\/media\/19732"}],"wp:attachment":[{"href":"https:\/\/swiat24.pl.ua\/index.php?rest_route=%2Fwp%2Fv2%2Fmedia&parent=19731"}],"wp:term":[{"taxonomy":"category","embeddable":true,"href":"https:\/\/swiat24.pl.ua\/index.php?rest_route=%2Fwp%2Fv2%2Fcategories&post=19731"},{"taxonomy":"post_tag","embeddable":true,"href":"https:\/\/swiat24.pl.ua\/index.php?rest_route=%2Fwp%2Fv2%2Ftags&post=19731"}],"curies":[{"name":"wp","href":"https:\/\/api.w.org\/{rel}","templated":true}]}}