{"id":19723,"date":"2025-12-22T15:50:40","date_gmt":"2025-12-22T15:50:40","guid":{"rendered":"https:\/\/swiat24.pl.ua\/?p=19723"},"modified":"2025-12-22T15:50:40","modified_gmt":"2025-12-22T15:50:40","slug":"pograzona-w-smutku-katarzyna-dowbor-przekazala-smutne-wiesci","status":"publish","type":"post","link":"https:\/\/swiat24.pl.ua\/?p=19723","title":{"rendered":"Pogr\u0105\u017cona w smutku Katarzyna Dowbor przekaza\u0142a smutne wie\u015bci"},"content":{"rendered":"\n<p>Znana prezenterka i dziennikarka, Katarzyna Dowbor, pojawi\u0142a si\u0119 publicznie w stanie g\u0142\u0119bokiego przygn\u0119bienia, by podzieli\u0107 si\u0119 z fanami i mediami bolesn\u0105 informacj\u0105.<\/p>\n\n\n\n<p> Jej zwykle promienna i pe\u0142na energii twarz by\u0142a naznaczona cierpieniem, a w g\u0142osie wyczuwa\u0142o si\u0119 dr\u017cenie, gdy przemawia\u0142a do kamery.<\/p>\n\n\n\n<p>Smutna wiadomo\u015b\u0107 dotyczy \u015bmierci jej ukochanej matki, kt\u00f3ra odesz\u0142a po d\u0142ugiej i ci\u0119\u017ckiej chorobie. W swoim poruszaj\u0105cym o\u015bwiadczeniu Katarzyna opisa\u0142a matk\u0119 jako osob\u0119 niezwyk\u0142ej dobroci, swoj\u0105 najwi\u0119ksz\u0105 opok\u0119 i pierwsza fank\u0119, kt\u00f3ra zawsze wspiera\u0142a j\u0105 w karierze, niezale\u017cnie od okoliczno\u015bci. <\/p>\n\n\n\n<p>To w\u0142a\u015bnie matce zawdzi\u0119cza\u0142a si\u0142\u0119 charakteru i \u017cyciowy optymizm, kt\u00f3ry przez lata dzieli\u0142a si\u0119 z widzami.<\/p>\n\n\n\n<p>\u201cStraci\u0142am sw\u00f3j najwi\u0119kszy skarb, sw\u00f3j dom i swoje bezpieczne schronienie\u201d \u2013 wyzna\u0142a ze \u0142zami w oczach. Prezenterka podkre\u015bli\u0142a, \u017ce ostatnie miesi\u0105ce by\u0142y okresem trudnej walki, w kt\u00f3rej towarzyszy\u0142a matce do samego ko\u0144ca, rezygnuj\u0105c cz\u0119\u015bciowo z obowi\u0105zk\u00f3w zawodowych, by by\u0107 przy niej. Mimo przygotowania na nieuniknione, b\u00f3l okaza\u0142 si\u0119 nie do opisania.<\/p>\n\n\n\n<p>Katarzyna Dowbor podzi\u0119kowa\u0142a r\u00f3wnie\u017c personelowi medycznemu za opiek\u0119 i wsparcie, a tak\u017ce bliskim przyjacio\u0142om, kt\u00f3rzy nie opu\u015bcili jej w tych ci\u0119\u017ckich chwilach. Poprosi\u0142a jednocze\u015bnie o wyrozumia\u0142o\u015b\u0107 i szczypt\u0119 prywatno\u015bci dla siebie i rodziny, by mogli w spokoju prze\u017cy\u0107 czas \u017ca\u0142oby i po\u017cegna\u0107 najbli\u017csz\u0105 im osob\u0119.<\/p>\n\n\n\n<p>Wiadomo\u015b\u0107 ta g\u0142\u0119boko poruszy\u0142a nie tylko \u015brodowisko medialne, ale tak\u017ce rzesze wiernych widz\u00f3w, kt\u00f3rzy od lat towarzysz\u0105 prezenterce na ekranach. Pod wpisem z og\u0142oszeniem w mediach spo\u0142eczno\u015bciowych natychmiast zacz\u0119\u0142y gromadzi\u0107 si\u0119 tysi\u0105ce wyraz\u00f3w wsp\u00f3\u0142czucia i wsparcia od fan\u00f3w, wsp\u00f3\u0142pracownik\u00f3w oraz innych znanych osobisto\u015bci polskiego show-businessu.<\/p>\n\n\n\n<p>Katarzyna Dowbor, cho\u0107 pogr\u0105\u017cona w smutku, znalaz\u0142a w sobie si\u0142\u0119, by poinformowa\u0107 o stracie w spos\u00f3b bezpo\u015bredni i szczery, co spotka\u0142o si\u0119 z ogromnym szacunkiem. Jej b\u00f3l jest udzia\u0142em wszystkich, kt\u00f3rzy kiedykolwiek do\u015bwiadczyli podobnej straty. W tych trudnych chwilach ca\u0142a spo\u0142eczno\u015b\u0107 trzyma za ni\u0105 kciuki i przekazuje wyrazy najg\u0142\u0119bszego wsp\u00f3\u0142czucia, \u017cycz\u0105c jej i rodzinie si\u0142y do przetrwania tego najci\u0119\u017cszego okresu.<\/p>\n","protected":false},"excerpt":{"rendered":"Znana prezenterka i dziennikarka, Katarzyna Dowbor, pojawi\u0142a si\u0119 publicznie w stanie g\u0142\u0119bokiego przygn\u0119bienia, by podzieli\u0107 si\u0119 z fanami i mediami bolesn\u0105 informacj\u0105. Jej \n<a class=\"moretag\" href=\"https:\/\/swiat24.pl.ua\/?p=19723\"> [...]<\/a>","protected":false},"author":1,"featured_media":19724,"comment_status":"open","ping_status":"open","sticky":false,"template":"","format":"standard","meta":{"footnotes":""},"categories":[1],"tags":[],"class_list":["post-19723","post","type-post","status-publish","format-standard","has-post-thumbnail","hentry","category-blog"],"_links":{"self":[{"href":"https:\/\/swiat24.pl.ua\/index.php?rest_route=\/wp\/v2\/posts\/19723","targetHints":{"allow":["GET"]}}],"collection":[{"href":"https:\/\/swiat24.pl.ua\/index.php?rest_route=\/wp\/v2\/posts"}],"about":[{"href":"https:\/\/swiat24.pl.ua\/index.php?rest_route=\/wp\/v2\/types\/post"}],"author":[{"embeddable":true,"href":"https:\/\/swiat24.pl.ua\/index.php?rest_route=\/wp\/v2\/users\/1"}],"replies":[{"embeddable":true,"href":"https:\/\/swiat24.pl.ua\/index.php?rest_route=%2Fwp%2Fv2%2Fcomments&post=19723"}],"version-history":[{"count":1,"href":"https:\/\/swiat24.pl.ua\/index.php?rest_route=\/wp\/v2\/posts\/19723\/revisions"}],"predecessor-version":[{"id":19725,"href":"https:\/\/swiat24.pl.ua\/index.php?rest_route=\/wp\/v2\/posts\/19723\/revisions\/19725"}],"wp:featuredmedia":[{"embeddable":true,"href":"https:\/\/swiat24.pl.ua\/index.php?rest_route=\/wp\/v2\/media\/19724"}],"wp:attachment":[{"href":"https:\/\/swiat24.pl.ua\/index.php?rest_route=%2Fwp%2Fv2%2Fmedia&parent=19723"}],"wp:term":[{"taxonomy":"category","embeddable":true,"href":"https:\/\/swiat24.pl.ua\/index.php?rest_route=%2Fwp%2Fv2%2Fcategories&post=19723"},{"taxonomy":"post_tag","embeddable":true,"href":"https:\/\/swiat24.pl.ua\/index.php?rest_route=%2Fwp%2Fv2%2Ftags&post=19723"}],"curies":[{"name":"wp","href":"https:\/\/api.w.org\/{rel}","templated":true}]}}