{"id":19604,"date":"2025-12-20T13:40:12","date_gmt":"2025-12-20T13:40:12","guid":{"rendered":"https:\/\/swiat24.pl.ua\/?p=19604"},"modified":"2025-12-20T13:40:12","modified_gmt":"2025-12-20T13:40:12","slug":"tragedia-w-norwegii-francuski-autobus-wpadl-do-jeziora-ocaleni-w-szoku","status":"publish","type":"post","link":"https:\/\/swiat24.pl.ua\/?p=19604","title":{"rendered":"Tragedia w Norwegii: francuski autobus wpad\u0142 do jeziora, ocaleni w szoku"},"content":{"rendered":"\n<h2 class=\"wp-block-heading\">Prawdziwy koszmar (1\/10)<\/h2>\n\n\n\n<p>To by\u0142 koszmarny koniec roku dla tych turyst\u00f3w.<\/p>\n\n\n\n<p>Cho\u0107 mieli nadziej\u0119 odwiedzi\u0107 Laponi\u0119, podczas podr\u00f3\u017cy do Norwegii prze\u017cyli prawdziwy koszmar.<\/p>\n\n\n\n<p>Autobus, kt\u00f3rym podr\u00f3\u017cowali, wpad\u0142 do jeziora w czwartek, 26 grudnia 2024 roku.<\/p>\n\n\n\n<figure class=\"wp-block-image\"><img decoding=\"async\" src=\"https:\/\/celebfrance.org\/wp-content\/uploads\/2025\/02\/1-121-750x394.jpg\" alt=\"\"\/><\/figure>\n\n\n\n<p>\u00a9 Shutterstock<\/p>\n\n\n\n<h2 class=\"wp-block-heading\">Policja ujawnia informacje o zdarzeniu (2\/10)<\/h2>\n\n\n\n<p>\u201eWiadomo\u015bci te poruszaj\u0105 wszystkich. Wielu pasa\u017cer\u00f3w autobusu to obcokrajowcy\u201d \u2013 poinformowa\u0142o Biuro Szeryfa Hrabstwa Nordland w o\u015bwiadczeniu.<\/p>\n\n\n\n<figure class=\"wp-block-image\"><img decoding=\"async\" src=\"https:\/\/celebfrance.org\/wp-content\/uploads\/2025\/02\/2-127-750x394.jpg\" alt=\"\"\/><\/figure>\n\n\n\n<p>\u00a9 Shutterstock<\/p>\n\n\n\n<h2 class=\"wp-block-heading\">Zg\u0142oszono trzy zgony (3\/10)<\/h2>\n\n\n\n<p>W wypadku zgin\u0119\u0142y trzy osoby w autobusie. To tragiczna liczba, ale mog\u0142a by\u0107 jeszcze wi\u0119ksza, poniewa\u017c pojazd przewozi\u0142 58 os\u00f3b.&nbsp;<\/p>\n\n\n\n<figure class=\"wp-block-image\"><img decoding=\"async\" src=\"https:\/\/celebfrance.org\/wp-content\/uploads\/2025\/02\/3-110-750x394.jpg\" alt=\"\"\/><\/figure>\n\n\n\n<p>\u00a9 Shutterstock<\/p>\n\n\n\n<h2 class=\"wp-block-heading\">Kilku Francuz\u00f3w na pok\u0142adzie (4\/10)<\/h2>\n\n\n\n<p>Kiedy autobus wpad\u0142 do jeziora, po\u0142owa pojazdu by\u0142a ca\u0142kowicie zanurzona. Wed\u0142ug lokalnych w\u0142adz, na pok\u0142adzie znajdowa\u0142o si\u0119 wielu zagranicznych turyst\u00f3w, w tym kilku obywateli Francji.<\/p>\n\n\n\n<figure class=\"wp-block-image\"><img decoding=\"async\" src=\"https:\/\/celebfrance.org\/wp-content\/uploads\/2025\/02\/4-104-1024x538.jpg\" alt=\"\"\/><\/figure>\n\n\n\n<p>\u00a9 Shutterstock<\/p>\n\n\n\n<h2 class=\"wp-block-heading\">Wiele narodowo\u015bci (5\/10)<\/h2>\n\n\n\n<p>Opr\u00f3cz Norweg\u00f3w w wyprawie wzi\u0119li udzia\u0142 r\u00f3wnie\u017c tury\u015bci z ca\u0142ego \u015bwiata, m.in. z Chin, Singapuru, Indii, Malezji, Holandii, Sudanu Po\u0142udniowego i oczywi\u015bcie z Francji.<\/p>\n\n\n\n<figure class=\"wp-block-image\"><img decoding=\"async\" src=\"https:\/\/celebfrance.org\/wp-content\/uploads\/2025\/02\/5-102-1024x538.jpg\" alt=\"\"\/><\/figure>\n\n\n\n<p>\u00a9 Shutterstock<\/p>\n\n\n\n<h2 class=\"wp-block-heading\">Trudno\u015bci w sporz\u0105dzeniu listy ofiar (6\/10)<\/h2>\n\n\n\n<p>Bent Are Eilertsen, oficer policji okr\u0119gu Nordland, wyja\u015bni\u0142, \u017ce sporz\u0105dzenie pe\u0142nej listy pasa\u017cer\u00f3w autobusu by\u0142o skomplikowane w\u0142a\u015bnie ze wzgl\u0119du na mnogo\u015b\u0107 narodowo\u015bci obecnych w \u015brodku.&nbsp;<\/p>\n\n\n\n<figure class=\"wp-block-image\"><img decoding=\"async\" src=\"https:\/\/celebfrance.org\/wp-content\/uploads\/2025\/02\/6-99-1024x538.jpg\" alt=\"\"\/><\/figure>\n\n\n\n<p>\u00a9 Shutterstock<\/p>\n\n\n\n<h2 class=\"wp-block-heading\">S\u0142u\u017cby ratunkowe przyby\u0142y oko\u0142o godziny 13:30 (7\/10)<\/h2>\n\n\n\n<p>Wed\u0142ug informacji podanych przez Paris Match, w pobli\u017cu cie\u015bniny Raftsundet, kt\u00f3ra oddziela archipelagi Lofot\u00f3w i Vester\u00e5len, w miejscu tragedii s\u0142u\u017cby ratunkowe mog\u0142y interweniowa\u0107 oko\u0142o godziny 13:30.<\/p>\n\n\n\n<figure class=\"wp-block-image\"><img decoding=\"async\" src=\"https:\/\/celebfrance.org\/wp-content\/uploads\/2025\/02\/7-98-1024x538.jpg\" alt=\"\"\/><\/figure>\n\n\n\n<p>\u00a9 Shutterstock<\/p>\n\n\n\n<h2 class=\"wp-block-heading\">Pasa\u017cerowie, kt\u00f3rzy wysiedli z autobusu (8\/10)<\/h2>\n\n\n\n<p>Na szcz\u0119\u015bcie, opr\u00f3cz trzech poszkodowanych, pozosta\u0142ym pasa\u017cerom uda\u0142o si\u0119 opu\u015bci\u0107 autobus i zostali skierowani do pobliskiej szko\u0142y.<\/p>\n\n\n\n<figure class=\"wp-block-image\"><img decoding=\"async\" src=\"https:\/\/celebfrance.org\/wp-content\/uploads\/2025\/02\/8-95-1024x538.jpg\" alt=\"\"\/><\/figure>\n\n\n\n<p>\u00a9 Shutterstock<\/p>\n\n\n\n<h2 class=\"wp-block-heading\">Trudne warunki pogodowe (9\/10)<\/h2>\n\n\n\n<p>Wed\u0142ug policji, kilka czynnik\u00f3w mo\u017ce t\u0142umaczy\u0107 ten tragiczny wypadek. Pogoda w ostatnich dniach by\u0142a wyj\u0105tkowo trudna.&nbsp;&nbsp;<em>\u201eWarunki pogodowe w tym rejonie by\u0142y z\u0142e, a silne porywy wiatru utrudnia\u0142y akcj\u0119 ratunkow\u0105<\/em>&nbsp;\u201d \u2013 poinformowa\u0142a policja.<\/p>\n\n\n\n<figure class=\"wp-block-image\"><img decoding=\"async\" src=\"https:\/\/celebfrance.org\/wp-content\/uploads\/2025\/02\/9-92-1024x538.jpg\" alt=\"\"\/><\/figure>\n\n\n\n<p>\u00a9 Shutterstock<\/p>\n\n\n\n<h2 class=\"wp-block-heading\">Priorytet w opiece nad ofiarami (10\/10)<\/h2>\n\n\n\n<p>Priorytetem policji b\u0119dzie teraz udzielenie pomocy osobom poszkodowanym w wypadku. Rozpocznie si\u0119 \u015bledztwo w celu ustalenia dok\u0142adnych okoliczno\u015bci, kt\u00f3re doprowadzi\u0142y do \u200b\u200btej tragedii. Miejmy nadziej\u0119, \u017ce ofiary wkr\u00f3tce b\u0119d\u0105 mog\u0142y wr\u00f3ci\u0107 do swoich kraj\u00f3w i zostawi\u0107 za sob\u0105 te tragiczne \u015bwi\u0119ta Bo\u017cego Narodzenia w 2024 roku.<\/p>\n\n\n\n<figure class=\"wp-block-image\"><img decoding=\"async\" src=\"https:\/\/celebfrance.org\/wp-content\/uploads\/2025\/02\/10-94-1024x538.jpg\" alt=\"\"\/><\/figure>\n\n\n\n<p>\u00a9 Shutterstock<\/p>\n\n\n\n<p>W czwartek, 26 grudnia 2024 roku, w Norwegii dosz\u0142o do tragedii. Autobus przewo\u017c\u0105cy 58 os\u00f3b, w tym obywateli Francji, wpad\u0142 do jeziora. W wypadku zgin\u0119\u0142y trzy osoby.<\/p>\n","protected":false},"excerpt":{"rendered":"Prawdziwy koszmar (1\/10) To by\u0142 koszmarny koniec roku dla tych turyst\u00f3w. Cho\u0107 mieli nadziej\u0119 odwiedzi\u0107 Laponi\u0119, podczas podr\u00f3\u017cy do Norwegii prze\u017cyli prawdziwy koszmar. \n<a class=\"moretag\" href=\"https:\/\/swiat24.pl.ua\/?p=19604\"> [...]<\/a>","protected":false},"author":1,"featured_media":19605,"comment_status":"open","ping_status":"open","sticky":false,"template":"","format":"standard","meta":{"footnotes":""},"categories":[1],"tags":[],"class_list":["post-19604","post","type-post","status-publish","format-standard","has-post-thumbnail","hentry","category-blog"],"_links":{"self":[{"href":"https:\/\/swiat24.pl.ua\/index.php?rest_route=\/wp\/v2\/posts\/19604","targetHints":{"allow":["GET"]}}],"collection":[{"href":"https:\/\/swiat24.pl.ua\/index.php?rest_route=\/wp\/v2\/posts"}],"about":[{"href":"https:\/\/swiat24.pl.ua\/index.php?rest_route=\/wp\/v2\/types\/post"}],"author":[{"embeddable":true,"href":"https:\/\/swiat24.pl.ua\/index.php?rest_route=\/wp\/v2\/users\/1"}],"replies":[{"embeddable":true,"href":"https:\/\/swiat24.pl.ua\/index.php?rest_route=%2Fwp%2Fv2%2Fcomments&post=19604"}],"version-history":[{"count":1,"href":"https:\/\/swiat24.pl.ua\/index.php?rest_route=\/wp\/v2\/posts\/19604\/revisions"}],"predecessor-version":[{"id":19606,"href":"https:\/\/swiat24.pl.ua\/index.php?rest_route=\/wp\/v2\/posts\/19604\/revisions\/19606"}],"wp:featuredmedia":[{"embeddable":true,"href":"https:\/\/swiat24.pl.ua\/index.php?rest_route=\/wp\/v2\/media\/19605"}],"wp:attachment":[{"href":"https:\/\/swiat24.pl.ua\/index.php?rest_route=%2Fwp%2Fv2%2Fmedia&parent=19604"}],"wp:term":[{"taxonomy":"category","embeddable":true,"href":"https:\/\/swiat24.pl.ua\/index.php?rest_route=%2Fwp%2Fv2%2Fcategories&post=19604"},{"taxonomy":"post_tag","embeddable":true,"href":"https:\/\/swiat24.pl.ua\/index.php?rest_route=%2Fwp%2Fv2%2Ftags&post=19604"}],"curies":[{"name":"wp","href":"https:\/\/api.w.org\/{rel}","templated":true}]}}